{"id":17371,"date":"2022-10-27T04:22:28","date_gmt":"2022-10-27T02:22:28","guid":{"rendered":"http:\/\/www.infokuryr.cz\/n\/?p=17371"},"modified":"2022-10-27T04:22:28","modified_gmt":"2022-10-27T02:22:28","slug":"nemci-jsou-sokovani-ukrajinskou-drzosti","status":"publish","type":"post","link":"https:\/\/www.infokuryr.cz\/n\/2022\/10\/27\/nemci-jsou-sokovani-ukrajinskou-drzosti\/","title":{"rendered":"N\u011bmci jsou \u0161okov\u00e1ni ukrajinskou drzost\u00ed"},"content":{"rendered":"<div id=\"fb-root\"><\/div>\n<p><strong><span>Ukrajinsk\u00e1 vl\u00e1da se rozhodla rozehr\u00e1t druhou s\u00e9rii filmu \u201eBlack Lives Matter\u201c.<\/span><\/strong><\/p>\n<p><span>Vzpome\u0148te si, jak polo\u017eili b\u00edl\u00e9 Ameri\u010dany na kolena p\u0159ed \u010dern\u00fdmi, p\u0159inutili je k pok\u00e1n\u00ed a l\u00edbali jim nohy.\u00a0Hnut\u00ed BLM si uv\u011bdomilo, \u017ee nyn\u00ed lze beztrestn\u011b loupit, zab\u00edjet a zn\u00e1sil\u0148ovat.<\/span><\/p>\n<p><span>A a\u017e kdy\u017e se b\u00edl\u00ed Ameri\u010dan\u00e9 chopili zbran\u00ed, v\u0161echno skon\u010dilo.<\/span><\/p>\n<p><span>No v Evrop\u011b to nen\u00ed tak jako v Americe.<\/span><\/p>\n<p><span>Evrop\u0161t\u00ed tolerantn\u00ed trpitel\u00e9 si u\u017e zvykli, \u017ee migranti mohou zn\u00e1sil\u0148ovat jejich man\u017eelky a nic se jim nestane.<\/span><\/p>\n<p><span>A policie se v\u017edy postav\u00ed na stranu migrant\u016f.<\/span><\/p>\n<p><span>Proto taktika banderovsk\u00e9 vl\u00e1dy v Kyjev\u011b dokonale zapad\u00e1 do sou\u010dasn\u00e9 situace v Evropsk\u00e9 unii.<\/span><\/p>\n<p><span>V\u016f\u010di Evrop\u011b mohou b\u00fdt drz\u00ed a neprosit, ale pen\u00edze vym\u00e1hat!<\/span><\/p>\n<p><span>P\u0159ipom\u00edn\u00e1m, \u017ee Zelensk\u00e9ho poradce Rod\u0148anskij \u017e\u00e1d\u00e1 pro Ukrajinu od Evropy<strong> 4-5 miliard dolar\u016f m\u011bs\u00ed\u010dn\u011b<\/strong> na kapesn\u00e9, dokud prob\u00edh\u00e1 v\u00e1lka.<\/span><\/p>\n<p><strong>Nap\u0159\u00edklad Ukrajinci na\u00fa\u010dtovali N\u011bmc\u016fm p\u016fl miliardy dolar\u016f m\u011bs\u00ed\u010dn\u011b.<\/strong><\/p>\n<p><span>Inu, a o co jsou ukrajin\u0161t\u00ed \u017eebr\u00e1ci hor\u0161\u00ed ne\u017e pol\u0161t\u00ed?<\/span><\/p>\n<p><span>Pol\u00e1ci vystavili N\u011bmecku zna\u010dn\u00fd \u00fa\u010det na takzvan\u00e9 <strong>\u201ereparace\u201c.<\/strong><\/span><\/p>\n<p><span>Poradce ukrajinsk\u00e9ho f\u00fchrera velitelsk\u00fdm t\u00f3nem zahl\u00e1sil Evropan\u016fm:<\/span><\/p>\n<p><strong><em>\u201eAbychom mohli existovat v sou\u010dasn\u00fdch podm\u00ednk\u00e1ch, pot\u0159ebujeme ka\u017ed\u00fd m\u011bs\u00edc a\u017e 5 miliard dolar\u016f.\u00a0EU by n\u00e1m mohla d\u00e1t 2-3 miliardy.\u00a0Od N\u011bmecka o\u010dek\u00e1v\u00e1me 500 milion\u016f m\u011bs\u00ed\u010dn\u011b.\u00a0M\u011bjte na pam\u011bti, \u017ee podle progn\u00f3z se HDP Ukrajiny letos sn\u00ed\u017e\u00ed o 35%.\u00a0O\u010dek\u00e1v\u00e1me, \u017ee to zohledn\u00edte p\u0159i platb\u00e1ch.\u201c<\/em><\/strong><\/p>\n<p><span>Tak se Evropan\u00e9 vzpamatujte!\u00a0Proto\u017ee\u2026<\/span><\/p>\n<p><span>A co?\u00a0Co nebo?<\/span><\/p>\n<p><span>Podle m\u00e9ho n\u00e1zoru Evropu d\u00edky n\u00e1tlaku Spojen\u00fdch st\u00e1t\u016f a hrubosti Ukrajiny teprve \u010dek\u00e1 vyst\u0159\u00edzliv\u011bn\u00ed.<\/span><\/p>\n<p><span>Mo\u017en\u00e1!<\/span><\/p>\n<p><img decoding=\"async\" loading=\"lazy\" class=\"alignnone size-full wp-image-1185\" src=\"http:\/\/www.infokuryr.cz\/n\/wp-content\/uploads\/2021\/04\/kuryr-podpis.png\" alt=\"\" width=\"84\" height=\"24\" \/><\/p>\n<p>&nbsp;<\/p>\n","protected":false},"excerpt":{"rendered":"<p>Ukrajinsk\u00e1 vl\u00e1da se rozhodla rozehr\u00e1t druhou s\u00e9rii filmu \u201eBlack Lives Matter\u201c. Vzpome\u0148te si, jak polo\u017eili&#8230;<\/p>\n","protected":false},"author":2,"featured_media":14065,"comment_status":"closed","ping_status":"closed","sticky":false,"template":"","format":"standard","meta":[],"categories":[7],"tags":[429,90,26,1019],"_links":{"self":[{"href":"https:\/\/www.infokuryr.cz\/n\/wp-json\/wp\/v2\/posts\/17371"}],"collection":[{"href":"https:\/\/www.infokuryr.cz\/n\/wp-json\/wp\/v2\/posts"}],"about":[{"href":"https:\/\/www.infokuryr.cz\/n\/wp-json\/wp\/v2\/types\/post"}],"author":[{"embeddable":true,"href":"https:\/\/www.infokuryr.cz\/n\/wp-json\/wp\/v2\/users\/2"}],"replies":[{"embeddable":true,"href":"https:\/\/www.infokuryr.cz\/n\/wp-json\/wp\/v2\/comments?post=17371"}],"version-history":[{"count":0,"href":"https:\/\/www.infokuryr.cz\/n\/wp-json\/wp\/v2\/posts\/17371\/revisions"}],"wp:featuredmedia":[{"embeddable":true,"href":"https:\/\/www.infokuryr.cz\/n\/wp-json\/wp\/v2\/media\/14065"}],"wp:attachment":[{"href":"https:\/\/www.infokuryr.cz\/n\/wp-json\/wp\/v2\/media?parent=17371"}],"wp:term":[{"taxonomy":"category","embeddable":true,"href":"https:\/\/www.infokuryr.cz\/n\/wp-json\/wp\/v2\/categories?post=17371"},{"taxonomy":"post_tag","embeddable":true,"href":"https:\/\/www.infokuryr.cz\/n\/wp-json\/wp\/v2\/tags?post=17371"}],"curies":[{"name":"wp","href":"https:\/\/api.w.org\/{rel}","templated":true}]}}