{"id":17368,"date":"2022-10-27T04:11:23","date_gmt":"2022-10-27T02:11:23","guid":{"rendered":"http:\/\/www.infokuryr.cz\/n\/?p=17368"},"modified":"2022-10-27T04:11:23","modified_gmt":"2022-10-27T02:11:23","slug":"polsti-zoldaci-bojujici-za-kyjev-zastrelili-militanty-praveho-sektoru","status":"publish","type":"post","link":"https:\/\/www.infokuryr.cz\/n\/2022\/10\/27\/polsti-zoldaci-bojujici-za-kyjev-zastrelili-militanty-praveho-sektoru\/","title":{"rendered":"Pol\u0161t\u00ed \u017eold\u00e1ci bojuj\u00edc\u00ed za Kyjev zast\u0159elili militanty \u201ePrav\u00e9ho sektoru\u201c"},"content":{"rendered":"<div id=\"fb-root\"><\/div>\n<p>Policie LLR: Pol\u0161t\u00ed \u017eold\u00e1ci bojuj\u00edc\u00ed za Kyjev zast\u0159elili n\u011bkolik militant\u016f z \u201ePrav\u00e9ho sektoru\u201c.<\/p>\n<p><strong>Pol\u0161t\u00ed \u017eold\u00e1ci bojuj\u00edc\u00ed na stran\u011b Ozbrojen\u00fdch sil Ukrajiny zast\u0159elili n\u011bkolik militant\u016f z organizace \u201ePrav\u00fd sektor\u201c, kte\u0159\u00ed se je sna\u017eili p\u0159inutit postupovat sm\u011brem ke Kremensku.\u00a0<\/strong><\/p>\n<p>Ozn\u00e1mil to 26. \u0159\u00edjna n\u00e1m\u011bstek ministra vnitra Luhansk\u00e9 lidov\u00e9 republiky (LLR) Vitalij Kiselev.<\/p>\n<p><em>\u201ePo n\u011bkolika ne\u00fasp\u011b\u0161n\u00fdch pokusech o \u00fatok pol\u0161t\u00ed \u017eold\u00e1ci odm\u00edtli pokou\u0161et osud a j\u00edt vp\u0159ed,\u201c\u00a0<\/em>\u0159ekl\u00a0<a href=\"https:\/\/ria.ru\/\" target=\"_blank\" rel=\"noreferrer noopener\">RIA Novosti<\/a>.<\/p>\n<p>Jak \u0159ekl Kiselev, aby si zachr\u00e1nili \u017eivoty \u017eold\u00e1ci trvali na tom, aby dop\u0159edu \u0161ly jednotky vytvo\u0159en\u00e9 z \u00fazemn\u00ed obrany Ukrajiny.\u00a0Na m\u00edsto dorazili bojovn\u00edci \u201ePrav\u00e9ho sektoru\u201c, aby \u017eold\u00e1ky \u201eovlivnili\u201c.<\/p>\n<p><em>\u201ePodle na\u0161ich \u00fadaj\u016f Pol\u00e1ci \u010d\u00e1ste\u010dn\u011b \u201ezlikvidovali\u201c milovn\u00edky Bandery,\u201c\u00a0<\/em>dodal.<\/p>\n<p>T\u00e9ho\u017e dne Kiselev \u0159ekl, \u017ee\u00a0<a href=\"https:\/\/iz.ru\/1416212\/2022-10-26\/v-lnr-soobshchili-o-boe-mezhdu-naemnikami-iz-polshi-i-vsu-pod-limanom\" target=\"_blank\" rel=\"noreferrer noopener\">pol\u0161t\u00ed \u017eold\u00e1ci utrp\u011bli \u0159adu ne\u00fasp\u011bch\u016f<\/a>\u00a0ve sm\u011bru Liman, odm\u00edtli postupovat a pozd\u011bji zni\u010dili skupinu ukrajinsk\u00fdch nacionalist\u016f, kte\u0159\u00ed k nim byli posl\u00e1ni, aby obnovili discipl\u00ednu.<\/p>\n<p>Podle jeho slov byla vysl\u00e1na skupina ukrajinsk\u00fdch ozbrojenc\u016f, aby se vypo\u0159\u00e1dala se \u017eold\u00e1ky, kte\u0159\u00ed odm\u00edtli j\u00edt do \u00fatoku.<\/p>\n<p>\u201eRozhovor nevy\u0161el,\u201c \u0159ekl Kiselev, Ukrajinci byli zabiti.<\/p>\n<p>Pozd\u011bji uvedl,\u00a0<a href=\"https:\/\/iz.ru\/1416267\/2022-10-26\/v-lnr-soobshchili-ob-ozhestochennykh-boiakh-s-vsu-v-raione-kremennoi-i-svatova\" target=\"_blank\" rel=\"noreferrer noopener\">\u017ee nejt\u011b\u017e\u0161\u00ed bitvy<\/a>\u00a0s ozbrojen\u00fdmi silami Ukrajiny prob\u00edhaj\u00ed v oblasti Kremena a Svatov.<\/p>\n<p>Asistent n\u00e1\u010deln\u00edka ministerstva vnitra LLR 25. \u0159\u00edjna \u0159ekl, \u017ee\u00a0<a href=\"https:\/\/iz.ru\/1415601\/2022-10-25\/rossiiskie-voiska-nanesli-vsu-sokrushitelnyi-udar-v-raione-kremennoi\" target=\"_blank\" rel=\"noreferrer noopener\">rusk\u00e1 arm\u00e1da zasadila zdrcuj\u00edc\u00ed \u00fader ukrajinsk\u00fdm jednotk\u00e1m<\/a>\u00a0v oblasti Kremena.<\/p>\n<p>P\u0159edt\u00edm, 16. \u0159\u00edjna, zdroj z mocensk\u00fdch struktur LLR informoval o odra\u017een\u00ed pokus\u016f o masivn\u00ed\u00a0<a href=\"https:\/\/iz.ru\/1411132\/2022-10-16\/soiuznye-sily-otbili-popytku-nastupleniia-vsu-v-svatovo-i-kremennoi\" target=\"_blank\" rel=\"noreferrer noopener\">ofenzivu Ozbrojen\u00fdch sil Ukrajiny u Svatova a Kremena<\/a>.\u00a0Rusk\u00e9 jednotky zni\u010dily asi 90 % ukrajinsk\u00e9 skupiny.<\/p>\n<p>Speci\u00e1ln\u00ed vojensk\u00e1 operace na ochranu\u00a0<a href=\"https:\/\/iz.ru\/tag\/donbass\">Donbasu<\/a>, kterou rusk\u00fd prezident\u00a0<a href=\"https:\/\/iz.ru\/tag\/vladimir-putin\">Vladimir Putin<\/a>\u00a0ozn\u00e1mil 24. \u00fanora, pokra\u010duje.\u00a0Rozhodnut\u00ed o jej\u00edm kon\u00e1n\u00ed padlo na pozad\u00ed vyost\u0159en\u00ed situace v regionu kv\u016fli ost\u0159elov\u00e1n\u00ed ukrajinskou arm\u00e1dou.<\/p>\n<p><em>Pro Pokec24 p\u0159elo\u017eila Janinna<\/em><\/p>\n<p><a href=\"https:\/\/bit.ly\/3zjlJut\">ZDROJ<\/a><\/p>\n<p>&nbsp;<\/p>\n","protected":false},"excerpt":{"rendered":"<p>Policie LLR: Pol\u0161t\u00ed \u017eold\u00e1ci bojuj\u00edc\u00ed za Kyjev zast\u0159elili n\u011bkolik militant\u016f z \u201ePrav\u00e9ho sektoru\u201c. Pol\u0161t\u00ed \u017eold\u00e1ci&#8230;<\/p>\n","protected":false},"author":2,"featured_media":8196,"comment_status":"closed","ping_status":"closed","sticky":false,"template":"","format":"standard","meta":[],"categories":[7],"tags":[1339,1736,26,1870],"_links":{"self":[{"href":"https:\/\/www.infokuryr.cz\/n\/wp-json\/wp\/v2\/posts\/17368"}],"collection":[{"href":"https:\/\/www.infokuryr.cz\/n\/wp-json\/wp\/v2\/posts"}],"about":[{"href":"https:\/\/www.infokuryr.cz\/n\/wp-json\/wp\/v2\/types\/post"}],"author":[{"embeddable":true,"href":"https:\/\/www.infokuryr.cz\/n\/wp-json\/wp\/v2\/users\/2"}],"replies":[{"embeddable":true,"href":"https:\/\/www.infokuryr.cz\/n\/wp-json\/wp\/v2\/comments?post=17368"}],"version-history":[{"count":0,"href":"https:\/\/www.infokuryr.cz\/n\/wp-json\/wp\/v2\/posts\/17368\/revisions"}],"wp:featuredmedia":[{"embeddable":true,"href":"https:\/\/www.infokuryr.cz\/n\/wp-json\/wp\/v2\/media\/8196"}],"wp:attachment":[{"href":"https:\/\/www.infokuryr.cz\/n\/wp-json\/wp\/v2\/media?parent=17368"}],"wp:term":[{"taxonomy":"category","embeddable":true,"href":"https:\/\/www.infokuryr.cz\/n\/wp-json\/wp\/v2\/categories?post=17368"},{"taxonomy":"post_tag","embeddable":true,"href":"https:\/\/www.infokuryr.cz\/n\/wp-json\/wp\/v2\/tags?post=17368"}],"curies":[{"name":"wp","href":"https:\/\/api.w.org\/{rel}","templated":true}]}}