{"id":17337,"date":"2022-10-27T01:10:50","date_gmt":"2022-10-26T23:10:50","guid":{"rendered":"http:\/\/www.infokuryr.cz\/n\/?p=17337"},"modified":"2022-10-26T17:34:06","modified_gmt":"2022-10-26T15:34:06","slug":"petr-pavel-prosi-obcany-aby-zapomneli-petr-pavel-alias-pavel-pavek-je-bezpecnostni-i-moralni-hrozbou-pro-cesko","status":"publish","type":"post","link":"https:\/\/www.infokuryr.cz\/n\/2022\/10\/27\/petr-pavel-prosi-obcany-aby-zapomneli-petr-pavel-alias-pavel-pavek-je-bezpecnostni-i-moralni-hrozbou-pro-cesko\/","title":{"rendered":"Petr Pavel pros\u00ed ob\u010dany, aby zapomn\u011bli \u2013 Petr Pavel alias Pavel P\u00e1vek je bezpe\u010dnostn\u00ed i mor\u00e1ln\u00ed hrozbou pro \u010cesko"},"content":{"rendered":"<div id=\"fb-root\"><\/div>\n<p style=\"font-weight: 400;\">Od p\u00e1du komunistick\u00e9 diktatury ub\u011bhlo ji\u017e 33 let, ale i v\u00a0nadch\u00e1zej\u00edc\u00edch prezidentsk\u00fdch volb\u00e1ch maj\u00ed komunist\u00e9 st\u00e1le je\u0161t\u011b mezi kandid\u00e1ty d\u016fstojn\u00fd pod\u00edl. Nejlep\u0161\u00ed \u0161ance pr\u00fd m\u00e1 gener\u00e1l ve v\u00fdslu\u017eb\u011b Petr Pavel. Sv\u00e9 \u010dlenstv\u00ed v komunistick\u00e9 stran\u011b Pavel komentuje takto: \u201e\u010clenstv\u00ed v KS\u010c jsem vn\u00edmal ve sv\u00e9m prost\u0159ed\u00ed jako norm\u00e1ln\u00ed v\u011bc a nijak jsem to tehdy ne\u0159e\u0161il. Dnes v\u00edm, \u017ee to byla chyba. A lituji toho.\u00a0 Komunistick\u00fd\u00a0 re\u017eim byl zlo\u010dinn\u00fd\u201c. Sv\u016fj v\u00fdcvik na\u00a0 komunistick\u00e9ho\u00a0 \u0161pi\u00f3na h\u00e1j\u00ed takto: \u201eNebyl jsem \u017e\u00e1dn\u00fd<\/p>\n<p>Bond, ale v\u00fdsadk\u00e1\u0159 pr\u016fzkumn\u00edk, kter\u00fd se plazil bl\u00e1tem, mrzl ve sn\u011bhu a p\u0159ipravoval se na vysazen\u00ed v t\u00fdlu nep\u0159\u00edtele\u201c (<a href=\"https:\/\/www.idnes.cz\/zpravy\/domaci\/general-petr-pavel-prezident-kandidat-prezidentske-volby-vysadkar-rozvedcik-ksc.A220523_175657_domaci_klf\">zde<\/a>).<\/p>\n<p style=\"font-weight: 400;\">Petr Pavel byl tedy podle vlastn\u00edch slov l\u00e9ta \u010dlenem zlo\u010dineck\u00e9 organizace KS\u010c a byl cvi\u010den, aby \u0161kodil v t\u00fdlu nep\u0159\u00edtele, co\u017e znamen\u00e1 v\u00a0t\u00fdlu NATO. Dnes pros\u00ed slu\u0161n\u00e9 lidi o odpu\u0161t\u011bn\u00ed a \u017e\u00e1d\u00e1 je, aby ho ve st\u00e1t\u011b, kter\u00fd je \u010dlenem NATO, zvolili do nejvy\u0161\u0161\u00ed st\u00e1tn\u00ed funkce. Jeho omluvu, \u017ee byl p\u0159\u00edli\u0161 mlad\u00fd, p\u0159ijmout nelze, nebo\u0165 v\u011bt\u0161ina lid\u00ed v jeho v\u011bku zlo\u010dinnost komunist\u016f jasn\u011b ch\u00e1pala, a mnoz\u00ed v jeho v\u011bku byli dokonce v\u011bzn\u011bni. Pavel nebyl a\u017e tak mal\u00e9 d\u00edt\u011b, bylo mu 28 let, kdy\u017e komunismus padnul.<\/p>\n<p style=\"font-weight: 400;\">Nav\u00edc Pavel ani nebyl tak naivn\u00ed, jak tvrd\u00ed. Z KS\u010c vystoupil v prosinci 1989 (<a href=\"https:\/\/www.e15.cz\/petr-pavel-kandidat-prezident-general-nato-ksc-volebni-program\">zde<\/a>) \u2013 hned po p\u00e1du re\u017eimu. B\u011bhem rozhovor\u016f s\u00a0novin\u00e1\u0159i se pod\u0159ekl, \u017ee on ani jeho otec, komunistick\u00fd plukovn\u00edk pr\u00fd mu slou\u017e\u00edc\u00ed za vzor, v \u010distotu komunistick\u00e9ho re\u017eimu nev\u011b\u0159ili, nebo\u0165 o otci \u0159\u00edk\u00e1, \u017ee \u201eideologii ne\u017eral\u201c a o sob\u011b, \u017ee \u201ev\u011b\u0159il \u017ee se d\u00e1 re\u017eim zevnit\u0159 zm\u011bnit\u201c (<a href=\"https:\/\/www.reflex.cz\/clanek\/volby-prezidentske-volby\/98439\/kdo-je-general-petr-pavel-nejvyse-postaveny-muz-nato-valecny-hrdina-byvaly-komunista-i-mozny-prezident.html\">zde<\/a>). Tak\u017ee Pavel p\u0159edst\u00edral loajalitu tenkr\u00e1t nebo ji p\u0159edst\u00edr\u00e1 dnes, ale v ka\u017ed\u00e9m p\u0159\u00edpad\u011b je oportunista.<\/p>\n<p style=\"font-weight: 400;\">Ukazuje se, \u017ee Pavel lhal i o sv\u00e9 pr\u00e1ci v komunistick\u00e9 arm\u00e1d\u011b. Sice m\u011bl \u0161kodit v t\u00fdlu nep\u0159\u00edtele, jak se pod\u0159ekl, av\u0161ak zatajil, \u017ee nebyl \u0161kolen na \u0159adov\u00e9ho agenta ale na vedouc\u00edho \u0161pion\u00e1\u017en\u00ed s\u00edt\u011b v\u00a0zem\u00edch NATO. B\u011bhem p\u0159\u00edsn\u011b utajovan\u00e9ho kurzu Zpravodajsk\u00e9 spr\u00e1vy gener\u00e1ln\u00edho \u0161t\u00e1bu, kter\u00fd organizovala vojensk\u00e1 kontrarozv\u011bdka (VKR) spolu s StB, \u017eil Petr Pavel pod kryc\u00edm jm\u00e9nem Pavel P\u00e1vek. Pavel se dnes sna\u017e\u00ed vytv\u00e1\u0159et dojem, \u017ee byl jen form\u00e1ln\u00edm \u010dlenem KS\u010c aby mohl slou\u017eit vlasti, ale ukazuje se, \u017ee i v tom lhal, byl p\u0159edsedou v\u00fdboru z\u00e1kladn\u00ed organizace KS\u010c (<a href=\"https:\/\/www.novinky.cz\/clanek\/domaci-spoluzak-petra-pavla-mel-by-o-sobe-rikat-pravdu-ale-nedela-to-40412392\">zde<\/a>).<\/p>\n<p style=\"font-weight: 400;\">VKR nebojovala jen proti NATO, ale i proti vlastn\u00edm ob\u010dan\u016fm jin\u00fdch n\u00e1zor\u016f. V arm\u00e1d\u011b byli zn\u00e1m\u00ed pod p\u0159ezd\u00edvkou \u201ekontr\u00e1\u0161i\u201c. M\u011bl jsem mo\u017enost je poznat, kdy\u017e jsem slou\u017eil v roce 1977 u \u017eateck\u00e9ho tankov\u00e9ho pluku. Sebev\u011bdom\u011b se v\u00a0civiln\u00edm od\u011bvu proj\u00ed\u017ed\u011bli po z\u00e1kladn\u011b v gaz\u00edku (co\u017e byl rusk\u00fd Jeep) a budili b\u00e1ze\u0148. Kdy\u017e m\u011b n\u011bkdo udal, \u017ee jsem v\u00a0r\u00e1diu poslouchal Hlas Ameriky, kontr\u00e1\u0161i si m\u011b p\u0159edvolali k v\u00fdslechu. Ned\u00e1vno jsem si v Archivu bezpe\u010dnostn\u00edch slo\u017eek vyzvedl sv\u016fj svazek a zjistil jsem, \u017ee po skon\u010den\u00ed vojny obdr\u017eela StB mou slo\u017eku od VKR.<\/p>\n<p style=\"font-weight: 400;\">Pavel pokra\u010doval v rodinn\u00e9 tradici. Jeho otec Josef Pavel byl agentem VKR a p\u016fsobil jako z\u00e1stupce n\u00e1\u010deln\u00edka Z\u00e1padn\u00edho vojensk\u00e9ho okruhu. Syn Pavel nebyl jen p\u0159edsedou komunistick\u00e9 organizace sv\u00e9ho ro\u010dn\u00edku, ale byl i jeho velitelem, a v t\u00e9to funkci dokonce \u0159\u00eddil k\u00e1rn\u00e1 opat\u0159en\u00ed proti sv\u00fdm koleg\u016fm, kte\u0159\u00ed se zd\u00e1li ideologicky pom\u00fdlen\u00ed (<a href=\"https:\/\/www.novinky.cz\/clanek\/domaci-spoluzak-petra-pavla-mel-by-o-sobe-rikat-pravdu-ale-nedela-to-40412392\">zde<\/a>). Jeho nevinnost je le\u017e jako v\u0161e ostatn\u00ed. Dnes kandiduje na prezidenta, ale v roce 2018 tvrdil, \u017ee kandidovat nebude (<a href=\"https:\/\/www.denik.cz\/z_domova\/petr-pavel-do-politiky-nechci-je-kontaminovana-20181006.html?cast=2\">zde<\/a>), tak\u017ee i v tom lhal; tvrdil, \u017ee do politiky nechce, proto\u017ee pr\u00fd je \u201ekontaminovan\u00e1\u201c, tak\u017ee jeho vstup do n\u00ed p\u0159ipom\u00edn\u00e1 vtip o tcho\u0159ovi, kter\u00fd si st\u011b\u017euje na z\u00e1pach.<\/p>\n<p style=\"font-weight: 400;\">P\u0159es v\u0161echny l\u017ei, z\u00a0kter\u00fdch byl usv\u011bd\u010den, oh\u00e1n\u00ed se Pavel p\u0159i sv\u00e9m ta\u017een\u00ed na Pra\u017esk\u00fd hrad nejv\u00edce \u201epravdou\u201c. St\u011b\u017euje si, \u017ee lid\u00e9 hodnot\u00ed politiky podle p\u0159\u00edli\u0161 n\u00edzk\u00e9 la\u0165ky, a pr\u00fd \u201enem\u016f\u017ee sta\u010dit, \u017ee n\u011bkdo l\u017ee m\u00ed\u0148 ne\u017e ostatn\u00ed&#8220; (<a href=\"https:\/\/www.irozhlas.cz\/volby\/petr-pavel-prezident-volby-kampan_2209061559_jca\">zde<\/a>). Slavnostn\u011b prohla\u0161uje: \u201eM\u00e1m ve zvyku dr\u017eet slovo, a to stejn\u00e9 budu vy\u017eadovat od v\u0161ech politik\u016f\u201c (<a href=\"https:\/\/www.idnes.cz\/volby\/prezidentske\/2023\/prezidentske-volby-2023-petr-pavel-kampan-video.A220906_124914_prezidentske-volby-2023_misl\">zde<\/a>). Sv\u016fj volebn\u00ed program shrnul Pavel absurdn\u011b do hesla \u201eVra\u0165me \u010cesku \u0159\u00e1d a klid&#8220;. Nab\u00edz\u00ed se ot\u00e1zka, kam a\u017e se chce v \u010desk\u00e9 historii vr\u00e1tit, aby k\u00fd\u017een\u00e9ho klidu a \u0159\u00e1du dos\u00e1hl. Pavel si neuv\u011bdomuje, \u017ee po\u0159\u00e1dek a klid na pr\u00e1ci propagovali jak nacist\u00e9, tak komunist\u00e9. Jeho dob\u0159e st\u0159i\u017een\u00fd vous ur\u010dit\u011b p\u016fsob\u00ed impozantn\u011b na mnoh\u00e9, ale v\u00edc na ty, kter\u00e9 nebav\u00ed moc se hrabat v\u00a0minulosti.<\/p>\n<p style=\"font-weight: 400;\">Pavel \u0159\u00edk\u00e1, \u017ee kdyby bylo na jeho minulosti cokoli diskvalifikuj\u00edc\u00edho, t\u011b\u017eko by si ho z\u00e1stupci 30 zem\u00ed NATO zvolili za nejvy\u0161\u0161\u00edho vojensk\u00e9ho z\u00e1stupce s p\u0159\u00edstupem k nejtajn\u011bj\u0161\u00edm pl\u00e1n\u016fm. Na funkci p\u0159edsedy vojensk\u00e9ho v\u00fdboru NATO byl v\u0161ak vybr\u00e1n pouze jako \u010desk\u00fd p\u0159edstavitel v NATO, kter\u00fd byl v letech 2012\u20132015 n\u00e1\u010deln\u00edkem Gener\u00e1ln\u00edho \u0161t\u00e1bu \u010cesk\u00e9 republiky, tak\u017ee se p\u0159edpokl\u00e1dalo, \u017ee byl prolustrov\u00e1n ve sv\u00e9 zemi. Sv\u00fdm v\u00fdcvikem na \u0161pi\u00f3na proti NATO se ur\u010dit\u011b nepochlubil, a fakta o jeho minulosti za\u010dala pronikat na ve\u0159ejnost ned\u00e1vno. Pavla v\u00a0\u010cesku lustrovali pravd\u011bpodobn\u011b jeho kamar\u00e1di, a v\u00edme \u017ee dokonce i na postu \u010desk\u00e9ho prezidenta sed\u011bl, a\u017e do ned\u00e1vn\u00e9 invaze na Ukrajinu, \u010dlov\u011bk loaj\u00e1ln\u00ed Rusku.<\/p>\n<p style=\"font-weight: 400;\">Pavel p\u0159ipom\u00edn\u00e1 b\u00fdval\u00e9ho kmotra mafie, kter\u00fd po rozpr\u00e1\u0161en\u00ed m\u00edstn\u00edho klanu kandiduje na starostu s t\u00edm, \u017ee lituje sv\u00fdch mladick\u00fdch chyb. Kdo chce, mu samoz\u0159ejm\u011b odpustit m\u016f\u017ee, ale on svou kaj\u00edcnost m\u011bl projevit tak, \u017ee se nebude cp\u00e1t dop\u0159edu, jak se cpal d\u0159\u00edve. Jeho b\u00fdval\u00fd kolega Pavel Bene\u0161, kter\u00fd se po p\u00e1du komunismu za\u010dal \u017eivit norm\u00e1ln\u00edm \u017eivotem, to vyj\u00e1d\u0159il rozumn\u011b: \u201e\u0158ekl jsem si, \u017ee nem\u00e1m mor\u00e1ln\u00ed pr\u00e1vo pokra\u010dovat, proto\u017ee jsem byl p\u0159ipravov\u00e1n pro n\u011bkoho jin\u00e9ho. Kdy\u017e jsem byl \u010dlenem KS\u010c a byl na takto exponovan\u00fdch m\u00edstech, tak jsem nem\u011bl pr\u00e1vo se n\u011bkam cp\u00e1t, abych z\u00edskal kari\u00e9ru\u201c (<a href=\"https:\/\/www.novinky.cz\/clanek\/domaci-spoluzak-petra-pavla-mel-by-o-sobe-rikat-pravdu-ale-nedela-to-40412392\">zde<\/a>). Petr Pavel si v\u0161ak i po p\u00e1du zlo\u010dinn\u00e9ho re\u017eimu myslel, \u017ee mu n\u00e1le\u017e\u00ed v\u00edc ne\u017e ostatn\u00edm.<\/p>\n<p style=\"font-weight: 400;\">D\u00e1me-li ot\u00e1zky oportunismu a charakteru stranou, z\u016fst\u00e1v\u00e1 st\u00e1le opravdov\u00e9 bezpe\u010dnostn\u00ed riziko ve faktu, \u017ee Pavel i jeho rodina byli cvi\u010deni na boj proti NATO. Pavel proch\u00e1zel brainwashingem od d\u011btstv\u00ed a od 14 let byl ve vojensk\u00fdch \u0161kol\u00e1ch. V\u016fbec nen\u00ed vylou\u010deno, \u017ee Petr Pavel d\u00e1l pracuje pro sv\u00e9 b\u00fdval\u00e9 p\u00e1ny. Sice jsme vid\u011bli, \u017ee komunist\u00e9 kolem n\u00e1s byli sp\u00ed\u0161 lid\u00e9 oportunisti\u010dt\u00ed a zbab\u011bl\u00ed, tak\u017ee\u00a0je\u00a0pravd\u011bpodobn\u011bj\u0161\u00ed, \u017ee Pavel bude rad\u011bji sledovat pohodlnou kari\u00e9ru politika v\u00a0\u010cesku ne\u017e riskantn\u00ed kari\u00e9ru rusk\u00e9ho \u0161pi\u00f3na, ale hrozbou by mohla b\u00fdt jeho vyd\u00edratelnost.<\/p>\n<p style=\"font-weight: 400;\">Kandid\u00e1t na prezidenta mus\u00ed m\u00edt \u010dist\u00fd trestn\u00ed rejst\u0159\u00edk. B\u00fdval\u00ed \u010dlenov\u00e9 zlo\u010dineck\u00fdch organizac\u00ed by m\u011bli b\u00fdt apriorn\u011b diskvalifikov\u00e1ni. Lupi\u010d si m\u016f\u017ee dlouholet\u00fdm v\u011bzen\u00edm vyslou\u017eit novou p\u0159\u00edle\u017eitost \u017e\u00edt spo\u0159\u00e1dan\u011b, ale na \u0159editele banky se nehod\u00ed. Zrovna tak by nem\u011bl b\u00fdt b\u00fdval\u00fd komunistick\u00fd \u0161pi\u00f3n, cvi\u010den\u00fd k boji proti demokratick\u00fdm zem\u00edm i proti neposlu\u0161n\u00fdm spoluob\u010dan\u016fm, kandid\u00e1tem na post prezidenta.<\/p>\n<p style=\"font-weight: 400;\">Vzorem ml\u00e1de\u017ei nebude \u010dlov\u011bk, kter\u00fd si u soudu ani nem\u016f\u017ee st\u011b\u017eovat, \u017ee je v novin\u00e1ch ozna\u010den za lh\u00e1\u0159e a podvodn\u00edka. V\u017edy\u0165 s\u00e1m ve\u0159ejn\u011b prohl\u00e1sil, \u017ee komunistick\u00fd re\u017eim byl zlo\u010dinn\u00fd, a z\u00e1rove\u0148 p\u0159iznal \u017ee mu cht\u011bl slou\u017eit. S\u00e1m p\u0159iznal \u017ee byl cvi\u010den, aby organizaci NATO \u0161kodil, a z\u00e1rove\u0148 se chlub\u00ed \u017ee v\u00a0n\u00ed slou\u017eil. Petr Pavel alias Pavel P\u00e1vek je bezpe\u010dnostn\u00ed i mor\u00e1ln\u00ed hrozbou pro \u010cesko.<\/p>\n<p><a href=\"https:\/\/www.hegaion.cz\/2022\/10\/petr-pavel-prosi-obcany-aby-zapomneli.html\">Tom\u00e1\u0161 Guttmann<\/a><\/p>\n<p>&nbsp;<\/p>\n","protected":false},"excerpt":{"rendered":"<p>Od p\u00e1du komunistick\u00e9 diktatury ub\u011bhlo ji\u017e 33 let, ale i v\u00a0nadch\u00e1zej\u00edc\u00edch prezidentsk\u00fdch volb\u00e1ch maj\u00ed komunist\u00e9&#8230;<\/p>\n","protected":false},"author":2,"featured_media":11998,"comment_status":"closed","ping_status":"closed","sticky":false,"template":"","format":"standard","meta":[],"categories":[6],"tags":[3657,2712,3656,165,27],"_links":{"self":[{"href":"https:\/\/www.infokuryr.cz\/n\/wp-json\/wp\/v2\/posts\/17337"}],"collection":[{"href":"https:\/\/www.infokuryr.cz\/n\/wp-json\/wp\/v2\/posts"}],"about":[{"href":"https:\/\/www.infokuryr.cz\/n\/wp-json\/wp\/v2\/types\/post"}],"author":[{"embeddable":true,"href":"https:\/\/www.infokuryr.cz\/n\/wp-json\/wp\/v2\/users\/2"}],"replies":[{"embeddable":true,"href":"https:\/\/www.infokuryr.cz\/n\/wp-json\/wp\/v2\/comments?post=17337"}],"version-history":[{"count":0,"href":"https:\/\/www.infokuryr.cz\/n\/wp-json\/wp\/v2\/posts\/17337\/revisions"}],"wp:featuredmedia":[{"embeddable":true,"href":"https:\/\/www.infokuryr.cz\/n\/wp-json\/wp\/v2\/media\/11998"}],"wp:attachment":[{"href":"https:\/\/www.infokuryr.cz\/n\/wp-json\/wp\/v2\/media?parent=17337"}],"wp:term":[{"taxonomy":"category","embeddable":true,"href":"https:\/\/www.infokuryr.cz\/n\/wp-json\/wp\/v2\/categories?post=17337"},{"taxonomy":"post_tag","embeddable":true,"href":"https:\/\/www.infokuryr.cz\/n\/wp-json\/wp\/v2\/tags?post=17337"}],"curies":[{"name":"wp","href":"https:\/\/api.w.org\/{rel}","templated":true}]}}