{"id":17322,"date":"2022-10-26T08:16:28","date_gmt":"2022-10-26T06:16:28","guid":{"rendered":"http:\/\/www.infokuryr.cz\/n\/?p=17322"},"modified":"2022-10-26T08:16:28","modified_gmt":"2022-10-26T06:16:28","slug":"premierka-alberty-nechce-mit-nic-spolecneho-s-klausem-schwabem-a-svetovym-ekonomickym-forem","status":"publish","type":"post","link":"https:\/\/www.infokuryr.cz\/n\/2022\/10\/26\/premierka-alberty-nechce-mit-nic-spolecneho-s-klausem-schwabem-a-svetovym-ekonomickym-forem\/","title":{"rendered":"Premi\u00e9rka Alberty nechce m\u00edt nic spole\u010dn\u00e9ho s Klausem Schwabem a Sv\u011btov\u00fdm ekonomick\u00fdm f\u00f3rem"},"content":{"rendered":"<div id=\"fb-root\"><\/div>\n<p><span>B\u011bhem tiskov\u00e9 konference se albertsk\u00e9 premi\u00e9rky Danielle Smithov\u00e9 zeptali, pro\u010d tolik nen\u00e1vid\u00ed Sv\u011btov\u00e9 ekonomick\u00e9 f\u00f3rum.\u00a0Smithov\u00e1 \u0159ekla, \u017ee si mysl\u00ed, \u017ee je nechutn\u00e9, aby se miliard\u00e1\u0159i chlubili t\u00edm, jak velk\u00fd vliv maj\u00ed na politick\u00e9 v\u016fdce, jako je \u201ehlava t\u00e9to organizace\u201c.<\/span><\/p>\n<p><span>&#8222;Je to ur\u00e1\u017eka,&#8220; \u0159ekla premi\u00e9rka s t\u00edm, \u017ee by to nem\u011bli d\u011blat miliard\u00e1\u0159i, ale lid\u00e9, kte\u0159\u00ed tyto politick\u00e9 v\u016fdce vol\u00ed. &#8222;Lid\u00e9, kte\u0159\u00ed hlasuj\u00ed pro m\u00e9 kolegy a j\u00e1, \u017eijeme v <a href=\"https:\/\/cs.wikipedia.org\/wiki\/Alberta\">Albert\u011b<\/a> \u00a0a jsou ovlivn\u011bni na\u0161imi rozhodnut\u00edmi,&#8220; \u0159ekla.<\/span><\/p>\n<p><span>&#8222;Dokud se tato organizace chlub\u00ed t\u00edm, jak velk\u00fd vliv m\u00e1 na politick\u00e9 veden\u00ed, nechci s t\u00edm m\u00edt nic spole\u010dn\u00e9ho,&#8220; \u0159ekla Smithov\u00e1. &#8222;Zam\u011b\u0159uji se zde v Albert\u011b na \u0159e\u0161en\u00ed probl\u00e9m\u016f pro lidi v Albert\u011b.&#8220;<\/span><\/p>\n<div class=\"twitter-tweet twitter-tweet-rendered\"><iframe id=\"twitter-widget-0\" class=\"\" title=\"Twitter Tweet\" src=\"https:\/\/platform.twitter.com\/embed\/Tweet.html?creatorScreenName=uncutnewsCH&amp;dnt=false&amp;embedId=twitter-widget-0&amp;features=eyJ0ZndfdGltZWxpbmVfbGlzdCI6eyJidWNrZXQiOlsibGlua3RyLmVlIiwidHIuZWUiLCJ0ZXJyYS5jb20uYnIiLCJ3d3cubGlua3RyLmVlIiwid3d3LnRyLmVlIiwid3d3LnRlcnJhLmNvbS5iciJdLCJ2ZXJzaW9uIjpudWxsfSwidGZ3X2hvcml6b25fdGltZWxpbmVfMTIwMzQiOnsiYnVja2V0IjoidHJlYXRtZW50IiwidmVyc2lvbiI6bnVsbH0sInRmd190d2VldF9lZGl0X2JhY2tlbmQiOnsiYnVja2V0Ijoib24iLCJ2ZXJzaW9uIjpudWxsfSwidGZ3X3JlZnNyY19zZXNzaW9uIjp7ImJ1Y2tldCI6Im9uIiwidmVyc2lvbiI6bnVsbH0sInRmd19jaGluX3BpbGxzXzE0NzQxIjp7ImJ1Y2tldCI6ImNvbG9yX2ljb25zIiwidmVyc2lvbiI6bnVsbH0sInRmd190d2VldF9yZXN1bHRfbWlncmF0aW9uXzEzOTc5Ijp7ImJ1Y2tldCI6InR3ZWV0X3Jlc3VsdCIsInZlcnNpb24iOm51bGx9LCJ0Zndfc2Vuc2l0aXZlX21lZGlhX2ludGVyc3RpdGlhbF8xMzk2MyI6eyJidWNrZXQiOiJpbnRlcnN0aXRpYWwiLCJ2ZXJzaW9uIjpudWxsfSwidGZ3X2V4cGVyaW1lbnRzX2Nvb2tpZV9leHBpcmF0aW9uIjp7ImJ1Y2tldCI6MTIwOTYwMCwidmVyc2lvbiI6bnVsbH0sInRmd19kdXBsaWNhdGVfc2NyaWJlc190b19zZXR0aW5ncyI6eyJidWNrZXQiOiJvbiIsInZlcnNpb24iOm51bGx9LCJ0ZndfdmlkZW9faGxzX2R5bmFtaWNfbWFuaWZlc3RzXzE1MDgyIjp7ImJ1Y2tldCI6InRydWVfYml0cmF0ZSIsInZlcnNpb24iOm51bGx9LCJ0ZndfdHdlZXRfZWRpdF9mcm9udGVuZCI6eyJidWNrZXQiOiJvbiIsInZlcnNpb24iOm51bGx9fQ%3D%3D&amp;frame=false&amp;hideCard=false&amp;hideThread=false&amp;id=1584626804039770117&amp;lang=de&amp;origin=https%3A%2F%2Funcutnews.ch%2Fpremierministerin-von-alberta-will-nichts-mit-klaus-schwab-und-dem-weltwirtschaftsforum-zu-tun-haben-video%2F&amp;sessionId=d36579a8f88a7fc1e5474ad1cb689fc8559dbe59&amp;theme=light&amp;widgetsVersion=1c23387b1f70c%3A1664388199485&amp;width=550px\" frameborder=\"0\" scrolling=\"no\" allowfullscreen=\"allowfullscreen\" data-tweet-id=\"1584626804039770117\" data-mce-fragment=\"1\"><\/iframe><\/div>\n<p><span>P\u0159edsedkyn\u011b vl\u00e1dy d\u0159\u00edve v rozhovoru vysv\u011btlila, \u017ee ministerstvo zdravotnictv\u00ed Alberty uzav\u0159elo jak\u00e9si partnerstv\u00ed se Sv\u011btov\u00fdm ekonomick\u00fdm f\u00f3rem uprost\u0159ed pandemie.<\/span><\/p>\n<p><span>\u201ePro\u010d bychom proboha cht\u011bli m\u00edt n\u011bco spole\u010dn\u00e9ho se Sv\u011btov\u00fdm ekonomick\u00fdm f\u00f3rem?\u00a0Tohle mus\u00ed skon\u010dit,\u201c \u0159ekla Smithov\u00e1.<\/span><\/p>\n<p><img decoding=\"async\" loading=\"lazy\" class=\"alignnone size-full wp-image-1185\" src=\"http:\/\/www.infokuryr.cz\/n\/wp-content\/uploads\/2021\/04\/kuryr-podpis.png\" alt=\"\" width=\"84\" height=\"24\" \/><\/p>\n<p>&nbsp;<\/p>\n","protected":false},"excerpt":{"rendered":"<p>B\u011bhem tiskov\u00e9 konference se albertsk\u00e9 premi\u00e9rky Danielle Smithov\u00e9 zeptali, pro\u010d tolik nen\u00e1vid\u00ed Sv\u011btov\u00e9 ekonomick\u00e9 f\u00f3rum.\u00a0Smithov\u00e1&#8230;<\/p>\n","protected":false},"author":2,"featured_media":17323,"comment_status":"closed","ping_status":"closed","sticky":false,"template":"","format":"standard","meta":[],"categories":[7],"tags":[3655,248,291,3231,613],"_links":{"self":[{"href":"https:\/\/www.infokuryr.cz\/n\/wp-json\/wp\/v2\/posts\/17322"}],"collection":[{"href":"https:\/\/www.infokuryr.cz\/n\/wp-json\/wp\/v2\/posts"}],"about":[{"href":"https:\/\/www.infokuryr.cz\/n\/wp-json\/wp\/v2\/types\/post"}],"author":[{"embeddable":true,"href":"https:\/\/www.infokuryr.cz\/n\/wp-json\/wp\/v2\/users\/2"}],"replies":[{"embeddable":true,"href":"https:\/\/www.infokuryr.cz\/n\/wp-json\/wp\/v2\/comments?post=17322"}],"version-history":[{"count":0,"href":"https:\/\/www.infokuryr.cz\/n\/wp-json\/wp\/v2\/posts\/17322\/revisions"}],"wp:featuredmedia":[{"embeddable":true,"href":"https:\/\/www.infokuryr.cz\/n\/wp-json\/wp\/v2\/media\/17323"}],"wp:attachment":[{"href":"https:\/\/www.infokuryr.cz\/n\/wp-json\/wp\/v2\/media?parent=17322"}],"wp:term":[{"taxonomy":"category","embeddable":true,"href":"https:\/\/www.infokuryr.cz\/n\/wp-json\/wp\/v2\/categories?post=17322"},{"taxonomy":"post_tag","embeddable":true,"href":"https:\/\/www.infokuryr.cz\/n\/wp-json\/wp\/v2\/tags?post=17322"}],"curies":[{"name":"wp","href":"https:\/\/api.w.org\/{rel}","templated":true}]}}