{"id":17320,"date":"2022-10-26T08:01:49","date_gmt":"2022-10-26T06:01:49","guid":{"rendered":"http:\/\/www.infokuryr.cz\/n\/?p=17320"},"modified":"2022-10-26T08:01:49","modified_gmt":"2022-10-26T06:01:49","slug":"pocet-umrti-mezi-osobami-mladsimi-25-let-v-usa-od-zavedeni-injekci-covid-rychle-roste","status":"publish","type":"post","link":"https:\/\/www.infokuryr.cz\/n\/2022\/10\/26\/pocet-umrti-mezi-osobami-mladsimi-25-let-v-usa-od-zavedeni-injekci-covid-rychle-roste\/","title":{"rendered":"Po\u010det \u00famrt\u00ed mezi osobami mlad\u0161\u00edmi 25 let v USA od zaveden\u00ed injekc\u00ed Covid rychle roste"},"content":{"rendered":"<div id=\"fb-root\"><\/div>\n<p><span>B\u011bhem prvn\u00edch dvou a p\u016fl let od vypuknut\u00ed COVID zem\u0159elo o 150 000 v\u00edce Ameri\u010dan\u016f mlad\u0161\u00edch 45 let, ne\u017e se o\u010dek\u00e1valo.\u00a0Ale t\u00e9m\u011b\u0159 polovina t\u011bchto \u00famrt\u00ed se odehr\u00e1la za posledn\u00edch 12 m\u011bs\u00edc\u016f,\u00a0<\/span><a href=\"https:\/\/metatron.substack.com\/p\/soaring-deaths-of-young-americans\" target=\"_blank\" rel=\"noreferrer noopener\" data-type=\"URL\" data-id=\"https:\/\/metatron.substack.com\/p\/soaring-deaths-of-young-americans\"><span>napsal Joel Smalley<\/span><\/a><span>\u00a0.\u00a0A te\u010f zjistil, \u017ee po\u010det ob\u011bt\u00ed mezi je\u0161t\u011b mlad\u0161\u00edmi Ameri\u010dany raketov\u011b roste.\u00a0&#8222;Jak je p\u0159\u00edb\u011bh \u0161patn\u00fd pro lidi do 45 let, je to mnohem hor\u0161\u00ed pro lidi do 25 let.&#8220;<\/span><\/p>\n<p><span>Do konce \u00fanora 2021 neo\u010dek\u00e1van\u011b zem\u0159elo kolem 1 200 nadpr\u016fm\u011brn\u00fdch mlad\u00fdch lid\u00ed do 25 let, nikoli na Covid, ale na vl\u00e1dn\u00ed politiku.\u00a0O\u010dkov\u00e1n\u00ed Ameri\u010dan\u016f mlad\u0161\u00edch 25 let za\u010dalo v \u00fanoru 2021. O rok pozd\u011bji, do konce \u00fanora 2022, se po\u010det nadm\u011brn\u00fdch \u00famrt\u00ed mezi osobami mlad\u0161\u00edmi 25 let zv\u00fd\u0161il na p\u0159ibli\u017en\u011b 6 000, co\u017e je p\u011btkr\u00e1t v\u00edce.<\/span><\/p>\n<p><span>Kdy\u017e jsem pr\u00e1v\u011b\u00a0<\/span><a href=\"https:\/\/metatron.substack.com\/p\/soaring-deaths-of-young-americans\" target=\"_blank\" rel=\"noreferrer noopener\" data-type=\"URL\" data-id=\"https:\/\/metatron.substack.com\/p\/soaring-deaths-of-young-americans\"><span>napsal TENTO<\/span><\/a><span>\u00a0\u010dl\u00e1nek o alarmuj\u00edc\u00ed m\u00ed\u0159e, s jakou Ameri\u010dan\u00e9 mlad\u0161\u00ed 45 let um\u00edraj\u00ed bezprecedentn\u00edm tempem po masov\u00e9m experimentu s mRNA, byl jsem na\u0161tvan\u00fd, abych prozkoumal situaci lid\u00ed mlad\u0161\u00edch 25 let s\u00e1m.<\/span><\/p>\n<p><span>Bohu\u017eel situace je je\u0161t\u011b hor\u0161\u00ed.\u00a0Poj\u010fme prozkoumat z\u00e1kladn\u00ed hypot\u00e9zy, kter\u00e9 jsem vyvinul b\u011bhem n\u011bkolika posledn\u00edch let, na z\u00e1klad\u011b zkoum\u00e1n\u00ed bezpo\u010dtu \u00fadaj\u016f o \u00famrtnosti z cel\u00e9ho sv\u011bta:<\/span><\/p>\n<ul>\n<li><span>\u00damrtnost se zvy\u0161uje v\u00edce v d\u016fsledku z\u00e1sah\u016f Covid (vl\u00e1dn\u00edch opat\u0159en\u00ed), ne\u017e kdy\u017e se objev\u00ed nov\u00fd patogen.<\/span><\/li>\n<li><span>\u00damrtnost stoup\u00e1 v\u00edce po masov\u00e9m experimentu s mRNA ne\u017e b\u011bhem \u00fadajn\u00e9ho objeven\u00ed se nov\u00e9ho patogenu, \u201enavzdory\u201c tvrzen\u00ed, \u017ee l\u00e9ka\u0159sk\u00fd z\u00e1sah je bezpe\u010dn\u00fd a \u00fa\u010dinn\u00fd\u2122.<\/span><\/li>\n<\/ul>\n<div class=\"wp-block-image\">\n<figure class=\"aligncenter size-large\"><img decoding=\"async\" class=\"jetpack-lazy-image jetpack-lazy-image--handled aligncenter\" src=\"https:\/\/i0.wp.com\/expose-news.com\/wp-content\/uploads\/2022\/10\/image-219.png?resize=768%2C537&amp;ssl=1\" alt=\"\" data-lazy-loaded=\"1\" \/><\/figure>\n<\/div>\n<p><span>Prvn\u00ed hypot\u00e9zou je, \u017ee a\u017e \u201eepidemie\u201c zas\u00e1hne Ameriku v polovin\u011b b\u0159ezna 2020 (tedy a\u017e za\u010dnou um\u00edrat senio\u0159i), ve skute\u010dnosti budou m\u00edt lid\u00e9 do 25 let negativn\u00ed nadm\u011brnou smrt, tzn.\u00a0H.\u00a0zem\u0159e m\u00e9n\u011b, ne\u017e se o\u010dek\u00e1valo.<\/span><\/p>\n<p><span>Ale kdy\u017e prvn\u00ed vlna skon\u010d\u00ed do konce kv\u011btna (stejn\u011b jako na severn\u00ed polokouli), tehdy za\u010dnou nadm\u011brn\u011b um\u00edrat lid\u00e9 do 25 let.\u00a0Zvl\u00e1\u0161tn\u00ed, \u017ee?\u00a0Nebo to mo\u017en\u00e1 nakonec nen\u00ed tak divn\u00e9, pokud zab\u00edj\u00ed politika a ne virus?\u00a0Zd\u00e1 se to v\u011brohodn\u011bj\u0161\u00ed?\u00a0V \u017e\u00e1dn\u00e9m p\u0159\u00edpad\u011b to nen\u00ed v\u011bc, kterou lze bez dal\u0161\u00edho zkoum\u00e1n\u00ed zavrhnout.<\/span><\/p>\n<p><span>Dal\u0161\u00edm d\u016fkazem toho je n\u00e1sleduj\u00edc\u00ed podzim\/zima, kdy \u00famrt\u00ed na respira\u010dn\u00ed infekce obvykle vrchol\u00ed v zemi, jako je Amerika.\u00a0A p\u0159esto v t\u00e9to v\u011bkov\u00e9 skupin\u011b: nada!\u00a0M\u016f\u017eete jasn\u011b vid\u011bt, \u017ee \u00famrt\u00ed v \u0159\u00edjnu stagnuje.\u00a0V tuto chv\u00edli by se m\u011bly zv\u00fd\u0161it.<\/span><\/p>\n<p><span>Do konce \u00fanora 2021 v prvn\u00edm roce smrteln\u00e9ho onemocn\u011bn\u00ed Covid ne\u010dekan\u011b zem\u0159elo kolem 1200 lid\u00ed mlad\u0161\u00edch 25 let.\u00a0Ne kv\u016fli viru, ale kv\u016fli opat\u0159en\u00edm.<\/span><\/p>\n<p><span>Ale to zdaleka nen\u00ed to nejhor\u0161\u00ed.\u00a0Pokud jde o druhou hypot\u00e9zu, ve druh\u00e9m roce zem\u0159e o 6000 mlad\u00fdch lid\u00ed v\u00edce.\u00a0To je p\u011btkr\u00e1t v\u00edce (omluvte zjevn\u00e9!).<\/span><\/p>\n<p><span>Co se stalo v \u00fanoru 2021?<\/span><\/p>\n<div class=\"wp-block-image\">\n<figure class=\"aligncenter size-large\"><img decoding=\"async\" class=\"jetpack-lazy-image jetpack-lazy-image--handled aligncenter\" src=\"https:\/\/i0.wp.com\/expose-news.com\/wp-content\/uploads\/2022\/10\/image-220.png?resize=768%2C537&amp;ssl=1\" alt=\"\" data-lazy-loaded=\"1\" \/><\/figure>\n<\/div>\n<p><span>Pokud jste pr\u00e1v\u011b nebyli p\u0159eneseni z jin\u00e9 planety (nebo jste se odv\u00e1\u017eili mimo BBC nebo CNN jako \u201ezdroj informac\u00ed\u201c), u\u017e zn\u00e1te odpov\u011b\u010f na tuto ot\u00e1zku.<\/span><\/p>\n<p><span>Ale korelace nerovn\u00e1 se kauzalita, \u017ee?<\/span><\/p>\n<p><span>Ale je to tu znovu.\u00a0Po o\u010dkov\u00e1n\u00ed \u201eprioritn\u00edch p\u0159\u00edpad\u016f\u201c (t\u011bch, kte\u0159\u00ed jsou klinicky zraniteln\u00ed) v polovin\u011b prosince 2020, se koncem \u00fanora 2021 rozb\u011bhne festival o\u010dkov\u00e1n\u00ed pro zbytek do 25 let a sv\u00e9ho prvn\u00edho vrcholu dos\u00e1hne 10. dubna.\u00a0O dva m\u011bs\u00edce pozd\u011bji po\u010det \u00famrt\u00ed vrchol\u00ed.<\/span><\/p>\n<p><span>Prob\u00edh\u00e1 druh\u00e1 vlna o\u010dkov\u00e1n\u00ed, vrchol\u00ed 22. kv\u011btna.\u00a0O \u010dty\u0159i m\u011bs\u00edce pozd\u011bji \u00famrt\u00ed op\u011bt vrchol\u00ed.<\/span><\/p>\n<p><span>Na podzim roku 2021 za\u010dne vzestup a na ja\u0159e roku 2022 op\u011bt poroste po\u010det \u00famrt\u00ed.<\/span><\/p>\n<p><span>Hromada fale\u0161n\u00fdch korelac\u00ed, &#8222;chyt\u00e1m se st\u00e9bla&#8220;?\u00a0No, jde o to.<\/span><\/p>\n<div class=\"wp-block-image\">\n<figure class=\"aligncenter size-large\"><img decoding=\"async\" class=\"jetpack-lazy-image jetpack-lazy-image--handled aligncenter\" src=\"https:\/\/i0.wp.com\/expose-news.com\/wp-content\/uploads\/2022\/10\/image-221.png?resize=768%2C266&amp;ssl=1\" alt=\"\" data-lazy-loaded=\"1\" \/><figcaption><span>M\u00fdm \u00fakolem nen\u00ed dokazovat kauzalitu, je na vl\u00e1d\u011b a jej\u00edch org\u00e1nech, aby ji vyvr\u00e1tily.\u00a0Vyz\u00fdv\u00e1m CDC, FDA, HHS atd., a\u0165 je za to kdokoli zodpov\u011bdn\u00fd, aby dok\u00e1zal, \u017ee \u017e\u00e1dn\u00e9 z 8 000 nadm\u011brn\u00fdch \u00famrt\u00ed mlad\u0161\u00edch 25 let v Americe nebylo zp\u016fsobeno va\u0161imi farmaceutick\u00fdmi a nefarmaceutick\u00fdmi z\u00e1sahy.<\/span><\/figcaption><\/figure>\n<\/div>\n<p><span>Co kdybychom to vzali jako v\u00fdchoz\u00ed bod a nechali si zast\u00e1nce, aby n\u00e1m \u0159ekli, jak tuto pozici obh\u00e1jit?<\/span><\/p>\n<p><em><span>O autorovi: <strong>Joel Smalley<\/strong> je architekt blockchainu v ran\u00e9 f\u00e1zi a technolog \u0159\u00edzen\u00fd daty.\u00a0M\u00e1 zku\u0161enosti s kapit\u00e1lov\u00fdmi trhy, biotechnologiemi, maloobchodn\u00edmi platbami a blockchainovou architekturou.\u00a0Prov\u00e1d\u00ed pro bono anal\u00fdzu dat Covid pro pr\u00e1vn\u00ed v\u00fdzvy a nez\u00e1visl\u00e1 m\u00e9dia p\u0159i hled\u00e1n\u00ed pravdy.\u00a0Pravideln\u011b publikuje \u010dl\u00e1nky na sv\u00e9m substacku &#8218;Dead Man Talking&#8216;, k jeho\u017e odb\u011bru se\u00a0m\u016f\u017eete p\u0159ihl\u00e1sit\u00a0<\/span><a href=\"https:\/\/substack.com\/profile\/30382446-joel-smalley\" target=\"_blank\" rel=\"noreferrer noopener\" data-type=\"URL\" data-id=\"https:\/\/substack.com\/profile\/30382446-joel-smalley\"><span>ZDE .<\/span><\/a><\/em><\/p>\n<p><img decoding=\"async\" loading=\"lazy\" class=\"alignnone size-full wp-image-1185\" src=\"http:\/\/www.infokuryr.cz\/n\/wp-content\/uploads\/2021\/04\/kuryr-podpis.png\" alt=\"\" width=\"84\" height=\"24\" \/><\/p>\n<p>&nbsp;<\/p>\n","protected":false},"excerpt":{"rendered":"<p>B\u011bhem prvn\u00edch dvou a p\u016fl let od vypuknut\u00ed COVID zem\u0159elo o 150 000 v\u00edce Ameri\u010dan\u016f&#8230;<\/p>\n","protected":false},"author":2,"featured_media":17321,"comment_status":"closed","ping_status":"closed","sticky":false,"template":"","format":"standard","meta":[],"categories":[7],"tags":[3654,694,213,523,37,651],"_links":{"self":[{"href":"https:\/\/www.infokuryr.cz\/n\/wp-json\/wp\/v2\/posts\/17320"}],"collection":[{"href":"https:\/\/www.infokuryr.cz\/n\/wp-json\/wp\/v2\/posts"}],"about":[{"href":"https:\/\/www.infokuryr.cz\/n\/wp-json\/wp\/v2\/types\/post"}],"author":[{"embeddable":true,"href":"https:\/\/www.infokuryr.cz\/n\/wp-json\/wp\/v2\/users\/2"}],"replies":[{"embeddable":true,"href":"https:\/\/www.infokuryr.cz\/n\/wp-json\/wp\/v2\/comments?post=17320"}],"version-history":[{"count":0,"href":"https:\/\/www.infokuryr.cz\/n\/wp-json\/wp\/v2\/posts\/17320\/revisions"}],"wp:featuredmedia":[{"embeddable":true,"href":"https:\/\/www.infokuryr.cz\/n\/wp-json\/wp\/v2\/media\/17321"}],"wp:attachment":[{"href":"https:\/\/www.infokuryr.cz\/n\/wp-json\/wp\/v2\/media?parent=17320"}],"wp:term":[{"taxonomy":"category","embeddable":true,"href":"https:\/\/www.infokuryr.cz\/n\/wp-json\/wp\/v2\/categories?post=17320"},{"taxonomy":"post_tag","embeddable":true,"href":"https:\/\/www.infokuryr.cz\/n\/wp-json\/wp\/v2\/tags?post=17320"}],"curies":[{"name":"wp","href":"https:\/\/api.w.org\/{rel}","templated":true}]}}