{"id":17307,"date":"2022-10-26T03:31:45","date_gmt":"2022-10-26T01:31:45","guid":{"rendered":"http:\/\/www.infokuryr.cz\/n\/?p=17307"},"modified":"2022-10-26T03:31:45","modified_gmt":"2022-10-26T01:31:45","slug":"v-severodonecku-exhumovali-58-pozustatku-obeti-ukrajinske-agrese","status":"publish","type":"post","link":"https:\/\/www.infokuryr.cz\/n\/2022\/10\/26\/v-severodonecku-exhumovali-58-pozustatku-obeti-ukrajinske-agrese\/","title":{"rendered":"V Severodon\u011bcku exhumovali 58 poz\u016fstatk\u016f ob\u011bt\u00ed ukrajinsk\u00e9 agrese"},"content":{"rendered":"<div id=\"fb-root\"><\/div>\n<p><strong><span>Ve m\u011bst\u011b Severodoneck, osvobozen\u00e9m od ukrajinsk\u00fdch jednotek, p\u0159edstavitel\u00e9 LLR vykopali 58 t\u011bl civilist\u016f ze spont\u00e1nn\u00edch poh\u0159ebi\u0161\u0165 vytvo\u0159en\u00fdch b\u011bhem obdob\u00ed aktivn\u00edch boj\u016f v oblasti.<\/span><\/strong><\/p>\n<p><span>Agentu\u0159e RIA Novosti to ozn\u00e1mila Julia Ko\u017eevnikova, z\u00e1stupkyn\u011b velitele poln\u00edho t\u00fdmu meziresortn\u00ed pracovn\u00ed skupiny.<\/span><\/p>\n<p><strong>\\&#8220;Bylo vyzvednuto 58 poz\u016fstatk\u016f civilist\u016f, ob\u011bt\u00ed ukrajinsk\u00e9 agrese,\\&#8220; \u0159ekla Ko\u017eevnikova.<\/strong><\/p>\n<p><span>Doplnila, \u017ee pr\u00e1ce na exhumaci t\u011blesn\u00fdch poz\u016fstatk\u016f pokra\u010duj\u00ed, funguje st\u00e1l\u00e1 linka.<\/span><\/p>\n<p><strong>\u201eZa den 50, mo\u017en\u00e1 v\u00edce telefon\u00e1t\u016f od p\u0159\u00edbuzn\u00fdch, vede se den\u00edk, zaznamen\u00e1v\u00e1me adresy spont\u00e1nn\u00edch poh\u0159ebi\u0161\u0165.\u00a0Pokud jsou p\u0159\u00edbuzn\u00ed ve m\u011bst\u011b, v Severodon\u011bcku, p\u0159ijedou k n\u00e1m do stanov\u00e9ho t\u00e1bora a d\u011bl\u00e1me v\u00fdjezdy, vyzdvihujeme poz\u016fstatky jejich bl\u00edzk\u00fdch,\u201c dodala Ko\u017eevnikova.<\/strong><\/p>\n<p><img decoding=\"async\" loading=\"lazy\" class=\"alignnone size-full wp-image-1185\" src=\"http:\/\/www.infokuryr.cz\/n\/wp-content\/uploads\/2021\/04\/kuryr-podpis.png\" alt=\"\" width=\"84\" height=\"24\" \/><\/p>\n<p>&nbsp;<\/p>\n","protected":false},"excerpt":{"rendered":"<p>Ve m\u011bst\u011b Severodoneck, osvobozen\u00e9m od ukrajinsk\u00fdch jednotek, p\u0159edstavitel\u00e9 LLR vykopali 58 t\u011bl civilist\u016f ze spont\u00e1nn\u00edch&#8230;<\/p>\n","protected":false},"author":2,"featured_media":17308,"comment_status":"closed","ping_status":"closed","sticky":false,"template":"","format":"standard","meta":[],"categories":[7],"tags":[738,1735,871,26],"_links":{"self":[{"href":"https:\/\/www.infokuryr.cz\/n\/wp-json\/wp\/v2\/posts\/17307"}],"collection":[{"href":"https:\/\/www.infokuryr.cz\/n\/wp-json\/wp\/v2\/posts"}],"about":[{"href":"https:\/\/www.infokuryr.cz\/n\/wp-json\/wp\/v2\/types\/post"}],"author":[{"embeddable":true,"href":"https:\/\/www.infokuryr.cz\/n\/wp-json\/wp\/v2\/users\/2"}],"replies":[{"embeddable":true,"href":"https:\/\/www.infokuryr.cz\/n\/wp-json\/wp\/v2\/comments?post=17307"}],"version-history":[{"count":0,"href":"https:\/\/www.infokuryr.cz\/n\/wp-json\/wp\/v2\/posts\/17307\/revisions"}],"wp:featuredmedia":[{"embeddable":true,"href":"https:\/\/www.infokuryr.cz\/n\/wp-json\/wp\/v2\/media\/17308"}],"wp:attachment":[{"href":"https:\/\/www.infokuryr.cz\/n\/wp-json\/wp\/v2\/media?parent=17307"}],"wp:term":[{"taxonomy":"category","embeddable":true,"href":"https:\/\/www.infokuryr.cz\/n\/wp-json\/wp\/v2\/categories?post=17307"},{"taxonomy":"post_tag","embeddable":true,"href":"https:\/\/www.infokuryr.cz\/n\/wp-json\/wp\/v2\/tags?post=17307"}],"curies":[{"name":"wp","href":"https:\/\/api.w.org\/{rel}","templated":true}]}}