{"id":17273,"date":"2022-10-26T01:01:23","date_gmt":"2022-10-25T23:01:23","guid":{"rendered":"http:\/\/www.infokuryr.cz\/n\/?p=17273"},"modified":"2022-10-25T16:40:36","modified_gmt":"2022-10-25T14:40:36","slug":"ukrajina-ocekava-ze-kazdy-mesic-dostane-od-eu-2-miliardy-dolaru","status":"publish","type":"post","link":"https:\/\/www.infokuryr.cz\/n\/2022\/10\/26\/ukrajina-ocekava-ze-kazdy-mesic-dostane-od-eu-2-miliardy-dolaru\/","title":{"rendered":"Ukrajina o\u010dek\u00e1v\u00e1, \u017ee ka\u017ed\u00fd m\u011bs\u00edc dostane od EU 2 miliardy dolar\u016f"},"content":{"rendered":"<div id=\"fb-root\"><\/div>\n<p><strong>Podle prezidentsk\u00e9ho poradce Volodymyra Zelensk\u00e9ho pro ekonomick\u00e9 ot\u00e1zky pot\u0159ebuje Ukrajina asi 4-5 miliard dolar\u016f m\u011bs\u00ed\u010dn\u011b.\u00a0Podle propo\u010dt\u016f ukrajinsk\u00e9 strany m\u016f\u017ee N\u011bmecko p\u0159evz\u00edt v\u00fdplatu 500 milion\u016f dolar\u016f m\u011bs\u00ed\u010dn\u011b s v\u00fdhledem do roku 2023, uvedl n\u011bmeck\u00fd list Die Welt.\u00a0Mezin\u00e1rodn\u00ed konference, kter\u00e1 se kon\u00e1 toto \u00fater\u00fd v Berl\u00edn\u011b, je v\u011bnov\u00e1na probl\u00e9m\u016fm obnovy.<\/strong><\/p>\n<p>Ukrajina \u017e\u00e1d\u00e1 od N\u011bmecka velk\u00e9 \u010d\u00e1stky pen\u011bz na financov\u00e1n\u00ed st\u00e1tu v dob\u011b v\u00e1lky, p\u00ed\u0161e n\u011bmeck\u00fd list Die Welt.<\/p>\n<p><em>\u201eNa n\u00e1\u0161 rozpo\u010det pot\u0159ebujeme \u010dty\u0159i a\u017e p\u011bt miliard dolar\u016f m\u011bs\u00ed\u010dn\u011b.\u00a0Domn\u00edv\u00e1me se, \u017ee N\u011bmecko m\u016f\u017ee z\u00edskat zhruba 500 milion\u016f dolar\u016f m\u011bs\u00ed\u010dn\u011b, p\u0159edev\u0161\u00edm s v\u00fdhledem do roku 2023.\u00a0Od EU jako celku o\u010dek\u00e1v\u00e1me asi dv\u011b miliardy dolar\u016f m\u011bs\u00ed\u010dn\u011b,<\/em>\u00a0&#8211; \u0159ekl novin\u00e1m medi\u00e1ln\u00ed skupiny Funke Alexander Rodnyansky, ekonomick\u00fd poradce prezidenta Vladimira Zelensk\u00e9ho.\u00a0<em>&#8222;St\u00e1t mus\u00ed fungovat, d\u016fchody se mus\u00ed vypl\u00e1cet.&#8220;<\/em><\/p>\n<p>Podle n\u011bj se p\u0159ed nejnov\u011bj\u0161\u00edmi \u00fatoky \u0161kody zp\u016fsoben\u00e9 zni\u010den\u00edm infrastruktury odhadovaly na zhruba 120 miliard USD. \u0160kody zp\u016fsoben\u00e9 ekonomice &#8211; zav\u00edr\u00e1n\u00ed podnik\u016f, nezam\u011bstnanost &#8211; se podle odhad\u016f Sv\u011btov\u00e9 banky pohybuj\u00ed od 200 do 250 miliard USD \u201e\u00a0<em>Podle progn\u00f3z se hrub\u00fd dom\u00e1c\u00ed produkt letos sn\u00ed\u017e\u00ed asi o 35 procent,\u201c<\/em>\u00a0uvedla Sv\u011btov\u00e1 banka.<\/p>\n<p>Co se t\u00fd\u010de nouzov\u00e9 pomoci pro Ukrajinu, Rodnyansky douf\u00e1, \u017ee z\u00edsk\u00e1 dieselov\u00e9 gener\u00e1tory, nouzov\u00e9 gener\u00e1tory nebo mobiln\u00ed elektr\u00e1rny ze Z\u00e1padu.\u00a0Mezin\u00e1rodn\u00ed konference o rekonstrukci, kter\u00e1 se kon\u00e1 toto \u00fater\u00fd v Berl\u00edn\u011b, se zam\u011b\u0159\u00ed na\u00a0<em>\u201est\u0159edn\u011bdob\u00e1 a dlouhodob\u00e1 t\u00e9mata\u201c<\/em>\u00a0po v\u00e1lce.<\/p>\n<p>Podle publikace odhadl ukrajinsk\u00fd premi\u00e9r Denys Shmyhal v pond\u011bl\u00ed na n\u011bmecko-ukrajinsk\u00e9 konferenci o rekonstrukci zem\u011b finan\u010dn\u00ed pot\u0159eby na obnovu zem\u011b na 750 miliard dolar\u016f, podle n\u011bmeck\u00e9ho kancl\u00e9\u0159e Olafa Scholze by to m\u011blo zohlednit budouc\u00ed \u010dlenstv\u00ed zem\u011b v EU.<\/p>\n<p>Ke konferenci o rekonstrukci Ukrajiny Rodnyansky \u0159ekl, \u017ee Ukrajina douf\u00e1 v lep\u0161\u00ed koordinaci se z\u00e1padn\u00edmi partnery, co\u017e by umo\u017enilo dohodnout se na pl\u00e1nu obnovy zem\u011b.\u00a0<em>\u201eMus\u00edme si ujasnit, kter\u00e1 odv\u011btv\u00ed pot\u0159ebujeme podporovat,<\/em>\u00a0\u201c vysv\u011btlil poradce Zelensk\u00e9ho v rozhovoru pro noviny skupiny Funke.<\/p>\n<p><img decoding=\"async\" loading=\"lazy\" class=\"alignnone size-full wp-image-1185\" src=\"http:\/\/www.infokuryr.cz\/n\/wp-content\/uploads\/2021\/04\/kuryr-podpis.png\" alt=\"\" width=\"84\" height=\"24\" \/><\/p>\n<p>&nbsp;<\/p>\n","protected":false},"excerpt":{"rendered":"<p>Podle prezidentsk\u00e9ho poradce Volodymyra Zelensk\u00e9ho pro ekonomick\u00e9 ot\u00e1zky pot\u0159ebuje Ukrajina asi 4-5 miliard dolar\u016f m\u011bs\u00ed\u010dn\u011b.\u00a0Podle&#8230;<\/p>\n","protected":false},"author":2,"featured_media":13596,"comment_status":"closed","ping_status":"closed","sticky":false,"template":"","format":"standard","meta":[],"categories":[7],"tags":[604,1242,26],"_links":{"self":[{"href":"https:\/\/www.infokuryr.cz\/n\/wp-json\/wp\/v2\/posts\/17273"}],"collection":[{"href":"https:\/\/www.infokuryr.cz\/n\/wp-json\/wp\/v2\/posts"}],"about":[{"href":"https:\/\/www.infokuryr.cz\/n\/wp-json\/wp\/v2\/types\/post"}],"author":[{"embeddable":true,"href":"https:\/\/www.infokuryr.cz\/n\/wp-json\/wp\/v2\/users\/2"}],"replies":[{"embeddable":true,"href":"https:\/\/www.infokuryr.cz\/n\/wp-json\/wp\/v2\/comments?post=17273"}],"version-history":[{"count":0,"href":"https:\/\/www.infokuryr.cz\/n\/wp-json\/wp\/v2\/posts\/17273\/revisions"}],"wp:featuredmedia":[{"embeddable":true,"href":"https:\/\/www.infokuryr.cz\/n\/wp-json\/wp\/v2\/media\/13596"}],"wp:attachment":[{"href":"https:\/\/www.infokuryr.cz\/n\/wp-json\/wp\/v2\/media?parent=17273"}],"wp:term":[{"taxonomy":"category","embeddable":true,"href":"https:\/\/www.infokuryr.cz\/n\/wp-json\/wp\/v2\/categories?post=17273"},{"taxonomy":"post_tag","embeddable":true,"href":"https:\/\/www.infokuryr.cz\/n\/wp-json\/wp\/v2\/tags?post=17273"}],"curies":[{"name":"wp","href":"https:\/\/api.w.org\/{rel}","templated":true}]}}