{"id":17246,"date":"2022-10-25T03:18:11","date_gmt":"2022-10-25T01:18:11","guid":{"rendered":"http:\/\/www.infokuryr.cz\/n\/?p=17246"},"modified":"2022-10-25T03:18:11","modified_gmt":"2022-10-25T01:18:11","slug":"nedelnik-adama-b-bartose-107-vzhuru-do-normalizace","status":"publish","type":"post","link":"https:\/\/www.infokuryr.cz\/n\/2022\/10\/25\/nedelnik-adama-b-bartose-107-vzhuru-do-normalizace\/","title":{"rendered":"NED\u011aLN\u00cdK ADAMA B. BARTO\u0160E (107) VZH\u016eRU DO NORMALIZACE"},"content":{"rendered":"<div id=\"fb-root\"><\/div>\n<p>Nevypad\u00e1 to, \u017ee by st\u00e1t zvl\u00e1dal energetickou krizi, jakkoli o tom premi\u00e9r H\u0148up neust\u00e1le b\u00e1sn\u00ed, hlavn\u011b p\u0159ed volbami. Dokonce by se dalo \u0159\u00edci, \u017ee st\u00e1t ani nem\u00e1 z\u00e1jem energetickou krizi vy\u0159e\u0161it.<span id=\"more-13259\"><\/span><\/p>\n<p>Za v\u0161echny jen dva p\u0159\u00edklady \u2013 vlastn\u011b t\u0159i. Zat\u00edmco ve v\u0161ech zem\u00edch zastropovali ceny plynu a elekt\u0159iny, u n\u00e1s to premi\u00e9r p\u0159es p\u016fl roku odm\u00edtal, \u017ee to pr\u00fd nejde. Zhruba t\u00fdden p\u0159ed volbami to najednou \u0161lo. No aby taky ne, kdy\u017e vl\u00e1da kone\u010dn\u011b vymyslela, jak to ud\u011blat, aby se vlk na\u017eral (lid dostal to, po \u010dem volal) a koza z\u016fstala cel\u00e1 (zisky z\u00e1padn\u00edch korporac\u00ed a spekulant\u016f neklesly) \u2013 vl\u00e1da to toti\u017e vymyslela tak, \u017ee zastropov\u00e1n\u00ed je jedno z nejvy\u0161\u0161\u00edch v Evrop\u011b. A ve skute\u010dnosti znamen\u00e1, \u017ee to, co bude nad onen strop, zaplat\u00ed energetick\u00fdm spekulant\u016fm ze st\u00e1tn\u00edho rozpo\u010dtu \u2013 neboli z na\u0161ich kapes. V\u0161emo\u017en\u00ed soro\u0161ov\u00e9 si mus\u00ed mnout ruce, jak se t\u011b\u0161\u00ed, \u017ee \u010desk\u00fd st\u00e1t (tedy n\u00e1s v\u0161echny) zase podoj\u00ed.<\/p>\n<p>Nebo ten tarif. To bylo po\u0159\u00e1d chv\u00e1st\u00e1n\u00ed o speci\u00e1ln\u00edm tarifu. Podrobnosti sice n\u011bkolik m\u011bs\u00edc\u016f nikdo neznal, ale p\u0159ed volbami se H\u0148up naparoval, jak vl\u00e1da sv\u00fdm de\u0161tn\u00edkem v\u0161echny ochr\u00e1n\u00ed. Pak jsme se dozv\u011bd\u011bli, \u017ee letos se vyplat\u00ed jen mal\u00e1 \u010d\u00e1st t\u00e9to \u201epodpory\u201c, kde\u017eto v\u011bt\u0161\u00ed \u010d\u00e1st bude vyplacena a\u017e p\u0159\u00ed\u0161t\u00ed rok. Z p\u016fvodn\u00edch 15 tis\u00edc se to n\u00e1hle smrsklo na n\u011bjak\u00e9 dva tis\u00edce. Sotva ale volby skon\u010dily, vl\u00e1da ozn\u00e1mila, \u017ee \u00fasporn\u00fd tarif od ledna ru\u0161\u00ed \u00fapln\u011b. Cel\u00e9 to bylo jen divadlo pro voli\u010de p\u0159ed volbami a to dokonce je\u0161t\u011b p\u0159ed druh\u00fdm kolem sen\u00e1tn\u00edch voleb ministr S\u00edkela m\u011bl tu drzost ozn\u00e1mit, \u017ee \u00fasporn\u00fd tarif se nebude vztahovat na celou spot\u0159ebu. Prost\u011b \u2013 d\u011blaj\u00ed si z n\u00e1s bl\u00e1zny, maj\u00ed n\u00e1s za blbce.<\/p>\n<p>Jin\u00fd p\u0159\u00edklad se t\u00fdk\u00e1 plynu. Kdy\u017e u\u017e jsme si tedy zak\u00e1zali \u201eideov\u011b z\u00e1vadn\u00fd\u201c plyn z Ruska, m\u011bl by se st\u00e1t sna\u017eit sehnat plyn n\u011bkde jinde. Ide\u00e1ln\u011b co nejlevn\u011bji. Probl\u00e9m ale je, \u017ee je plynu nedostatek, v\u011bt\u0161ina je vykoupena u\u017e dop\u0159edu. N\u011bkdy se ale stane doslova z\u00e1zrak. T\u0159eba kdy\u017e Katar m\u00e1 najednou plyn, kter\u00fd m\u011bla nasmlouvan\u00fd \u010c\u00edna, ale kv\u016fli covidov\u00fdm lockdown\u016fm v tamn\u00edm pr\u016fmyslu ho neodebere v p\u016fvodn\u011b po\u017eadovan\u00e9m mno\u017estv\u00ed. A Katar najednou m\u016f\u017ee Evrop\u011b prodat plyn, kter\u00fd Evropa tak tou\u017eebn\u011b vyhl\u00ed\u017e\u00ed a v\u0161ude mo\u017en\u011b pr\u00fd hled\u00e1 a \u0161pendl\u00ed\u010dkem hrabe, aby n\u011bjak\u00fd sehnala. Za evropsk\u00fdmi papal\u00e1\u0161i, kte\u0159\u00ed tou dobou dleli na Pra\u017esk\u00e9m hrad\u011b, katarsk\u00fd princ p\u0159ijel dokonce s\u00e1m osobn\u011b, tak\u017ee za n\u00edm nikam nemuseli potupn\u011b jezdit s pros\u00edkem. Ale oni ho odm\u00edtli pustit na summit. O jeho plyn evidentn\u011b nestoj\u00ed. P\u0159itom premi\u00e9r H\u0148up to mohl prodat jako v\u00fdsledek sv\u00e9ho p\u0159edsednictv\u00ed \u2013 s katarskou rodinou m\u00e1me v \u010cR zku\u0161enosti, dalo by se \u0159\u00edci, \u017ee \u010desk\u00e1 justice tehdy pon\u011bkud p\u0159imhou\u0159ila ob\u011b o\u010di v kauze katarsk\u00e9ho prince a jeho sexu s nezletil\u00fdmi. Tak\u017ee H\u0148up mohl klidn\u011b \u0159\u00edci \u2013 pod\u00edvej, Makr\u00f3ne, jak jsem tady pomohl vyjednat plyn pro Evropu, on m\u00e1 u n\u00e1s Katar takov\u00fd dlou\u017eek, takov\u00fd vroubek, a tak se mi poda\u0159ilo zajistit dobrou cenu plynu nejen pro n\u00e1s, ale rovnou pro celou \u00e9\u00fa. Jen\u017ee P\u00e9\u0165ovo p\u0159edsednictv\u00ed je jen na oko, jak ostatn\u011b cel\u00fd pra\u017esk\u00fd summit, kde byl hlavn\u00ed \u201ehv\u011bzdou\u201c francouzsk\u00fd prezident. Moc se n\u00e1m do toho, H\u0148upe, neple\u0165. Evropa katarsk\u00fd plyn nechce a dost bych se divil, kdyby ho cht\u011bla alespo\u0148 \u010cesk\u00e1 republika. Vypad\u00e1 to, \u017ee i kdy\u017e se vl\u00e1da tv\u00e1\u0159\u00ed ustaran\u011b, o \u0159e\u0161en\u00ed krize j\u00ed nejde. Jde j\u00ed o tu krizi samotnou \u2013 o to, aby neustala, ale pokra\u010dovala. Proto\u017ee takov\u00e9 noti\u010dky z\u0159ejm\u011b ze Z\u00e1padu dostala\u2026<\/p>\n<p>O\u010d m\u00e9n\u011b vl\u00e1da \u0159e\u0161\u00ed krizi, o to v\u00edce se p\u0159ipravuje na nepokoje, cvi\u010d\u00ed z\u00e1sahy policist\u016f na demonstrantech v Josefov\u011b a v\u016fbec v\u0161elijak koum\u00e1, jak co nej\u00fa\u010dinn\u011bji zpacifikovat vyd\u011b\u0161en\u00e9 ob\u010dany, jejich\u017e radikalizace se pr\u00fd ob\u00e1v\u00e1. Hlavn\u00ed prim v tom hraje ministerstvo vnitra. Pod\u00edvejme se proto na nejbl\u00e1zniv\u011bj\u0161\u00ed n\u00e1pady z d\u00edlny ministra Raku\u0161ana. Za upozorn\u011bn\u00ed d\u011bkuji sv\u00e9mu kolegovi, kter\u00fd mi odkazy poslal.<\/p>\n<p>Navenek se sice ministerstvo (a nejen to) tv\u00e1\u0159\u00ed, \u017ee obav\u00e1m lid\u00ed rozum\u00ed a nechce je zleh\u010dovat. I to je sou\u010d\u00e1st krizov\u00e9 komunikace. N\u011bjac\u00ed \u201eexperti\u201c vl\u00e1d\u011b poradili, \u017ee ozna\u010dovat lidi na V\u00e1clav\u00e1ku za rusk\u00e9 \u0161v\u00e1by a trolly je dost nebezpe\u010dn\u00e9 a \u017ee by m\u011bli sp\u00ed\u0161e lidi uklid\u0148ovat, tv\u00e1\u0159it se ch\u00e1pav\u011b a hlavn\u011b po\u0159\u00e1d a st\u00e1le dokola opakovat, \u017ee vl\u00e1da m\u00e1 \u0159e\u0161en\u00ed. Jen\u017ee n\u011bkde za tou v\u0161\u00ed p\u00f3zou se skr\u00fdvaj\u00ed mnohem m\u00e9n\u011b ch\u00e1pav\u00e9 kroky Raku\u0161anova ministerstva.<\/p>\n<p>Z unikl\u00fdch materi\u00e1l\u016f, ze kter\u00fdch citovala i hlavn\u00ed m\u00e9dia, jsme se tak mezi \u0159\u00e1dky mohli dozv\u011bd\u011bt nap\u0159\u00edklad to, \u017ee vl\u00e1da se chyst\u00e1 k\u00e1drovat st\u00e1tn\u00ed zam\u011bstnance. Poj\u010fme se na to pod\u00edvat podrobn\u011bji:<\/p>\n<p><a href=\"https:\/\/ekonomickydenik.cz\/pracovnici-statni-a-verejne-zpravy-se-radikalizuji-zni-z-vnitra-kvuli-sjednocene-komunikaci-statu-tam-vznikl-krizovy-informacni-tym\/\" target=\"_blank\" rel=\"noopener\"><em><strong>V tomto \u010dl\u00e1nku<\/strong><\/em><\/a>\u00a0se p\u00ed\u0161e o tom, \u017ee vznikl nov\u00fd projekt KRIT (Krizov\u00fd informa\u010dn\u00ed t\u00fdm Ministra vnitra \u010cesk\u00e9 republiky), kter\u00fd vypracov\u00e1v\u00e1 pro vl\u00e1du, ministerstva a dal\u0161\u00ed org\u00e1ny ve\u0159ejn\u00e9 spr\u00e1vy anal\u00fdzy rizik a p\u0159ipravuje pro n\u011b tak\u00e9 n\u00e1vrhy na krizovou komunikaci. V\u0161\u00edm\u00e1 si nar\u016fstaj\u00edc\u00ed frustrace ve spole\u010dnosti, kter\u00e1 se logicky nem\u016f\u017ee vyhnout ani st\u00e1tn\u00edm \u00fa\u0159edn\u00edk\u016fm \u010di bezpe\u010dnostn\u00edm slo\u017ek\u00e1m, kte\u0159\u00ed jsou tak\u00e9 jenom lid\u00e9 a tak\u00e9 si cht\u011bj\u00ed doma zatopit. T\u00fdm (st\u00e1t) se ob\u00e1v\u00e1, \u017ee ztrat\u00ed loajalitu t\u011bchto zam\u011bstnanc\u016f, kte\u0159\u00ed by se mohli p\u0159idat na stranu \u201edezinforma\u010dn\u00ed sc\u00e9ny\u201c. A to by byl pr\u00fd pr\u016f\u0161vih, kter\u00fd by mohl v\u00e9st ke kolapsu syst\u00e9mu a dokonce a\u017e k n\u00e1sil\u00ed.<\/p>\n<p>\u201eV \u010cesk\u00e9 republice pr\u00e1v\u011b prob\u00edh\u00e1 politick\u00fd st\u0159et o to, zda bude energetick\u00e1 krize interpretov\u00e1na jako selh\u00e1n\u00ed st\u00e1tu, nebo coby d\u016fsledek rusk\u00e9 \u00b4energetick\u00e9 v\u00e1lky\u00b4, je\u017e si klade za c\u00edl rozklad \u010desk\u00e9 spole\u010dnosti. Lid\u00e9 jsou krajn\u011b znejist\u011bl\u00ed a boj\u00ed se budoucnosti. \u010casto nev\u011bd\u00ed, jak zaplat\u00ed \u00fa\u010dty za elekt\u0159inu a zda budou m\u00edt na z\u00e1kladn\u00ed \u017eivotn\u00ed pot\u0159eby. \u010c\u00e1st spole\u010dnosti se radikalizuje. A vol\u00e1 po zm\u011bn\u011b politick\u00e9 reprezentace. \u00dakolem st\u00e1tu proto je v kr\u00e1tk\u00e9m \u010dase u\u010dinit takov\u00e1 opat\u0159en\u00ed, kter\u00e1 odvr\u00e1t\u00ed propad des\u00edtek tis\u00edc dom\u00e1cnost\u00ed do chudoby a zklidn\u00ed situaci. Pokud se mu to nepoda\u0159\u00ed, hroz\u00ed soci\u00e1ln\u00ed ot\u0159esy, kter\u00e9 mohou vy\u00fastit a\u017e k destrukci st\u00e1vaj\u00edc\u00edho politick\u00e9ho syst\u00e9m,\u201c stoj\u00ed nap\u0159\u00edklad ve v\u00fdstupech Krizov\u00e9ho informa\u010dn\u00edho t\u00fdmu ministerstva vnitra.<\/p>\n<p>Jako\u00a0<a href=\"https:\/\/www.seznamzpravy.cz\/clanek\/domaci-politika-rakusanuv-tym-varuje-radikalizovat-se-mohou-i-zamestnanci-statu-215986\" target=\"_blank\" rel=\"noopener\"><em><strong>jedno z \u0159e\u0161en\u00ed<\/strong><\/em><\/a>\u00a0navrhuje t\u00fdm \u201eanonymizovan\u00fd monitoring n\u00e1lad ve st\u00e1tn\u00ed a ve\u0159ejn\u00e9 spr\u00e1v\u011b\u201c a \u201ev\u010dasnou identifikaci osob, kter\u00e9 mohou \u0161\u00ed\u0159it antisyst\u00e9mov\u00e9 n\u00e1lady a jejich zapojen\u00ed do dialogu\u201c. No \u2013 minim\u00e1ln\u011b si to trochu odporuje. Monitoring bude anonymizovan\u00fd, ale antisyst\u00e9mov\u011b uva\u017euj\u00edc\u00ed zam\u011bstnance bude z\u00e1jem v\u010das identifikovat.<\/p>\n<p>Fr\u00e1ze o dialogu je vysloven\u011b sm\u011b\u0161n\u00e1, tato vl\u00e1da o \u017e\u00e1dn\u00fd dialog nestoj\u00ed, lidem za jin\u00fd n\u00e1zor hroz\u00ed v\u011bzen\u00edm a vyp\u00edn\u00e1 jim jejich informa\u010dn\u00ed kan\u00e1ly, kter\u00e9 se vl\u00e1d\u011b nel\u00edb\u00ed. Term\u00edn \u201edialog\u201c je tak sp\u00ed\u0161e eufemismem pro pohovor, kter\u00fdm se budou vytipovan\u00ed zam\u011bstnanci a \u00fa\u0159edn\u00edci proklep\u00e1vat. Kdo touto prov\u011brkou neprojde, bude vyhozen.<\/p>\n<p>V\u00fd\u0161e zm\u00edn\u011bn\u00fd \u010dl\u00e1nek mluv\u00ed o \u201eintern\u00edch dotazn\u00edc\u00edch\u201c apod. Neboli \u2013 p\u0159elo\u017eeno do srozumiteln\u00e9ho jazyka \u2013 st\u00e1tn\u00ed zam\u011bstnanci budou prok\u00e1drov\u00e1ni, zda nemaj\u00ed nevhodn\u00e9 n\u00e1zory, poznamen\u00e1v\u00e1 k tomu m\u016fj kolega. A jde je\u0161t\u011b d\u00e1l a pt\u00e1 se: nep\u0159ipravuj\u00ed se na \u00fa\u0159adech \u010distky? \u010cistky ve smyslu, \u017ee se nebude tolerovat \u017e\u00e1dn\u00fd vlastenec, \u017e\u00e1dn\u00fd vla\u017en\u00fd \u010dlov\u011bk aktivn\u011b neadoruj\u00edc\u00ed neomarxismus doma i v pr\u00e1ci i jinde\u2026?<\/p>\n<p>Nemysl\u00edm si, \u017ee by ten n\u00e1pad byl z hlavy ministra, on bude nejsp\u00ed\u0161e z hlavy t\u011bch namachrovan\u00fdch \u201eexpert\u016f\u201c p\u0159es komunikaci a marketing, kte\u0159\u00ed jednou rad\u00ed m\u00e9di\u00edm, jindy korporac\u00edm a n\u011bkdy zase jen tak na skok porad\u00ed i vl\u00e1d\u011b. Jsou to experti asi tak, jako byli \u201eexperty\u201c v\u0161emo\u017en\u00ed zakl\u00edna\u010di covidem, kte\u0159\u00ed n\u00e1s z televiz\u00ed pou\u010dovali o d\u016fle\u017eitosti rou\u0161ek \u010di vpichu. Hipste\u0159i, havlisti, neomarxisti, liber\u00e1lov\u00e9, kte\u0159\u00ed u\u017e ani neum\u011bj\u00ed mluvit \u010desky, jen n\u011bjakou poangli\u010dt\u011bnou korpor\u00e1tn\u00ed hatmatilkou, p\u0159esv\u011bd\u010den\u00ed o tom, \u017ee pr\u016fser, do kter\u00e9ho se \u0159\u00edt\u00edme, se d\u00e1 vy\u0159e\u0161it nau\u010den\u00fdmi fr\u00e1zemi a v\u010dasn\u00fdm odhalov\u00e1n\u00edm \u201epot\u00ed\u017eist\u016f\u201c.<\/p>\n<p>Podle mne jsou i oni sou\u010d\u00e1st\u00ed probl\u00e9mu, proto\u017ee kdy\u017e u\u017e jim jednou bude naslouch\u00e1no, kdy\u017e u\u017e jednou takov\u00fd \u00fa\u0159ad \/ t\u00fdm \/ \u010di jak tomu budeme \u0159\u00edkat vznikl, bude si vym\u00fd\u0161let \u010dinnost, aby ospravedlnil svou pr\u00e1ci, jak spr\u00e1vn\u011b poznamen\u00e1v\u00e1 m\u016fj kolega: bude muset vykazovat, \u017ee chytil dal\u0161\u00ed diverzanty a radik\u00e1ly a vyhodil je z pr\u00e1ce. A t\u011bch zadr\u017een\u00fdch osob bude muset b\u00fdt mnoho. KRIT tak bude d\u00e1vat sign\u00e1ly, \u017ee situace je v\u00e1\u017en\u00e1, a je t\u0159eba mu p\u0159idat pen\u00edzky a pravomoce.\u201c<\/p>\n<p>I kdy\u017e mnoz\u00ed vlastenci v\u011b\u0159\u00ed, \u017ee takov\u00fd syst\u00e9m nem\u016f\u017ee vydr\u017eet dlouho a \u017ee to brzy rupne, nejpozd\u011bji tehdy, a\u017e zmrzl\u00fd lid pot\u00e1hne ulicemi, vypad\u00e1 to sp\u00ed\u0161e, \u017ee se nach\u00e1z\u00edme v dob\u011b normalizace, kdy bylo k \u201erupnut\u00ed\u201c daleko (a to, \u017ee to rupnut\u00ed nakonec bylo rupnut\u00ed k hor\u0161\u00edmu, \u017ee vlastn\u011b normalizace byla lep\u0161\u00ed ne\u017e to, co p\u0159i\u0161lo n\u00e1sledn\u011b s Vendou Fla\u0161kou, to te\u010f ponechme stranou). Uv\u011bdomme si, \u017ee Velk\u00fd reset a chystan\u00fd elektronick\u00fd koncentr\u00e1k, kter\u00fd se na n\u00e1s chyst\u00e1, nebude n\u011bco, co se n\u00e1m poda\u0159\u00ed \u201eo\u0161vejkovat\u201c. Bude\u0161 zlobit, nedostane\u0161 \u201enepodm\u00edn\u011bn\u00fd\u201c p\u0159\u00edjem. Bude\u0161 zlobit, nevpust\u00edme t\u011b tam \u010di onde. Bude\u0161 zlobit, zav\u0159eme t\u011b doma a don\u00e1\u0161kov\u00e1 slu\u017eba t\u011b bude ok\u00e1zale ignorovat. Vzpome\u0148me jen, jak syst\u00e9m zato\u010dil se vzpourou kamio\u0148\u00e1k\u016f v Kanad\u011b. Zmrazili jim \u00fa\u010dty a zmrazili je i t\u011bm, kte\u0159\u00ed se pak kamio\u0148\u00e1k\u016fm sna\u017eili pom\u00e1hat. Mo\u017enosti syst\u00e9mu jsou v dne\u0161n\u00ed dob\u011b hroziv\u00e9 a rostou ka\u017ed\u00fdm dnem. Tak\u017ee ano \u2013 m\u016f\u017ee to rupnout, ale m\u016f\u017ee se i st\u00e1t, \u017ee se syst\u00e9m \u201ezabetonuje\u201c ve sv\u00fdch pozic\u00edch.<\/p>\n<p>Te\u010f pro odleh\u010den\u00ed jedna perli\u010dka, kter\u00e1 u\u017e n\u011bkter\u00fdmi m\u00e9dii tak\u00e9 prolet\u011bla, ale slu\u0161\u00ed se, aby byla vzpomenuta i v ned\u011bln\u00edku. Krom\u011b v\u0161ech v\u00fd\u0161e nazna\u010den\u00fdch vymo\u017eenost\u00ed, kter\u00e9 sou\u010dasn\u00e9mu re\u017eimu poskytuj\u00ed technologie, nechce st\u00e1t nic nechat n\u00e1hod\u011b. Proto\u017ee my jako vlastenci nem\u00e1me m\u00e9dia (ty, co jsme m\u011bli, n\u00e1m zak\u00e1zali) a pen\u00edze, mus\u00edme si pom\u00e1hat partyz\u00e1nsky \u2013 \u010dern\u00fdm v\u00fdlepem a \u0161eptandou. St\u00e1t nechce z\u016fstat pozadu. Proto\u017ee je p\u0159esv\u011bd\u010den, \u017ee lid na V\u00e1clav\u00e1k p\u0159ivedly let\u00e1ky na lamp\u00e1ch, hodl\u00e1 i on vyu\u017e\u00edt i ten posledn\u00ed komunika\u010dn\u00ed n\u00e1stroj \u2013 v\u010detn\u011b n\u00e1st\u011bnek. A jsme op\u011bt v normalizaci. N\u00e1st\u011bnky na n\u00e1m\u011bst\u00ed, n\u00e1st\u011bnky u kostela, n\u00e1st\u011bnky na radnici, n\u00e1st\u011bnky na zast\u00e1vce a nejsp\u00ed\u0161e i n\u00e1st\u011bnky ve spole\u010dn\u00fdch panel\u00e1kov\u00fdch prostor\u00e1ch, kter\u00e9 bude spravovat n\u011bjak\u00e1 domovn\u00ed d\u016fv\u011brnice, kter\u00e1 si je\u0161t\u011b jen tak bokem bude zapisovat, kdo nevyv\u011bsil modrou \/ tibetskou \/ duhovou \/ ukrajinskou \u010di j\u00e1 nev\u00edm jakou vlajku z okna. Ne, ned\u011bl\u00e1m si legraci z n\u00e1st\u011bnek, n\u011bkte\u0159\u00ed na\u0161i \u010dlenov\u00e9 si tento zp\u016fsob komunikace s ob\u010dany obl\u00edbili, tak\u017ee nap\u0159\u00edklad v \u010cesk\u00e9 Skalici m\u00e1 n\u00e1rodn\u011b-demokratick\u00e1 n\u00e1st\u011bnka svoji tradici a p\u0159iv\u00e1d\u00ed tamn\u00ed havlistickou sebranku k zu\u0159ivosti natolik, \u017ee n\u00e1m ji nejednou zni\u010dili. Ale rozd\u00edl mezi n\u00e1st\u011bnkou N\u00e1rodn\u00ed demokracie a \u201eprotidezinforma\u010dn\u00edmi n\u00e1st\u011bnkami ministra Raku\u0161ana\u201c bude v tom, \u017ee Raku\u0161anovy n\u00e1st\u011bnky budou financovan\u00e9 za st\u00e1tn\u00edho rozpo\u010dtu. Jakoby nesta\u010dilo, \u017ee ze sv\u00fdch pen\u011bz mus\u00edme platit ty l\u017eiv\u00e9 v\u00fdblitky \u010deskotelevizn\u00ed v\u00e1le\u010dn\u00e9 propagandy, my si je\u0161t\u011b budeme platit n\u00e1st\u011bnky, ze kter\u00fdch na n\u00e1s bude koukat P\u00e9\u0165a H\u0148up a bude v\u00fdznamn\u011b ukazovat na hodinky, zda netop\u00edme p\u0159\u00edli\u0161 dlouho (a na v\u00edc ne\u017e na devaten\u00e1ct).<\/p>\n<p><img decoding=\"async\" loading=\"lazy\" class=\"size-full wp-image-13261 lazy-loaded aligncenter\" src=\"https:\/\/narodnidemokracie.cz\/wp-content\/uploads\/2022\/10\/thumbnail.jpg\" sizes=\"(max-width: 472px) 100vw, 472px\" srcset=\"https:\/\/narodnidemokracie.cz\/wp-content\/uploads\/2022\/10\/thumbnail.jpg 472w, https:\/\/narodnidemokracie.cz\/wp-content\/uploads\/2022\/10\/thumbnail-294x300.jpg 294w, https:\/\/narodnidemokracie.cz\/wp-content\/uploads\/2022\/10\/thumbnail-255x260.jpg 255w\" alt=\"\" width=\"472\" height=\"482\" data-lazy-type=\"image\" data-src=\"https:\/\/narodnidemokracie.cz\/wp-content\/uploads\/2022\/10\/thumbnail.jpg\" data-srcset=\"\" \/><\/p>\n<p>Ale od primitivn\u00edch n\u00e1st\u011bnek (od kter\u00fdch si ale vnitro hodn\u011b slibuje) zp\u011bt k modern\u00edm technologi\u00edm. A zase v tom m\u00e1 prsty vnitro. A zase mne na to upozornil ten m\u016fj zn\u00e1m\u00fd: jde o to, \u017ee n\u00e1m (u\u017e zase) budou m\u011bnit ob\u010danky. U\u017e te\u010f v nich m\u00e1me \u010dip a v n\u011bm otisky prst\u016f, fotku rohovky a j\u00e1 nev\u00edm, co je\u0161t\u011b v\u0161echno dal\u0161\u00edho. Te\u010f se bude m\u011bnit holografick\u00fd prvek. No v\u011b\u0159te tomu. Jak\u00e1si Gabriela Kru\u0161inov\u00e1 z Ministerstva financ\u00ed k tomu uvedla:<\/p>\n<p><em>\u201eZm\u011bna holografick\u00e9ho prvku na eOb\u010dansk\u00fdch pr\u016fkazech (eOP) nen\u00ed realizov\u00e1na z d\u016fvodu pot\u0159eby zv\u00fd\u0161it aktu\u00e1ln\u00ed \u00farove\u0148 zabezpe\u010den\u00ed eOP, kter\u00e1 je v sou\u010dasnosti vysok\u00e1 a dosta\u010duj\u00edc\u00ed. V tomto p\u0159\u00edpad\u011b se jedn\u00e1 o obm\u011bnu holografick\u00e9ho prvku na z\u00e1klad\u011b po\u017eadavku Ministerstva vnitra \u010cR jako zadavatele specifikace dokladu,\u201c<\/em>\u00a0\u0159ekla pro m\u00e9dia.<\/p>\n<p>Kdy\u017e je ale n\u011bco dosta\u010duj\u00edc\u00ed (sou\u010dasn\u00e9 zabezpe\u010den\u00ed), ba je dokonce \u2013 jak ona tvrd\u00ed \u2013 vysok\u00e9, pro\u010d se tedy m\u011bn\u00ed? A co se vlastn\u011b m\u011bn\u00ed? Jak m\u016f\u017eeme v\u011bd\u011bt, co se m\u011bn\u00ed? Co kdy\u017e nejde v\u016fbec o \u017e\u00e1dn\u00fd holografick\u00fd prvek, ale pr\u00e1v\u011b o to, co v\u0161echno na v\u00e1s va\u0161e ob\u010danka bude moci nabonzovat, kdy\u017e se dostane do rukou policisty, kter\u00fd v\u00e1s bude perlustrovat? M\u016fj zn\u00e1m\u00fd logicky p\u0159edpokl\u00e1d\u00e1, \u017ee v tom bude n\u011bjak\u00e1 \u201e\u010dertovina\u201c. A kdyby n\u00e1hodou nebyla, tvrd\u00ed, \u017ee si um\u00ed p\u0159edstavit, \u017ee by b\u00fdt mohla: Jestli\u017ee KRIT bude fungovat p\u0159esn\u011b stejn\u011b jako est\u00e9b\u00e1ci (net\u0159eba pochybovat), je d\u016fvodn\u00e9 tyto dva \u201eprojekty\u201c spolu propojit. P\u0159inese to velk\u00e9 vylep\u0161en\u00ed pro KRI\u0165\u00e1ky pracuj\u00edc\u00ed v t\u00fdmu, spolupracuj\u00edc\u00ed s novodobou est\u00e9b\u00e9\u2026<\/p>\n<p>No jen si to p\u0159edstavte. Co kdyby na \u010dipu ob\u010danky nebyly jen va\u0161e otisky prst\u016f, va\u0161e rohovka a va\u0161e \u00fadaje o tom, zda jste prod\u011blali vpich \u010di ne (tedy Covid-pass), ale co kdyby tam byly i informace o tom, jak jste spolehliv\u00ed, ideov\u011b a politicky uv\u011bdom\u011bl\u00ed, na jak\u00e9 weby chod\u00edte apod. T\u0159eba tam bude informace, \u017ee nevyv\u011b\u0161ujete ukrajinsk\u00e9 vlaje\u010dky (jak zjistila pan\u00ed domovnice) a \u017ee jste ned\u00e1vno dostali vyhazov ze st\u00e1tn\u00edho \u00fa\u0159adu, proto\u017ee jste prokremelsky orientov\u00e1n \u010di jinak nespolehliv\u00fd a nepro\u0161li jste proto prov\u011brkou. Z\u00e1vadovou osobu jen tak podle viz\u00e1\u017ee policista nepozn\u00e1, ale kdy\u017e dostane pot\u0159ebn\u00e9 informace na podnose, bude hned v\u011bd\u011bt, jak se k v\u00e1m zachovat. Pokud jste \u201eKRI\u0164\u00c1K\u201c, co jde jen kolem nebo se dokonce na demonstraci infiltruje, aby tu nas\u00e1val n\u00e1lady ve spole\u010dnosti a zji\u0161\u0165oval, co si lidi opravdu mysl\u00ed, m\u016f\u017eete j\u00edt. Ale pokud jste vlastenec, kter\u00fd ani nev\u00ed, \u017ee m\u00e1 na ob\u010dance z\u00e1znam o sv\u00e9m flastru, tak se mo\u017en\u00e1 budete divit, pro\u010d se k v\u00e1m v\u016fbec nechovaj\u00ed mile a necht\u011bj\u00ed v\u00e1s pustit d\u00e1l.<\/p>\n<p>P\u0159edstavte si, \u017ee jdete na demonstraci na V\u00e1clav\u00e1k a tam si v\u00e1s proklepnou, aby se jednou pro v\u017edy ud\u011blala p\u0159\u00edtr\u017e spekulac\u00edm, kdo tam u toho kon\u011b vlastn\u011b demonstroval \u2013 zda oby\u010dejn\u00ed lid\u00e9 boj\u00edc\u00ed se krut\u00e9 zimy a studen\u00fdch radi\u00e1tor\u016f nebo dezinforma\u010dn\u00ed Putinovi slouhov\u00e9. A najednou v tom bude m\u00edt pan policista jasno, proto\u017ee mu to tam nahl\u00e1s\u00ed, \u017ee jste nebezpe\u010dn\u00fd \u017eivel a jako takov\u00fd nem\u00e1te na protest pr\u00e1vo. Protestovat m\u016f\u017eou jen slu\u0161n\u00ed lid\u00e9.<\/p>\n<p>Zp\u00e1tky k \u010dl\u00e1nku. Jako argument se uv\u00e1d\u00ed, \u017ee by nov\u00fd holografick\u00fd prvek m\u011bl \u00fa\u010dinn\u011bji br\u00e1nit pad\u011bl\u00e1n\u00ed ob\u010danky. Pane Bo\u017ee \u2013 copak n\u011bkdo pad\u011bl\u00e1 ob\u010danky? Kdo by to d\u011blal? Imigranti z Afriky jak\u00e9koli doklady p\u00e1l\u00ed \u010di zahazuj\u00ed a pak se \u010dty\u0159icetilet\u00fd t\u00fdpek vyd\u00e1v\u00e1 za dvan\u00e1ctilet\u00e9 d\u00edt\u011b a nikdo proti tomu ani necekne. Ukrajinci se p\u0159es hranice hrnou a nikdo nekontroluje, pro\u010d sem jdou, zda mezi nimi nejsou mafi\u00e1ni \u010di jin\u00ed zlo\u010dinci a zda n\u00e1hodou v aut\u011b nevezou americk\u00e9\u00a0<em>javeliny<\/em>, kter\u00e9 si na Ukrajin\u011b rozkradli. Zkr\u00e1tka \u2013 \u010desk\u00e9 ministerstvo vnitra nekontroluje v\u016fbec nic, v\u0161echno je mu \u0161um\u00e1k. Ale bude n\u00e1m vykl\u00e1dat poh\u00e1dky o tom, \u017ee mus\u00ed na\u0161e ob\u010danky je\u0161t\u011b v\u00edce zabezpe\u010dit proti pad\u011bl\u00e1n\u00ed. Prost\u011b \u2013 pov\u00eddali, \u017ee mu hr\u00e1li.<\/p>\n<p>Ale abychom nekon\u010dili tak \u0161karohl\u00eddsky, uk\u00e1\u017eeme si je\u0161t\u011b p\u00e1r vtipn\u00fdch obr\u00e1zk\u016f. Jak m\u016fj kolega dod\u00e1v\u00e1, to nen\u00ed parodie. To jsou v\u00e1\u017en\u011b m\u00edn\u011bn\u00e9 propaga\u010dn\u00ed plak\u00e1ty europoslaneck\u00e9 frakce Zelen\u00fdch nazvan\u00e9\u00a0<em>Greens\/EFA<\/em>, do kter\u00fdch pat\u0159\u00ed t\u00e9\u017e na\u0161e Pir\u00e1tsk\u00e1 strana.<\/p>\n<p>I ta se jich ale zjevn\u011b vyd\u011bsila, proto\u017ee je neu\u017e\u00edv\u00e1. V\u0161imn\u011bte si t\u00e9 budovatelsk\u00e9 estetiky 50. let dvac\u00e1t\u00e9ho stolet\u00ed. A ta p\u0159\u00edslu\u0161n\u00e1 svaz\u00e1ck\u00e1 hesla \u2013 no nejsou dota\u017eena k dokonalosti?<\/p>\n<p><img decoding=\"async\" loading=\"lazy\" class=\"size-full wp-image-13260 lazy-loaded aligncenter\" src=\"https:\/\/narodnidemokracie.cz\/wp-content\/uploads\/2022\/10\/thumbnail-1.jpg\" sizes=\"(max-width: 544px) 100vw, 544px\" srcset=\"https:\/\/narodnidemokracie.cz\/wp-content\/uploads\/2022\/10\/thumbnail-1.jpg 544w, https:\/\/narodnidemokracie.cz\/wp-content\/uploads\/2022\/10\/thumbnail-1-240x300.jpg 240w, https:\/\/narodnidemokracie.cz\/wp-content\/uploads\/2022\/10\/thumbnail-1-208x260.jpg 208w\" alt=\"\" width=\"544\" height=\"680\" data-lazy-type=\"image\" data-src=\"https:\/\/narodnidemokracie.cz\/wp-content\/uploads\/2022\/10\/thumbnail-1.jpg\" data-srcset=\"\" \/><\/p>\n<p>J\u00e1 mysl\u00edm, \u017ee KRIT u\u017e nemus\u00ed vym\u00fd\u0161let \u017e\u00e1dnou dal\u0161\u00ed vl\u00e1dn\u00ed krizovou komunikaci. Dejte na n\u00e1st\u011bnky tohle a krize bude za\u017eehn\u00e1na\u2026<\/p>\n<p>Prost\u011b: do americk\u00e9 \u0159iti kup\u0159edu prav\u00e1, zp\u00e1tky ni krok\u2026<\/p>\n<p><em>Adam B. Barto\u0161<\/em><br \/>\n<em>p\u0159edseda N\u00e1rodn\u00ed demokracie<\/em><\/p>\n<p><img decoding=\"async\" loading=\"lazy\" class=\"alignnone size-full wp-image-678\" src=\"http:\/\/www.infokuryr.cz\/n\/wp-content\/uploads\/2021\/04\/narodni_demokracie_logo.jpg\" alt=\"\" width=\"300\" height=\"85\" \/><\/p>\n<p>&nbsp;<\/p>\n","protected":false},"excerpt":{"rendered":"<p>Nevypad\u00e1 to, \u017ee by st\u00e1t zvl\u00e1dal energetickou krizi, jakkoli o tom premi\u00e9r H\u0148up neust\u00e1le b\u00e1sn\u00ed,&#8230;<\/p>\n","protected":false},"author":2,"featured_media":8714,"comment_status":"closed","ping_status":"closed","sticky":false,"template":"","format":"standard","meta":[],"categories":[6],"tags":[367,29,85,122],"_links":{"self":[{"href":"https:\/\/www.infokuryr.cz\/n\/wp-json\/wp\/v2\/posts\/17246"}],"collection":[{"href":"https:\/\/www.infokuryr.cz\/n\/wp-json\/wp\/v2\/posts"}],"about":[{"href":"https:\/\/www.infokuryr.cz\/n\/wp-json\/wp\/v2\/types\/post"}],"author":[{"embeddable":true,"href":"https:\/\/www.infokuryr.cz\/n\/wp-json\/wp\/v2\/users\/2"}],"replies":[{"embeddable":true,"href":"https:\/\/www.infokuryr.cz\/n\/wp-json\/wp\/v2\/comments?post=17246"}],"version-history":[{"count":0,"href":"https:\/\/www.infokuryr.cz\/n\/wp-json\/wp\/v2\/posts\/17246\/revisions"}],"wp:featuredmedia":[{"embeddable":true,"href":"https:\/\/www.infokuryr.cz\/n\/wp-json\/wp\/v2\/media\/8714"}],"wp:attachment":[{"href":"https:\/\/www.infokuryr.cz\/n\/wp-json\/wp\/v2\/media?parent=17246"}],"wp:term":[{"taxonomy":"category","embeddable":true,"href":"https:\/\/www.infokuryr.cz\/n\/wp-json\/wp\/v2\/categories?post=17246"},{"taxonomy":"post_tag","embeddable":true,"href":"https:\/\/www.infokuryr.cz\/n\/wp-json\/wp\/v2\/tags?post=17246"}],"curies":[{"name":"wp","href":"https:\/\/api.w.org\/{rel}","templated":true}]}}