{"id":17144,"date":"2022-10-22T07:48:08","date_gmt":"2022-10-22T05:48:08","guid":{"rendered":"http:\/\/www.infokuryr.cz\/n\/?p=17144"},"modified":"2022-10-22T07:48:08","modified_gmt":"2022-10-22T05:48:08","slug":"jiri-paroubek-matlaci-z-vlady","status":"publish","type":"post","link":"https:\/\/www.infokuryr.cz\/n\/2022\/10\/22\/jiri-paroubek-matlaci-z-vlady\/","title":{"rendered":"Ji\u0159\u00ed Paroubek: Matl\u00e1ci z vl\u00e1dy\u2026"},"content":{"rendered":"<div id=\"fb-root\"><\/div>\n<p><strong>\u2026a tento term\u00edn se vlastn\u011b hod\u00ed t\u00e9m\u011b\u0159 na celou politickou elitu z\u00e1padn\u00ed Evropy, kter\u00e1 tak podlehla americk\u00e9mu vlivu, \u017ee nen\u00ed z\u0159ejm\u011b schopna samostatn\u00e9 politiky. Ba ani politick\u00e9 \u00favahy alternativ dal\u0161\u00edho politick\u00e9ho postupu.<\/strong><\/p>\n<p>S l\u00e1skou a respektem vzpom\u00edn\u00e1m na velik\u00e1ny evropsk\u00e9 politiky \u2013 Gerharda Schr\u00f6dera a Jacquese Chiraca \u2013 s nimi\u017e jsem m\u011bl mo\u017enost se st\u00fdkat jako premi\u00e9r na zased\u00e1n\u00edch Evropsk\u00e9 rady. Byli to politici \u2013 st\u00e1tn\u00edci, kte\u0159\u00ed pochopili, \u017ee Evropa nepot\u0159ebuje americk\u00e9 poru\u010dn\u00edkov\u00e1n\u00ed a postavili se proti americk\u00e9 v\u00e1lce v Ir\u00e1ku.<\/p>\n<p>Na\u0161e zem\u011b i d\u00edky submisivn\u00edmu premi\u00e9ru \u0160pidlovi (dnes je \u0160pidl\u016f v \u010dele evropsk\u00fdch vl\u00e1d nejm\u00e9n\u011b dv\u011b des\u00edtky) se na tomto ta\u017een\u00ed do Ir\u00e1ku z\u00fa\u010dastnila. Hloup\u011b, zbyte\u010dn\u011b, na\u0161t\u011bst\u00ed bez velk\u00fdch ob\u011bt\u00ed na lidsk\u00fdch \u017eivotech. A jak\u00fd je v\u00fdsledek t\u00e9to operace Ameri\u010dan\u016f a koalice ochotn\u00fdch bez mand\u00e1t\u016f Rady bezpe\u010dnosti OSN v Ir\u00e1ku po zhruba dvou desetilet\u00edch.<\/p>\n<p>Nechutn\u00fd dikt\u00e1tor S. Husajn sice padl, ale v regionu se d\u00edky tomu utvo\u0159ilo politick\u00e9 vakuum, kter\u00e9 Ameri\u010dan\u00e9 nejsou schopni a dnes u\u017e ani ochotni, zaplnit.<\/p>\n<p>Dne\u0161n\u00ed ir\u00e1ck\u00e1 vl\u00e1da, tvo\u0159en\u00e1 p\u0159edev\u0161\u00edm \u0161\u00editsk\u00fdmi politiky, je srdcem v \u00cdr\u00e1nu u sv\u00fdch \u0161\u00editsk\u00fdch brat\u0159\u00ed. Do jist\u00e9 m\u00edry respektuje, d\u00edky sv\u00e9 vnit\u0159n\u00ed slabosti, ur\u010dit\u00e9 z\u00e1jmy politiky Spojen\u00fdch st\u00e1t\u016f i Z\u00e1padu. Ale to je tak v\u0161echno. Ob\u010das ir\u00e1ck\u00fd parlament dokonce vyd\u00e1 usnesen\u00ed, podle kter\u00e9ho by Ameri\u010dan\u00e9, kte\u0159\u00ed v Ir\u00e1ku zbyli (mysl\u00ed se voj\u00e1ci a vojen\u0161t\u00ed instrukto\u0159i apod.), m\u011bli z t\u00e9to zem\u011b odej\u00edt. Zat\u00edm USA ale takov\u00e9to rezoluce s p\u0159ehledem ignorovaly.<\/p>\n<p>V\u00e1lka v Ir\u00e1ku byla p\u0159\u00edmo pastvou pro americk\u00e9 zbroja\u0159sk\u00e9 firmy. St\u00e1la hodn\u011b p\u0159es bilion dolar\u016f. O tyto pen\u00edze se zv\u00fd\u0161il deficit USA a natiskly se pot\u0159ebn\u00e9 dolary\u2026<\/p>\n<p>EU a v n\u00ed zejm\u00e9na \u010cesk\u00e1 republika budou \u010delit tuto zimu bezprecedentn\u00ed energetick\u00e9 krizi. Jsme teprve na jej\u00edm za\u010d\u00e1tku a teprve zimn\u00ed m\u011bs\u00edce uk\u00e1\u017eou (leden a \u00fanor), jak vlastn\u011b m\u00e1me napln\u011bn\u00e9 z\u00e1sobn\u00edky plynu. A na kolik na\u0161e z\u00e1soby plynu vlastn\u011b sta\u010d\u00ed.<\/p>\n<p>Dnes (v p\u00e1tek 21.10.) jsem si se z\u00e1jmem p\u0159e\u010detl \u010dl\u00e1nek Ivana Gabala v Bakalov\u00fdch HN, kde mluv\u00ed pejorativn\u011b o Rusech jako o matl\u00e1c\u00edch a o exponentech rusk\u00e9 politiky u n\u00e1s rovn\u011b\u017e.<\/p>\n<p>Jen tak \u00fapln\u011b nech\u00e1pu, pokud n\u011bkdo, jak p\u00ed\u0161e Gabal, nap\u0159. z, podle n\u011bj, \u201eprokremelsk\u00e9 SPD\u201c je \u201ematl\u00e1kem\u201c, jak\u00fdm term\u00ednem by za jejich velkolep\u00e9 v\u00fdkony ozna\u010dil \u010dleny sou\u010dasn\u00e9 \u010desk\u00e9 vl\u00e1dy.<\/p>\n<p>Sou\u010dasn\u00e1 vl\u00e1da od po\u010d\u00e1tku sv\u00e9ho vzniku zmrskala v\u0161e, na co s\u00e1hla. Vznikaj\u00edc\u00ed krizi v energetice za\u010dala tato vl\u00e1da vn\u00edmat opo\u017ed\u011bn\u011b. S pomoc\u00ed podnikatel\u016f a dom\u00e1cnostem za\u010dala rovn\u011b\u017e opo\u017ed\u011bn\u011b. Cht\u00edt od t\u00e9to vl\u00e1dy, aby se sna\u017eila o m\u00edrov\u00e9 \u0159e\u0161en\u00ed konfliktu na Ukrajin\u011b, nebo\u0165 \u010cesko t.\u010d. p\u0159edsed\u00e1 Evropsk\u00e9 unii, je p\u0159\u00edli\u0161. Je to vlastn\u011b nemo\u017en\u00e9. \u010clenov\u00e9 t\u00e9to vl\u00e1dy, Gabalov\u00e9 a jim podobn\u00ed se spokoj\u00ed jen s bezpodm\u00edne\u010dnou kapitulac\u00ed Ruska. Ale na tu to zat\u00edm nevypad\u00e1. Rusk\u00fd finan\u010dn\u00ed syst\u00e9m se nezhroutil. V Rusku, podle v\u0161eho, je dostatek zbo\u017e\u00ed, a to i ze Z\u00e1padu, kter\u00e9 se do Ruska dov\u00e1\u017e\u00ed p\u0159es Turecko, Indii \u010di \u010c\u00ednu. Rusko nezkru\u0161ilo ani osm rund bezprecedentn\u00edch hospod\u00e1\u0159sk\u00fdch a dal\u0161\u00edch sankc\u00ed&#8230;.<\/p>\n<p>Zd\u00e1 se, \u017ee s n\u00e1stupem nov\u00e9ho velitele rusk\u00fdch vojsk na Ukrajin\u011b a pot\u00e9, co se zvolna zvy\u0161uj\u00ed po\u010detn\u00ed stavy rusk\u00fdch voj\u00e1k\u016f na Ukrajin\u011b, doch\u00e1z\u00ed zjevn\u011b ke zm\u011bn\u011b rusk\u00e9 strategie. P\u0159ich\u00e1z\u00ed zima a tak rusk\u00e1 generalita usoudila, \u017ee zni\u010d\u00ed energetickou infrastrukturu Ukrajiny. Dnes se j\u00ed to povedlo u\u017e zhruba ze 40%.<\/p>\n<p>Rusko o\u010dek\u00e1v\u00e1, \u017ee gener\u00e1l Zima zas\u00e1hne v jeho prosp\u011bch jako v \u0159ad\u011b p\u0159edchoz\u00edch v\u00e1lek, kter\u00e9 Rusko vedlo ve 20. a 19. stolet\u00ed (Hitler, Napoleon).<\/p>\n<p>Zni\u010den\u00ed energetick\u00e9 infrastruktury Ukrajiny by znamenalo pro Ukrajinu nutnost regulovat p\u0159\u00edsun elektrick\u00e9 energie do ukrajinsk\u00e9ho pr\u016fmyslu (pokud je\u0161t\u011b n\u011bjak\u00fd funguje) i do dom\u00e1cnost\u00ed. Prost\u011b v pr\u016fb\u011bhu zimy nastane dal\u0161\u00ed velk\u00e1 vlna migrace ob\u010dan\u016f Ukrajiny sm\u011brem na Z\u00e1pad. Je dobr\u00e9 se na ni p\u0159ipravit tak, abychom ji byli schopno zvl\u00e1dnout z humanit\u00e1rn\u00edho hlediska co nejl\u00e9pe.<\/p>\n<p>V\u0161ichni na\u0161i matl\u00e1ci typu Gabala, Kalouska (v\u010dera hovo\u0159il v jedn\u00e9 z TV o Rusku jako o \u201ehord\u011b\u201c) by si m\u011bli ud\u011blat naprosto chladn\u011b anal\u00fdzu nastal\u00e9 situace a nepodl\u00e9hat vlastn\u00ed propagandistick\u00e9 r\u00e9torice.<\/p>\n<p>Smutnou skute\u010dnost\u00ed je, \u017ee zaznamen\u00e1v\u00e1me statisticky v na\u0161\u00ed zemi inflaci kolem 18%. Ve skute\u010dnosti v\u0161ak je inflace opravdu relevantn\u00edch polo\u017eek z\u00e1kladn\u00edch druh\u016f potravin, slu\u017eeb a zbo\u017e\u00ed, tedy n\u011bjak\u00fdch 30 \u2013 40 polo\u017eek, n\u011bkde mezi 20 \u2013 25%. J\u00e1 bych sp\u00ed\u0161e s\u00e1zel na vy\u0161\u0161\u00ed z t\u011bch \u010d\u00edsel. To tedy znamen\u00e1 zdrcuj\u00edc\u00ed z\u00e1sah do \u017eivotn\u00ed \u00farovn\u011b \u0161irok\u00fdch vrstev \u010desk\u00e9ho obyvatelstva. Bohu\u017eel, \u010deskou vl\u00e1du \u0159\u00edd\u00ed matl\u00e1ci a ne odpov\u011bdn\u00ed politici. Podle v\u0161eho vedou na\u0161i vlast za velk\u00fdch \u0159e\u010d\u00ed a r\u00e1musu do katastrofy.<\/p>\n<p><a href=\"http:\/\/vasevec.parlamentnilisty.cz\/domaci-politika\/matlaci-z-vlady\">Ji\u0159\u00ed Paroubek<\/a><\/p>\n<p><img decoding=\"async\" loading=\"lazy\" class=\"alignnone size-medium wp-image-2342\" src=\"http:\/\/www.infokuryr.cz\/n\/wp-content\/uploads\/2021\/06\/paroubek-300x208.jpg\" alt=\"\" width=\"300\" height=\"208\" srcset=\"https:\/\/www.infokuryr.cz\/n\/wp-content\/uploads\/2021\/06\/paroubek-300x208.jpg 300w, https:\/\/www.infokuryr.cz\/n\/wp-content\/uploads\/2021\/06\/paroubek.jpg 318w\" sizes=\"(max-width: 300px) 100vw, 300px\" \/><\/p>\n<p>&nbsp;<\/p>\n","protected":false},"excerpt":{"rendered":"<p>\u2026a tento term\u00edn se vlastn\u011b hod\u00ed t\u00e9m\u011b\u0159 na celou politickou elitu z\u00e1padn\u00ed Evropy, kter\u00e1 tak&#8230;<\/p>\n","protected":false},"author":2,"featured_media":6914,"comment_status":"closed","ping_status":"closed","sticky":false,"template":"","format":"standard","meta":[],"categories":[6],"tags":[29,122,99],"_links":{"self":[{"href":"https:\/\/www.infokuryr.cz\/n\/wp-json\/wp\/v2\/posts\/17144"}],"collection":[{"href":"https:\/\/www.infokuryr.cz\/n\/wp-json\/wp\/v2\/posts"}],"about":[{"href":"https:\/\/www.infokuryr.cz\/n\/wp-json\/wp\/v2\/types\/post"}],"author":[{"embeddable":true,"href":"https:\/\/www.infokuryr.cz\/n\/wp-json\/wp\/v2\/users\/2"}],"replies":[{"embeddable":true,"href":"https:\/\/www.infokuryr.cz\/n\/wp-json\/wp\/v2\/comments?post=17144"}],"version-history":[{"count":0,"href":"https:\/\/www.infokuryr.cz\/n\/wp-json\/wp\/v2\/posts\/17144\/revisions"}],"wp:featuredmedia":[{"embeddable":true,"href":"https:\/\/www.infokuryr.cz\/n\/wp-json\/wp\/v2\/media\/6914"}],"wp:attachment":[{"href":"https:\/\/www.infokuryr.cz\/n\/wp-json\/wp\/v2\/media?parent=17144"}],"wp:term":[{"taxonomy":"category","embeddable":true,"href":"https:\/\/www.infokuryr.cz\/n\/wp-json\/wp\/v2\/categories?post=17144"},{"taxonomy":"post_tag","embeddable":true,"href":"https:\/\/www.infokuryr.cz\/n\/wp-json\/wp\/v2\/tags?post=17144"}],"curies":[{"name":"wp","href":"https:\/\/api.w.org\/{rel}","templated":true}]}}