{"id":17141,"date":"2022-10-22T07:41:31","date_gmt":"2022-10-22T05:41:31","guid":{"rendered":"http:\/\/www.infokuryr.cz\/n\/?p=17141"},"modified":"2022-10-22T07:41:31","modified_gmt":"2022-10-22T05:41:31","slug":"holocaust-business-po-cesku-znamy-cesky-fotograf-si-vymyslel-pobyt-v-koncentracnim-tabore","status":"publish","type":"post","link":"https:\/\/www.infokuryr.cz\/n\/2022\/10\/22\/holocaust-business-po-cesku-znamy-cesky-fotograf-si-vymyslel-pobyt-v-koncentracnim-tabore\/","title":{"rendered":"Holocaust business \u201epo \u010desku\u201c. Zn\u00e1m\u00fd \u201e\u010desk\u00fd\u201c fotograf si vymyslel pobyt v koncentra\u010dn\u00edm t\u00e1bo\u0159e"},"content":{"rendered":"<div id=\"fb-root\"><\/div>\n<p><strong>Fotograf J. Saudek si l\u00e9ta p\u011bstoval image ob\u011bti nacistick\u00e9ho holocaustu, \u017ee jako d\u00edt\u011b byl v nacistick\u00e9m koncentra\u010dn\u00edm t\u00e1bo\u0159e kv\u016fli sv\u00e9mu \u017eidovsk\u00e9mu p\u016fvodu.\u00a0<\/strong>Na\u0161t\u011bst\u00ed pr\u00fd p\u0159e\u017eil. To mu vytvo\u0159ilo auru t<strong>oho \u201eco trp\u011bl za holocaustu\u201c, Pak u\u017e si nikdo netroufl kritizovat jeho pr\u00e1ci \u010di \u017eivotn\u00ed postoje, proto\u017ee p\u0159ece byl ob\u011bt\u00ed nacistick\u00e9 totality a takov\u00e9 lidi si \u201eslu\u0161n\u00fd\u201c \u010dlov\u011bk netroufne kritizovat!\u00a0<\/strong>Naopak takov\u00fdm chud\u00e1k\u016fm p\u0159ece mus\u00edme pom\u00e1hat a prot\u011b\u017eovat je, kdy\u017e m\u011bli tak stra\u0161liv\u00fd z\u00e1\u017eitek z d\u011btstv\u00ed.\u00a0<strong>Po \u010dase se za\u010daly objevovat jist\u00e9 pochybnosti, zda J. Saudek skute\u010dn\u011b v koncentr\u00e1ku byl. J. Saudek se obrnil ml\u010den\u00ed<\/strong>m. Pravdou je, \u017ee p\u00e1tr\u00e1n\u00ed po pravd\u011b nebylo nijak aktivn\u00ed a\u017e do roku 2014-5. Op\u011bt zafungovala \u201ekomunitn\u00ed solidarita\u201c v r\u00e1mci \u017eidovsk\u00e9 men\u0161iny a podv\u011bdom\u00fd strach ne\u017eidovsk\u00fdch badatel\u016f, aby nebyli obvin\u011bni z \u201enen\u00e1visti a antisemitismu\u201c.\u00a0<strong>Nav\u00edc od roku 2000 bylo zpochyb\u0148ov\u00e1n\u00ed holocaustu a de facto ka\u017ed\u00e9 kritiky \u017did\u016f obecn\u011b v \u010cesku trestn\u00fdm \u010dinem<\/strong>\u00a0(onen neslavn\u011b proslul\u00fd paragraf navrhla a prosadila dvojice poslanc\u016f ODS M. Benda a J. Payne \u2013 oba \u00fadajn\u011b \u017eidovsk\u00e9ho p\u016fvodu. Pozn\u00e1mka redakce)<\/p>\n<p><strong>Zapomenout nem\u016f\u017eeme ani na vnucen\u00fd pocit viny, \u201eholocaust je vina i n\u00e1s v\u0161ech\u201c, kter\u00fd v podv\u011bdom\u00ed Evropan\u016f vytvo\u0159il pocit, \u017ee ty \u201echud\u00e1ky\u201c nem\u016f\u017eeme p\u0159ece za nic kritizovat. V\u017edy\u0165 \u017did\u00e9 m\u011bli tak stra\u0161liv\u00fd osud.\u00a0<\/strong>To se t\u00fdkalo i jeho image \u201esv\u011btov\u00e9ho fotografa\u201c. T\u0159eba\u017ee v\u017edy byl pouze provin\u010dn\u00edm um\u011blcem a jeho image \u201ev\u011bhlasn\u00e9ho\u201c fotografa vytvo\u0159ili jeho kump\u00e1ni z medi\u00ed a m\u00edstn\u00edch um\u011bleck\u00fdch kruh\u016f.\u00a0<strong>Kdy\u017e ho p\u0159i jedn\u00e9 z n\u00e1v\u0161t\u011bv \u010cR kritizoval jin\u00fd \u017eidovsk\u00fd fotograf Helmut Newton (zem\u0159el v roce 2004 zde v USA), \u017ee jeho pr\u00e1ce jsou \u201enic moc\u201c, byl to pro v\u0161echny velk\u00fd \u0161ok.<\/strong><\/p>\n<p><strong>Jen\u017ee v roce 2015 J. Saudek pod t\u00edhou\u00a0<a href=\"https:\/\/www.super.cz\/339122-jan-saudek-kapl-bozskou-v-koncentraku-jsem-nebyl.html\">d\u016fkaz\u016f musel p\u0159iznat<\/a>, \u017ee nikdy v koncentra\u010dn\u00edm t\u00e1bo\u0159e nebyl. Pr\u00fd si v\u0161e vymyslela media. V\u0161e se nen\u00e1padn\u011b objevilo v medi\u00edch a pak zapadlo.<\/strong><\/p>\n<p><strong>Nutno podotknout, \u017ee o cel\u00e9 v\u011bci musel v\u011bd\u011bt jeho bratr K. Saudek, ale i on pom\u00e1hal kr\u00fdt bratrovu vymy\u0161lenou historii o \u201eob\u011bti holocaustu<\/strong>\u201c a o cel\u00e9 v\u011bci ml\u010del. Tohle je v \u017eidovsk\u00e9 komunit\u011b \u010dast\u00e9, \u017ee ruka ruku myje a pom\u00e1haj\u00ed si navz\u00e1jem kr\u00fdt nejr\u016fzn\u011bj\u0161\u00ed proh\u0159e\u0161ky a lump\u00e1rny. T<strong>ady v Americe to je mo\u017en\u00e1 dokonce je\u0161t\u011b hor\u0161\u00ed. Rozd\u00edl je, \u017ee v USA nikoho zat\u00edm \u00fa\u0159ady nezav\u0159ou za ve\u0159ejnou kritiku \u017did\u016f.\u00a0<\/strong>To v \u010cesku a na Slovensku by ho bohu\u017eel \u010dekalo okam\u017eit\u00e9 politicky motivovan\u00e9 trestn\u00ed st\u00edh\u00e1n\u00ed a p\u0159edem rozhodnut\u00fd trest. Kritizovat \u201evyvolenou\u201c men\u0161inu se nesm\u00ed. Lid\u00e9 jako A. B. Barto\u0161 (p\u0159edseda mal\u00e9 politick\u00e9 strany N\u00e1rodn\u00ed demokracie) by mohli vypr\u00e1v\u011bt a mnoz\u00ed dal\u0161\u00ed s n\u00edm.<\/p>\n<p><strong>Jak\u00fd byl a je J. Saudek skute\u010dn\u011b um\u011blec by asi m\u011bl posoudit nez\u00e1visl\u00fd kritik, ale takov\u00fd se v sou\u010dasn\u00e9 dob\u011b v \u010cesku nenajde<\/strong>. Bu\u010f dr\u017e\u00ed basu, nebo se boj\u00ed. P\u0159itom Saudkovo um\u011bn\u00ed je \u010dasto pln\u00e9 vulgarit a perverzn\u00edch erotick\u00fdch sn\u00edmk\u016f.\u00a0<strong>Je to um\u011bn\u00ed, nebo perverzn\u00ed pornografie? Takovou ot\u00e1zku si nikdy \u201ep\u0159ekvapiv\u011b\u201c ve\u0159ejn\u011b neklade<\/strong>. Byl by stejn\u011b h\u00e1jen, kdyby nebyl \u017did? Odpov\u011b\u010f asi v\u0161ichni zn\u00e1te.<\/p>\n<p><a href=\"https:\/\/ceskavec.com\/2022\/10\/holocaust-business-po-cesku-znamy-fotograf-si-vymyslel-pobyt-v-koncentracnim-tabore\">M. Don\u00e1k, Texas, USA<\/a><\/p>\n<p>&nbsp;<\/p>\n","protected":false},"excerpt":{"rendered":"<p>Fotograf J. Saudek si l\u00e9ta p\u011bstoval image ob\u011bti nacistick\u00e9ho holocaustu, \u017ee jako d\u00edt\u011b byl v&#8230;<\/p>\n","protected":false},"author":2,"featured_media":17142,"comment_status":"closed","ping_status":"closed","sticky":false,"template":"","format":"standard","meta":[],"categories":[6],"tags":[999,851,3636,92],"_links":{"self":[{"href":"https:\/\/www.infokuryr.cz\/n\/wp-json\/wp\/v2\/posts\/17141"}],"collection":[{"href":"https:\/\/www.infokuryr.cz\/n\/wp-json\/wp\/v2\/posts"}],"about":[{"href":"https:\/\/www.infokuryr.cz\/n\/wp-json\/wp\/v2\/types\/post"}],"author":[{"embeddable":true,"href":"https:\/\/www.infokuryr.cz\/n\/wp-json\/wp\/v2\/users\/2"}],"replies":[{"embeddable":true,"href":"https:\/\/www.infokuryr.cz\/n\/wp-json\/wp\/v2\/comments?post=17141"}],"version-history":[{"count":0,"href":"https:\/\/www.infokuryr.cz\/n\/wp-json\/wp\/v2\/posts\/17141\/revisions"}],"wp:featuredmedia":[{"embeddable":true,"href":"https:\/\/www.infokuryr.cz\/n\/wp-json\/wp\/v2\/media\/17142"}],"wp:attachment":[{"href":"https:\/\/www.infokuryr.cz\/n\/wp-json\/wp\/v2\/media?parent=17141"}],"wp:term":[{"taxonomy":"category","embeddable":true,"href":"https:\/\/www.infokuryr.cz\/n\/wp-json\/wp\/v2\/categories?post=17141"},{"taxonomy":"post_tag","embeddable":true,"href":"https:\/\/www.infokuryr.cz\/n\/wp-json\/wp\/v2\/tags?post=17141"}],"curies":[{"name":"wp","href":"https:\/\/api.w.org\/{rel}","templated":true}]}}