{"id":1713,"date":"2021-05-16T05:27:44","date_gmt":"2021-05-16T03:27:44","guid":{"rendered":"http:\/\/www.infokuryr.cz\/n\/?p=1713"},"modified":"2021-05-16T05:27:44","modified_gmt":"2021-05-16T03:27:44","slug":"americka-delegace-navstivila-donbas","status":"publish","type":"post","link":"https:\/\/www.infokuryr.cz\/n\/2021\/05\/16\/americka-delegace-navstivila-donbas\/","title":{"rendered":"Americk\u00e1 delegace nav\u0161t\u00edvila Donbas"},"content":{"rendered":"<div id=\"fb-root\"><\/div>\n<p><strong>Z\u00e1stupci Rady pro zahrani\u010dn\u00ed politiku USA nav\u0161t\u00edvili \u00fazem\u00ed Donbasu, informovalo tiskov\u00e9 st\u0159edisko \u0161t\u00e1bu Operac\u00ed spole\u010dn\u00fdch sil Ukrajiny.<\/strong><\/p>\n<p>\u201eV p\u00e1tek 14. kv\u011btna, nav\u0161t\u00edvili z\u00e1stupci americk\u00e9 rady pro zahrani\u010dn\u00ed politiku oblast operace spole\u010dn\u00fdch sil. Delegace nav\u0161t\u00edvila Mariupolsk\u00fd odd\u00edl ukrajinsk\u00e9 n\u00e1mo\u0159n\u00ed ochrany a p\u0159i vyplut\u00ed na mo\u0159e se p\u0159esv\u011bd\u010dila o p\u0159\u00edtomnosti rusk\u00fdch vojensk\u00fdch \u010dlun\u016f v Azovsk\u00e9m mo\u0159i. Pot\u00e9 se zahrani\u010dn\u00ed host\u00e9 sezn\u00e1mili s prac\u00ed kontroln\u00edho bodu vstupu-v\u00fdstupu Gnutovo,\u201c uv\u00e1d\u00ed se ve zpr\u00e1v\u011b \u0161t\u00e1bu na Facebooku.<\/p>\n<p>Uv\u00e1d\u00ed se tak\u00e9, \u017ee\u00a0p\u0159edstavitel\u00e9 USA\u00a0byli sezn\u00e1meni s bezpe\u010dnostn\u00edmi ot\u00e1zkami v oblasti operace spole\u010dn\u00fdch sil. Z\u00e1stupci americk\u00e9 delegace tak\u00e9 nav\u0161t\u00edvili jeden z \u00fatvar\u016f Ozbrojen\u00fdch sil Ukrajiny.<\/p>\n<p>\u201eZahrani\u010dn\u00ed deleg\u00e1ti b\u011bhem n\u00e1v\u0161t\u011bvy kontaktn\u00ed linie vid\u011bli na vlastn\u00ed o\u010di d\u016fsledky \u201erusk\u00e9ho m\u00edru\u201c u Azovsk\u00e9ho mo\u0159e, vyhodnotili situaci na front\u011b a ujistili se o p\u0159\u00edtomnosti rusk\u00fdch vojsk na v\u00fdchodn\u00ed Ukrajin\u011b,\u201c dodali ve \u0161t\u00e1bu.<\/p>\n<p>Ukrajinsk\u00e1 vl\u00e1da\u00a0a z\u00e1padn\u00ed zem\u011b ji\u017e d\u0159\u00edve opakovan\u011b obvi\u0148ovaly Rusko ze zasahov\u00e1n\u00ed do vnit\u0159n\u00edch z\u00e1le\u017eitost\u00ed Ukrajiny, jej\u00ed\u017e vl\u00e1da v dubnu 2014 zah\u00e1jila vojenskou operaci proti samozvan\u00fdm republik\u00e1m DLR a LLR. Rusko obvin\u011bn\u00ed odm\u00edt\u00e1 a ozna\u010duje ho za nep\u0159\u00edpustn\u00e9. Moskva opakovan\u011b prohla\u0161ovala, \u017ee nen\u00ed stranou vnit\u0159n\u00edho ukrajinsk\u00e9ho konfliktu a m\u00e1 z\u00e1jem na tom, aby Kyjev p\u0159ekonal politickou a hospod\u00e1\u0159skou krizi. V Rusku prohl\u00e1sili, \u017ee neposkytovali vojenskou techniku, st\u0159elivo ani jinou pomoc donbask\u00e9 domobran\u011b a obvin\u011bn\u00ed z \u00fadajn\u00e9 p\u0159\u00edtomnosti rusk\u00e9 arm\u00e1dy\u00a0v Donbasu\u00a0jsou neopodstatn\u011bn\u00e1.<\/p>\n<p>Krom\u011b toho Z\u00e1pad vyj\u00e1d\u0159il znepokojen\u00ed nad \u00fadajn\u00fdm zes\u00edlen\u00edm \u201eagresivn\u00edch akc\u00ed\u201c ze strany Ruska. Ve Washingtonu hovo\u0159ili o eskalaci \u201erusk\u00e9 agrese\u201c a pohybu rusk\u00fdch vojsk na Krymu a na v\u00fdchodn\u00ed hranici Ukrajiny. <strong>Moskva k tomu uvedla, \u017ee Rusko p\u0159esunuje vojska na sv\u00e9m \u00fazem\u00ed a podle vlastn\u00edho uv\u00e1\u017een\u00ed, co\u017e nikoho neohro\u017euje a nikoho to nemus\u00ed znepokojovat.<\/strong><\/p>\n<p><a href=\"https:\/\/cz.sputniknews.com\/20210515\/americka-delegace-navstivila-donbas-14498453.html\">ZDROJ<\/a><\/p>\n<p>&nbsp;<\/p>\n","protected":false},"excerpt":{"rendered":"<p>Z\u00e1stupci Rady pro zahrani\u010dn\u00ed politiku USA nav\u0161t\u00edvili \u00fazem\u00ed Donbasu, informovalo tiskov\u00e9 st\u0159edisko \u0161t\u00e1bu Operac\u00ed spole\u010dn\u00fdch&#8230;<\/p>\n","protected":false},"author":2,"featured_media":1714,"comment_status":"closed","ping_status":"closed","sticky":false,"template":"","format":"standard","meta":[],"categories":[7],"tags":[64,22,26,37],"_links":{"self":[{"href":"https:\/\/www.infokuryr.cz\/n\/wp-json\/wp\/v2\/posts\/1713"}],"collection":[{"href":"https:\/\/www.infokuryr.cz\/n\/wp-json\/wp\/v2\/posts"}],"about":[{"href":"https:\/\/www.infokuryr.cz\/n\/wp-json\/wp\/v2\/types\/post"}],"author":[{"embeddable":true,"href":"https:\/\/www.infokuryr.cz\/n\/wp-json\/wp\/v2\/users\/2"}],"replies":[{"embeddable":true,"href":"https:\/\/www.infokuryr.cz\/n\/wp-json\/wp\/v2\/comments?post=1713"}],"version-history":[{"count":0,"href":"https:\/\/www.infokuryr.cz\/n\/wp-json\/wp\/v2\/posts\/1713\/revisions"}],"wp:featuredmedia":[{"embeddable":true,"href":"https:\/\/www.infokuryr.cz\/n\/wp-json\/wp\/v2\/media\/1714"}],"wp:attachment":[{"href":"https:\/\/www.infokuryr.cz\/n\/wp-json\/wp\/v2\/media?parent=1713"}],"wp:term":[{"taxonomy":"category","embeddable":true,"href":"https:\/\/www.infokuryr.cz\/n\/wp-json\/wp\/v2\/categories?post=1713"},{"taxonomy":"post_tag","embeddable":true,"href":"https:\/\/www.infokuryr.cz\/n\/wp-json\/wp\/v2\/tags?post=1713"}],"curies":[{"name":"wp","href":"https:\/\/api.w.org\/{rel}","templated":true}]}}