{"id":17109,"date":"2022-10-21T07:27:52","date_gmt":"2022-10-21T05:27:52","guid":{"rendered":"http:\/\/www.infokuryr.cz\/n\/?p=17109"},"modified":"2022-10-21T07:27:52","modified_gmt":"2022-10-21T05:27:52","slug":"nizozemska-vlada-chce-zkonfiskovat-600-farem-i-pod-hlavnemi-zbrani-pokud-to-bude-nutne","status":"publish","type":"post","link":"https:\/\/www.infokuryr.cz\/n\/2022\/10\/21\/nizozemska-vlada-chce-zkonfiskovat-600-farem-i-pod-hlavnemi-zbrani-pokud-to-bude-nutne\/","title":{"rendered":"Nizozemsk\u00e1 vl\u00e1da chce zkonfiskovat 600 farem \u2013 i pod hlavn\u011bmi zbran\u00ed, pokud to bude nutn\u00e9"},"content":{"rendered":"<div id=\"fb-root\"><\/div>\n<p><span>V Nizozemsku se brzy m\u016f\u017ee rozjet dal\u0161\u00ed kolo protest\u016f zem\u011bd\u011blc\u016f po\u00a0<\/span><a href=\"https:\/\/www.breitbart.com\/europe\/2022\/10\/16\/dutch-farmers-promise-fresh-protests-after-govt-backs-plan-forcibly-seize-farmland\/\" target=\"_blank\" rel=\"noopener\"><span>ozn\u00e1men\u00ed<\/span><\/a><span>\u00a0, \u017ee a\u017e 600 farem v cel\u00e9 zemi bude zabaveno st\u00e1tem kv\u016fli \u201ezne\u010di\u0161\u0165ov\u00e1n\u00ed\u201c \u017eivotn\u00edho prost\u0159ed\u00ed dus\u00edkem.<\/span><\/p>\n<p><span>B\u00fdval\u00fd m\u00edstop\u0159edseda vl\u00e1dy Johan Remkes \u0159ekl, \u017ee se pl\u00e1nuje \u0159\u00eddit radami vl\u00e1dn\u00edho medi\u00e1tora, aby splnil po\u017eadavky Evropsk\u00e9 unie ohledn\u011b emis\u00ed dus\u00edku, kter\u00e1 chce postupn\u011b p\u0159estat pou\u017e\u00edvat dus\u00edkat\u00e1 hnojiva a dus\u00edk naz\u00fdv\u00e1 \u201ezne\u010di\u0161\u0165uj\u00edc\u00ed l\u00e1tkou\u201c.<\/span><\/p>\n<p><span>V reakci na to l\u00eddr organizace zastupuj\u00edc\u00ed zem\u011bd\u011blce\u00a0<\/span><em><span>Farmers Defence Force<\/span><\/em><span>\u00a0Mark Van den Oever \u0159ekl, \u017ee on a dal\u0161\u00ed vyjdou do ulic, proto\u017ee nesouhlas\u00ed s nov\u00fdmi normami, kter\u00e9 nespravedliv\u011b ozna\u010duj\u00ed dus\u00edk za n\u011bco \u0161kodliv\u00e9ho, kdy\u017e je to ve skute\u010dnosti jen b\u011b\u017en\u00e9 hnojivo, kter\u00e9 rostliny pou\u017e\u00edvaj\u00ed ke sv\u00e9mu r\u016fstu a prosperitu.<\/span><\/p>\n<p><span>Tvrzen\u00ed nizozemsk\u00e9 vl\u00e1dy je, \u017ee dus\u00edk po\u0161kozuje citliv\u00e9 environment\u00e1ln\u00ed oblasti nach\u00e1zej\u00edc\u00ed se v bl\u00edzkosti m\u00edst v\u00fdznamn\u00fdch dus\u00edkat\u00fdch emis\u00ed.\u00a0Tyto farmy, \u0159\u00edkaj\u00ed \u00fa\u0159edn\u00edci, mus\u00ed b\u00fdt p\u0159em\u00edst\u011bny mimo chr\u00e1n\u011bn\u00e9 oblasti.<\/span><\/p>\n<p><span>Van den Oever tvrd\u00ed, \u017ee toto tvrzen\u00ed je \u201ezcela nespr\u00e1vn\u00e9\u201c, a \u017ee dus\u00edk se nikdy nepova\u017eoval za zne\u010di\u0161\u0165uj\u00edc\u00ed l\u00e1tku a\u017e doned\u00e1vna, kdy najednou za\u010dal n\u00e9st vinu za \u201eglob\u00e1ln\u00ed oteplov\u00e1n\u00ed\u201c.<\/span><\/p>\n<p><span>Pokud bude Remkes pokra\u010dovat ve sch\u00e9matu Evropsk\u00e9 unie, \u0159\u00edk\u00e1 Oever, pak a\u0165 po\u010d\u00edt\u00e1 s t\u00edm, \u017ee nizozem\u0161t\u00ed zem\u011bd\u011blci \u201eznovu p\u0159itvrd\u00ed s protesty\u201c.\u00a0Byl to odkaz na masov\u00e9 protesty se zapojen\u00edm traktor\u016f po cel\u00e9m st\u00e1t\u011b.<\/span><\/p>\n<h2><span>Vyhraj\u00ed nizozem\u0161t\u00ed zem\u011bd\u011blci boj proti \u201ezelen\u00e9mu\u201c globalismu?<\/span><\/h2>\n<p><span>T\u00e9m\u011b\u0159 v\u0161echny obavy zem\u011bd\u011blc\u016f uprost\u0159ed tohoto konfliktu byly zcela ignorov\u00e1ny, lamentoval l\u00eddr organizace\u00a0<\/span><em><span>Farmers Defense Force<\/span><\/em><span>\u00a0.\u00a0Tvrd\u00ed, \u017ee globalistick\u00e1 vl\u00e1da premi\u00e9ra Marka Rutteho \u201enakl\u00e1d\u00e1 farm\u00e1m p\u0159\u00edli\u0161 mnoho\u201c.<\/span><\/p>\n<p><em><span>&#8222;Pokusy p\u0159im\u011bt farm\u00e1\u0159e, aby vyko\u0159enili sv\u00e9 farmy a p\u0159est\u011bhovali se jinam, pokud se jim v\u016fbec poda\u0159\u00ed naj\u00edt m\u00edsto k p\u0159est\u011bhov\u00e1n\u00ed, je \u010dervenou \u010darou,&#8220;<\/span><\/em><span>\u00a0dodal mluv\u010d\u00ed organizace\u00a0<\/span><em><span>Sieta van Keimpema<\/span><\/em><span>\u00a0.<\/span><\/p>\n<p><span>Remkes mezit\u00edm h\u00e1j\u00ed sv\u00e9 n\u00e1vrhy \u2013 i kdy\u017e p\u0159ipou\u0161t\u00ed, \u017ee to n\u011bco bude st\u00e1t.<\/span><\/p>\n<p><span>\u0158\u00edk\u00e1, \u017ee v r\u00e1mci takzvan\u00e9 \u201ezelen\u00e9\u201c agendy EU bude Nizozemsko uzam\u010deno, proto\u017ee bude z pr\u00e1vn\u00edho hlediska t\u00e9m\u011b\u0159 nemo\u017en\u00e9 vyd\u00e1vat jak\u00e9koli povolen\u00ed.\u00a0Ne pro domy, ne pro farmy, ne pro cesty.<\/span><\/p>\n<p><em><span>\u201eP\u00ed\u0161u to s t\u011b\u017ek\u00fdm srdcem, ale nevid\u00edm jinou cestu,\u201c<\/span><\/em><span>\u00a0\u0159ekl Remkes.\u00a0<\/span><em><span>\u201eNeo\u010dek\u00e1v\u00e1m, \u017ee zem\u011bd\u011blsk\u00fd sektor bude s touto zpr\u00e1vou spokojen.\u201c<\/span><\/em><\/p>\n<p><span>V \u010dervenci se b\u011bhem protest\u016f nizozemsk\u00fdch zem\u011bd\u011blc\u016f shroma\u017e\u010fovaly traktory ve velk\u00fdch m\u011bstech po cel\u00e9m Nizozemsku, aby bylo sly\u0161et hlasy zem\u011bd\u011blc\u016f.\u00a0Mnoz\u00ed z nich na protest proti dus\u00edkov\u00e9 agend\u011b vysypali hn\u016fj p\u0159ed vl\u00e1dn\u00ed budovy a vedle d\u00e1lnic.<\/span><\/p>\n<p><span>Rutte v t\u00e9 dob\u011b ozn\u00e1mil, \u017ee do roku 2030 hodl\u00e1 Nizozemsko produkovat o 50% m\u00e9n\u011b emis\u00ed dus\u00edku.\u00a0Dos\u00e1hnout se toho m\u00e1 pomoc\u00ed nucen\u00e9ho zav\u00edr\u00e1n\u00ed farem a jejich p\u0159emis\u0165ov\u00e1n\u00edm.<\/span><\/p>\n<p><span>To je v souladu se sch\u00e9matem Evropsk\u00e9 unie\u00a0<\/span><em><span>Natura 2000<\/span><\/em><span>\u00a0, kter\u00fd vy\u017eaduje, aby v\u0161echny \u010dlensk\u00e9 st\u00e1ty EU odstranily pr\u016fmysl, v\u010detn\u011b zem\u011bd\u011blstv\u00ed, z m\u00edst pova\u017eovan\u00fdch za oblasti ekologick\u00e9ho v\u00fdznamu.<\/span><\/p>\n<p><span>N\u011bkter\u00e9 farmy by musely sn\u00ed\u017eit emise dus\u00edku a\u017e o 95%, aby splnily tuto normu, co\u017e by je v podstat\u011b p\u0159im\u011blo zav\u0159\u00edt.\u00a0A\u017e 30% v\u0161ech hospod\u00e1\u0159sk\u00fdch zv\u00ed\u0159at bude tak\u00e9 muset odej\u00edt, \u010d\u00edm\u017e se zem\u011b p\u0159iprav\u00ed o ob\u017eivu.<\/span><\/p>\n<h2><span>Reakce na pl\u00e1ny zabavov\u00e1n\u00ed nizozemsk\u00fdch farem<\/span><\/h2>\n<p><span>Nizozemsk\u00e1 politick\u00e1 koment\u00e1torka Eva Vlaardinerbroekov\u00e1 \u0159\u00edk\u00e1, \u017ee jej\u00ed zem\u011b se pou\u017e\u00edv\u00e1 jako testovac\u00ed polygon pro koncept \u201eVelk\u00e9ho resetu\u201c Sv\u011btov\u00e9ho ekonomick\u00e9ho f\u00f3ra (\u00a0<\/span><a href=\"https:\/\/www.badatel.net\/wef-klausa-schwaba-planuje-zaviest-uhlikove-limity-ktore-obmedzia-co-robite-kupujete-a-jete\/\"><span>WEF<\/span><\/a><span>\u00a0).<\/span><\/p>\n<p><em><span>\u201eV\u0161echny tyto politiky poch\u00e1zej\u00ed z organizac\u00ed jako WEF a nejprve se implementuj\u00ed v na\u0161\u00ed zemi.\u00a0V t\u00e9to agend\u011b jsme spolu s Kanadou jakousi pilotn\u00ed zem\u00ed,\u201c<\/span><\/em><span>\u00a0\u0159ekla.<\/span><\/p>\n<p><span>Vlaardinerbroekov\u00e1 dodala, \u017ee pl\u00e1ny jej\u00ed vl\u00e1dy na zab\u00edr\u00e1n\u00ed p\u016fdy maj\u00ed ve skute\u010dnosti v\u00edce co do \u010din\u011bn\u00ed se z\u0159izov\u00e1n\u00edm nov\u00fdch byt\u016f pro \u201emigranty\u201c ne\u017e se z\u00e1chranou zem\u011b p\u0159ed takzvanou \u201ezm\u011bnou klimatu\u201c.<\/span><\/p>\n<p><span>Nejnov\u011bj\u0161\u00ed zpr\u00e1vy o k\u0159\u00ed\u017eov\u00e9 v\u00fdprav\u011b proti dus\u00edku naleznete na str\u00e1nce\u00a0<\/span><a href=\"http:\/\/greentyranny.news\/\" target=\"_blank\" rel=\"noopener\"><span>GreenTyranny.news<\/span><\/a><span> .<\/span><\/p>\n<p><span>Autor: Ethan Huff, Zdroj:\u00a0<\/span><a href=\"https:\/\/www.naturalnews.com\/2022-10-19-dutch-government-seize-farms-gunpoint-nitrogen-pollutant.html\" target=\"_blank\" rel=\"noopener\"><span>naturalnews.com<\/span><\/a><span>\u00a0<\/span><\/p>\n<p>&nbsp;<\/p>\n","protected":false},"excerpt":{"rendered":"<p>V Nizozemsku se brzy m\u016f\u017ee rozjet dal\u0161\u00ed kolo protest\u016f zem\u011bd\u011blc\u016f po\u00a0ozn\u00e1men\u00ed\u00a0, \u017ee a\u017e 600 farem&#8230;<\/p>\n","protected":false},"author":2,"featured_media":17110,"comment_status":"closed","ping_status":"closed","sticky":false,"template":"","format":"standard","meta":[],"categories":[7],"tags":[3631,1381,1977,99,2045],"_links":{"self":[{"href":"https:\/\/www.infokuryr.cz\/n\/wp-json\/wp\/v2\/posts\/17109"}],"collection":[{"href":"https:\/\/www.infokuryr.cz\/n\/wp-json\/wp\/v2\/posts"}],"about":[{"href":"https:\/\/www.infokuryr.cz\/n\/wp-json\/wp\/v2\/types\/post"}],"author":[{"embeddable":true,"href":"https:\/\/www.infokuryr.cz\/n\/wp-json\/wp\/v2\/users\/2"}],"replies":[{"embeddable":true,"href":"https:\/\/www.infokuryr.cz\/n\/wp-json\/wp\/v2\/comments?post=17109"}],"version-history":[{"count":0,"href":"https:\/\/www.infokuryr.cz\/n\/wp-json\/wp\/v2\/posts\/17109\/revisions"}],"wp:featuredmedia":[{"embeddable":true,"href":"https:\/\/www.infokuryr.cz\/n\/wp-json\/wp\/v2\/media\/17110"}],"wp:attachment":[{"href":"https:\/\/www.infokuryr.cz\/n\/wp-json\/wp\/v2\/media?parent=17109"}],"wp:term":[{"taxonomy":"category","embeddable":true,"href":"https:\/\/www.infokuryr.cz\/n\/wp-json\/wp\/v2\/categories?post=17109"},{"taxonomy":"post_tag","embeddable":true,"href":"https:\/\/www.infokuryr.cz\/n\/wp-json\/wp\/v2\/tags?post=17109"}],"curies":[{"name":"wp","href":"https:\/\/api.w.org\/{rel}","templated":true}]}}