{"id":17103,"date":"2022-10-21T06:56:53","date_gmt":"2022-10-21T04:56:53","guid":{"rendered":"http:\/\/www.infokuryr.cz\/n\/?p=17103"},"modified":"2022-10-21T06:56:53","modified_gmt":"2022-10-21T04:56:53","slug":"jiri-vyvadil-kdyby-hloupost-nadnasela-letala-by-trussova-jako-holubicka","status":"publish","type":"post","link":"https:\/\/www.infokuryr.cz\/n\/2022\/10\/21\/jiri-vyvadil-kdyby-hloupost-nadnasela-letala-by-trussova-jako-holubicka\/","title":{"rendered":"Ji\u0159\u00ed Vyvadil: Kdyby hloupost nadn\u00e1\u0161ela, l\u00e9tala by Trussov\u00e1 jako holubi\u010dka\u2026"},"content":{"rendered":"<div id=\"fb-root\"><\/div>\n<p><strong>Kdyby je\u0161t\u011b \u017eili Jaroslav Dietl a Milo\u0161 Kopeck\u00fd a byli by Angli\u010dany, nebyl by lep\u0161\u00ed p\u0159\u00edklad pro zakotven\u00ed jejich vtipu ne\u017e na nyn\u00ed odstoupiv\u0161\u00ed britskou premi\u00e9rku Liz Trussovou. Zp\u016fsobit t\u00e9m\u011b\u0159 tot\u00e1ln\u00ed kolaps britsk\u00e9 ekonomiky b\u011bhem 40 dn\u016f, to fakt nem\u00e1 chybu.<\/strong><\/p>\n<p>Samoz\u0159ejm\u011b, \u017ee i my m\u00e1me sv\u00e9 exempl\u00e1\u0159e: Pekarovou &#8211; Adamovou s jej\u00edm brilantn\u00edm \u0159e\u0161en\u00edm energetick\u00e9 krize no\u0161en\u00edm t\u0159\u00ed svetr\u016f, \u010di v\u00fdzv\u00e1m ob\u010dan\u016fm obracej\u00edc\u00edmi ka\u017edou korunu, s jej\u00edm platem 250 tis\u00edc K\u010d a dv\u011bma slu\u017eebn\u00edmi auty, aby \u0161et\u0159ili, jsou tak\u00e9 my\u0161lenkov\u00fdm skvostem, ale p\u0159ece jenom i u n\u00ed jej\u00ed kolegov\u00e9 koalice v\u011bd\u011bli, \u017ee jej\u00ed intelektu\u00e1ln\u00ed schopnosti jsou bl\u00edzk\u00e9 vymizen\u00ed a \u017ee j\u00ed nelze sv\u011b\u0159it \u017e\u00e1dnou exekutivn\u00ed funkci.<\/p>\n<p>Trussov\u00e9 minirozpo\u010det ot\u0159\u00e1sl d\u016fv\u011brou voli\u010d\u016f, konzervativn\u00edch poslanc\u016f i finan\u010dn\u00edch trh\u016f a kolegov\u00e9 u\u017e to vydr\u017eet nemohli a tak dnes pod jejich tlakem odstoupila.<\/p>\n<p>Mimochodem jestli se v n\u011b\u010dem podobala na\u0161\u00ed Pekarov\u00e9 \u2013 Adamov\u00e9, pak to byla a\u017e fanatick\u00e1 rusofobie, kter\u00e1 snouben\u00e1 s jej\u00edmi nulov\u00fdmi schopnostmi vytv\u00e1\u0159ela p\u0159edstavu o mor\u00e1ln\u00ed i odborn\u00e9 b\u00edd\u011b sou\u010dasn\u00fdch z\u00e1padn\u00edch politik\u016f, zcela nesrovnateln\u00e9 s jejich stranick\u00fdmi historick\u00fdmi p\u0159edch\u016fdci jako byla v p\u0159\u00edpad\u011b konzervativc\u016f postava Winstona Churchilla \u010di Margaret Thatcherov\u00e9.<\/p>\n<p>I kdy\u017e Liz Trussov\u00e1 byla v podstat\u011b mladice, \u010dlov\u011bk p\u0159i jej\u00edm odchodu chu\u0165 \u0159\u00edci: Budi\u017e j\u00ed zem\u011b lehk\u00e1. Velk\u00e1 Brit\u00e1nie je na trval\u00e9m se\u0161upu a nepochybn\u011b si to zp\u016fsobila sv\u00fdmi politiky. Ale p\u0159ece jenom bychom byli p\u0159\u00edli\u0161 \u0161kodolib\u00ed, kdybychom j\u00ed to p\u0159\u00e1li.<\/p>\n<p><a href=\"http:\/\/vasevec.parlamentnilisty.cz\/komentare\/kdyby-hloupost-nadnasela-letala-trussova-jako-holubicka\">Ji\u0159\u00ed Vyvadil<\/a><\/p>\n<p><img decoding=\"async\" loading=\"lazy\" class=\"alignnone size-medium wp-image-16474\" src=\"http:\/\/www.infokuryr.cz\/n\/wp-content\/uploads\/2022\/10\/jiri-vyvadil-300x200.jpg\" alt=\"\" width=\"300\" height=\"200\" srcset=\"https:\/\/www.infokuryr.cz\/n\/wp-content\/uploads\/2022\/10\/jiri-vyvadil-300x200.jpg 300w, https:\/\/www.infokuryr.cz\/n\/wp-content\/uploads\/2022\/10\/jiri-vyvadil-768x512.jpg 768w, https:\/\/www.infokuryr.cz\/n\/wp-content\/uploads\/2022\/10\/jiri-vyvadil.jpg 800w\" sizes=\"(max-width: 300px) 100vw, 300px\" \/><\/p>\n<p>&nbsp;<\/p>\n","protected":false},"excerpt":{"rendered":"<p>Kdyby je\u0161t\u011b \u017eili Jaroslav Dietl a Milo\u0161 Kopeck\u00fd a byli by Angli\u010dany, nebyl by lep\u0161\u00ed&#8230;<\/p>\n","protected":false},"author":2,"featured_media":14675,"comment_status":"closed","ping_status":"closed","sticky":false,"template":"","format":"standard","meta":[],"categories":[6],"tags":[29,3233,303],"_links":{"self":[{"href":"https:\/\/www.infokuryr.cz\/n\/wp-json\/wp\/v2\/posts\/17103"}],"collection":[{"href":"https:\/\/www.infokuryr.cz\/n\/wp-json\/wp\/v2\/posts"}],"about":[{"href":"https:\/\/www.infokuryr.cz\/n\/wp-json\/wp\/v2\/types\/post"}],"author":[{"embeddable":true,"href":"https:\/\/www.infokuryr.cz\/n\/wp-json\/wp\/v2\/users\/2"}],"replies":[{"embeddable":true,"href":"https:\/\/www.infokuryr.cz\/n\/wp-json\/wp\/v2\/comments?post=17103"}],"version-history":[{"count":0,"href":"https:\/\/www.infokuryr.cz\/n\/wp-json\/wp\/v2\/posts\/17103\/revisions"}],"wp:featuredmedia":[{"embeddable":true,"href":"https:\/\/www.infokuryr.cz\/n\/wp-json\/wp\/v2\/media\/14675"}],"wp:attachment":[{"href":"https:\/\/www.infokuryr.cz\/n\/wp-json\/wp\/v2\/media?parent=17103"}],"wp:term":[{"taxonomy":"category","embeddable":true,"href":"https:\/\/www.infokuryr.cz\/n\/wp-json\/wp\/v2\/categories?post=17103"},{"taxonomy":"post_tag","embeddable":true,"href":"https:\/\/www.infokuryr.cz\/n\/wp-json\/wp\/v2\/tags?post=17103"}],"curies":[{"name":"wp","href":"https:\/\/api.w.org\/{rel}","templated":true}]}}