{"id":17093,"date":"2022-10-21T01:11:49","date_gmt":"2022-10-20T23:11:49","guid":{"rendered":"http:\/\/www.infokuryr.cz\/n\/?p=17093"},"modified":"2022-10-20T17:30:47","modified_gmt":"2022-10-20T15:30:47","slug":"trussova-odstoupila-z-funkce-britskeho-premiera","status":"publish","type":"post","link":"https:\/\/www.infokuryr.cz\/n\/2022\/10\/21\/trussova-odstoupila-z-funkce-britskeho-premiera\/","title":{"rendered":"Trussov\u00e1 odstoupila z funkce britsk\u00e9ho premi\u00e9ra"},"content":{"rendered":"<div id=\"fb-root\"><\/div>\n<h2 class=\"article__second-title\"><span>Trussov\u00e1 ozn\u00e1mila svou rezignaci jako premi\u00e9rka Brit\u00e1nie a \u0161\u00e9fka Konzervativn\u00ed strany<\/span><\/h2>\n<div class=\"article__block\" data-type=\"text\">\n<div class=\"article__text\"><span>Britsk\u00e1 premi\u00e9rka Liz Trussov\u00e1 ozn\u00e1mila, \u017ee odstupuje necel\u00e9 dva m\u011bs\u00edce po sv\u00e9m jmenov\u00e1n\u00ed do \u010dela Konzervativn\u00ed strany a p\u0159edsedkyn\u011b britsk\u00e9 vl\u00e1dy.<\/span><\/div>\n<\/div>\n<div class=\"article__block\" data-type=\"quote\">\n<div class=\"article__quote\">\n<div class=\"article__quote-text m-small\" data-text-length=\"421\">\n<p><span>&#8222;P\u0159izn\u00e1m se, \u017ee za dan\u00e9 situace nezvl\u00e1d\u00e1m povinnosti sv\u011b\u0159en\u00e9 mn\u011b (p\u0159edsedovi vl\u00e1dy), pro kter\u00fd jsem byla zvolena Konzervativn\u00ed stranou. Kontaktovala jsem proto Jeho Veli\u010denstvo kr\u00e1le (Karel III. \u2014 ca. ed.), abych mu ozn\u00e1mila, \u017ee rezignuji na funkci l\u00eddra Konzervativn\u00ed strany,\u201c \u0159ekla v projevu vys\u00edlan\u00e9m stanic\u00ed Sky News.<\/span><\/p>\n<\/div>\n<\/div>\n<\/div>\n<div class=\"article__block\" data-type=\"text\">\n<div class=\"article__text\"><span>Politi\u010dka up\u0159esnila, \u017ee z\u016fstane v \u010dele vl\u00e1dy, dokud nebude zvolen jej\u00ed n\u00e1stupce.<\/span><\/div>\n<div><\/div>\n<\/div>\n<div><img decoding=\"async\" loading=\"lazy\" class=\"alignnone size-full wp-image-1185\" src=\"http:\/\/www.infokuryr.cz\/n\/wp-content\/uploads\/2021\/04\/kuryr-podpis.png\" alt=\"\" width=\"84\" height=\"24\" \/><\/div>\n<div><\/div>\n<div><\/div>\n","protected":false},"excerpt":{"rendered":"<p>Trussov\u00e1 ozn\u00e1mila svou rezignaci jako premi\u00e9rka Brit\u00e1nie a \u0161\u00e9fka Konzervativn\u00ed strany Britsk\u00e1 premi\u00e9rka Liz Trussov\u00e1&#8230;<\/p>\n","protected":false},"author":2,"featured_media":8215,"comment_status":"closed","ping_status":"closed","sticky":false,"template":"","format":"standard","meta":[],"categories":[7],"tags":[3233,3231,303],"_links":{"self":[{"href":"https:\/\/www.infokuryr.cz\/n\/wp-json\/wp\/v2\/posts\/17093"}],"collection":[{"href":"https:\/\/www.infokuryr.cz\/n\/wp-json\/wp\/v2\/posts"}],"about":[{"href":"https:\/\/www.infokuryr.cz\/n\/wp-json\/wp\/v2\/types\/post"}],"author":[{"embeddable":true,"href":"https:\/\/www.infokuryr.cz\/n\/wp-json\/wp\/v2\/users\/2"}],"replies":[{"embeddable":true,"href":"https:\/\/www.infokuryr.cz\/n\/wp-json\/wp\/v2\/comments?post=17093"}],"version-history":[{"count":0,"href":"https:\/\/www.infokuryr.cz\/n\/wp-json\/wp\/v2\/posts\/17093\/revisions"}],"wp:featuredmedia":[{"embeddable":true,"href":"https:\/\/www.infokuryr.cz\/n\/wp-json\/wp\/v2\/media\/8215"}],"wp:attachment":[{"href":"https:\/\/www.infokuryr.cz\/n\/wp-json\/wp\/v2\/media?parent=17093"}],"wp:term":[{"taxonomy":"category","embeddable":true,"href":"https:\/\/www.infokuryr.cz\/n\/wp-json\/wp\/v2\/categories?post=17093"},{"taxonomy":"post_tag","embeddable":true,"href":"https:\/\/www.infokuryr.cz\/n\/wp-json\/wp\/v2\/tags?post=17093"}],"curies":[{"name":"wp","href":"https:\/\/api.w.org\/{rel}","templated":true}]}}