{"id":17011,"date":"2022-10-19T07:05:45","date_gmt":"2022-10-19T05:05:45","guid":{"rendered":"http:\/\/www.infokuryr.cz\/n\/?p=17011"},"modified":"2022-10-19T07:05:45","modified_gmt":"2022-10-19T05:05:45","slug":"rada-osn-pro-lidska-prava-upozornila-na-zlociny-osu-vuci-ruskym-valecnym-zajatcum","status":"publish","type":"post","link":"https:\/\/www.infokuryr.cz\/n\/2022\/10\/19\/rada-osn-pro-lidska-prava-upozornila-na-zlociny-osu-vuci-ruskym-valecnym-zajatcum\/","title":{"rendered":"Rada OSN pro lidsk\u00e1 pr\u00e1va upozornila na zlo\u010diny OSU v\u016f\u010di rusk\u00fdm v\u00e1le\u010dn\u00fdm zajatc\u016fm"},"content":{"rendered":"<div id=\"fb-root\"><\/div>\n<p><strong>Podle zpr\u00e1vy, kterou v \u00fater\u00fd zve\u0159ejnila komise UNHRC prov\u00e1d\u011bj\u00edc\u00ed vy\u0161et\u0159ov\u00e1n\u00ed na Ukrajin\u011b, se ukrajin\u0161t\u00ed voj\u00e1ci dopustili v b\u0159eznu 2022 minim\u00e1ln\u011b dvou v\u00e1le\u010dn\u00fdch zlo\u010din\u016f mu\u010den\u00edm a zast\u0159elen\u00edm rusk\u00fdch v\u00e1le\u010dn\u00fdch zajatc\u016f v Charkovsk\u00e9 a Kyjevsk\u00e9 oblasti.<\/strong><\/p>\n<p><em>\u201eKomise tak\u00e9 zdokumentovala dva p\u0159\u00edpady, kdy p\u0159\u00edslu\u0161n\u00edci ukrajinsk\u00fdch ozbrojen\u00fdch sil mu\u010dili, st\u0159\u00edleli a zp\u016fsobovali zran\u011bn\u00ed zajat\u00fdm voj\u00e1k\u016fm rusk\u00fdch ozbrojen\u00fdch sil, co\u017e jsou v\u00e1le\u010dn\u00e9 zlo\u010diny. Pot\u00e9, co ru\u0161t\u00ed voj\u00e1ci padli do zajet\u00ed, z\u00edskali statut v\u00e1le\u010dn\u00fdch zajatc\u016f a byli chr\u00e1n\u011bni v souladu s mezin\u00e1rodn\u00edm humanit\u00e1rn\u00edm pr\u00e1vem,\u201c<\/em>\u00a0je uvedeno v dokumentu.<\/p>\n<p>Komise up\u0159es\u0148uje, \u017ee v prvn\u00edm p\u0159\u00edpad\u011b v Mal\u00e9m Roganu v Charkovsk\u00e9 oblasti mezi 24. a 26. b\u0159eznem 2022 ukrajin\u0161t\u00ed voj\u00e1ci \u00famysln\u011b st\u0159\u00edleli t\u0159em zajat\u00fdm rusk\u00fdm voj\u00e1k\u016fm zbl\u00edzka do nohou a jednoho z nich b\u011bhem v\u00fdslechu zbili pa\u017ebou pu\u0161ky.<\/p>\n<p><em>\u201eVe druh\u00e9m p\u0159\u00edpad\u011b pobl\u00ed\u017e Dmitrovky v Kyjevsk\u00e9 oblasti 29. b\u0159ezna 2022 ukrajinsk\u00fd voj\u00e1k t\u0159ikr\u00e1t vyst\u0159elil z bezprost\u0159edn\u00ed bl\u00edzkosti a zranil ji\u017e zran\u011bn\u00e9ho p\u0159\u00edslu\u0161n\u00edka rusk\u00fdch ozbrojen\u00fdch sil. Na videu jsou vid\u011bt dal\u0161\u00ed nehybn\u00ed ru\u0161t\u00ed voj\u00e1ci, v\u010detn\u011b jednoho se sv\u00e1zan\u00fdma rukama za z\u00e1dy a zjevnou ranou na hlav\u011b, co\u017e sv\u011bd\u010d\u00ed o tom, \u017ee byl s nejv\u011bt\u0161\u00ed pravd\u011bpodobnost\u00ed popraven,\u201c<\/em>\u00a0dod\u00e1v\u00e1 se v refer\u00e1tu.<\/p>\n<p><img decoding=\"async\" loading=\"lazy\" class=\"alignnone size-full wp-image-1185\" src=\"http:\/\/www.infokuryr.cz\/n\/wp-content\/uploads\/2021\/04\/kuryr-podpis.png\" alt=\"\" width=\"84\" height=\"24\" \/><\/p>\n<p>&nbsp;<\/p>\n","protected":false},"excerpt":{"rendered":"<p>Podle zpr\u00e1vy, kterou v \u00fater\u00fd zve\u0159ejnila komise UNHRC prov\u00e1d\u011bj\u00edc\u00ed vy\u0161et\u0159ov\u00e1n\u00ed na Ukrajin\u011b, se ukrajin\u0161t\u00ed voj\u00e1ci&#8230;<\/p>\n","protected":false},"author":2,"featured_media":14247,"comment_status":"closed","ping_status":"closed","sticky":false,"template":"","format":"standard","meta":[],"categories":[7],"tags":[625,186,22,26,2415],"_links":{"self":[{"href":"https:\/\/www.infokuryr.cz\/n\/wp-json\/wp\/v2\/posts\/17011"}],"collection":[{"href":"https:\/\/www.infokuryr.cz\/n\/wp-json\/wp\/v2\/posts"}],"about":[{"href":"https:\/\/www.infokuryr.cz\/n\/wp-json\/wp\/v2\/types\/post"}],"author":[{"embeddable":true,"href":"https:\/\/www.infokuryr.cz\/n\/wp-json\/wp\/v2\/users\/2"}],"replies":[{"embeddable":true,"href":"https:\/\/www.infokuryr.cz\/n\/wp-json\/wp\/v2\/comments?post=17011"}],"version-history":[{"count":0,"href":"https:\/\/www.infokuryr.cz\/n\/wp-json\/wp\/v2\/posts\/17011\/revisions"}],"wp:featuredmedia":[{"embeddable":true,"href":"https:\/\/www.infokuryr.cz\/n\/wp-json\/wp\/v2\/media\/14247"}],"wp:attachment":[{"href":"https:\/\/www.infokuryr.cz\/n\/wp-json\/wp\/v2\/media?parent=17011"}],"wp:term":[{"taxonomy":"category","embeddable":true,"href":"https:\/\/www.infokuryr.cz\/n\/wp-json\/wp\/v2\/categories?post=17011"},{"taxonomy":"post_tag","embeddable":true,"href":"https:\/\/www.infokuryr.cz\/n\/wp-json\/wp\/v2\/tags?post=17011"}],"curies":[{"name":"wp","href":"https:\/\/api.w.org\/{rel}","templated":true}]}}