{"id":16994,"date":"2022-10-19T06:10:46","date_gmt":"2022-10-19T04:10:46","guid":{"rendered":"http:\/\/www.infokuryr.cz\/n\/?p=16994"},"modified":"2022-10-19T06:10:46","modified_gmt":"2022-10-19T04:10:46","slug":"general-sergej-surovikin-ve-vubec-prvnim-rozhovoru-pro-media-prichystal-mnoha-rusum-sok","status":"publish","type":"post","link":"https:\/\/www.infokuryr.cz\/n\/2022\/10\/19\/general-sergej-surovikin-ve-vubec-prvnim-rozhovoru-pro-media-prichystal-mnoha-rusum-sok\/","title":{"rendered":"Gener\u00e1l Sergej Surovikin ve v\u016fbec prvn\u00edm rozhovoru pro m\u00e9dia p\u0159ichystal mnoha Rus\u016fm \u0161ok"},"content":{"rendered":"<div id=\"fb-root\"><\/div>\n<h4>Gener\u00e1l Sergej Surovikin ve v\u016fbec prvn\u00edm rozhovoru pro m\u00e9dia p\u0159ichystal mnoha Rus\u016fm \u0161ok, proto\u017ee na taktice se pr\u00fd nic m\u011bnit nebude! Gener\u00e1l zopakoval, \u017ee prioritou speci\u00e1ln\u00ed vojensk\u00e9 operace na Ukrajin\u011b je ochrana \u017eivot\u016f civilist\u016f a rusk\u00fdch voj\u00e1k\u016f, tak\u017ee nen\u00ed d\u016fvod pro rychl\u00fd postup operace! Ohro\u017een\u00ed ob\u010dan\u00e9 Ruska z nov\u011b p\u0159ipojen\u00fdch \u00fazem\u00ed budou z lini\u00ed doteku evakuov\u00e1ni do Rusk\u00e9 federace! Podivn\u00e1 pozn\u00e1mka gener\u00e1la na konci rozhovoru zvedla v Rusku doslova vlnu zd\u011b\u0161en\u00ed a dohad\u016f!<\/h4>\n<p>Nov\u00fd velitel rusk\u00e9 speci\u00e1ln\u00ed vojensk\u00e9 operace na Ukrajin\u011b a\u00a0<strong>gener\u00e1l Sergej Surovikin poskytl v \u00fater\u00fd rusk\u00fdm m\u00e9di\u00edm v gener\u00e1ln\u00edm \u0161t\u00e1bu pro velen\u00ed SVO operace rozhovor [<a href=\"https:\/\/href.li\/?https:\/\/www.rt.com\/russia\/564934-general-surovikin-ukraine-operation\/\" target=\"_blank\" rel=\"nofollow noopener\">1<\/a>], kter\u00fd zp\u016fsobil na rusk\u00fdch soci\u00e1ln\u00edch s\u00edt\u00edch doslova \u0161ok,<\/strong>\u00a0a to hned ve dvou ohledech, p\u0159i\u010dem\u017e nikdo nen\u00ed z projevu nad\u0161en\u00fd, pr\u00e1v\u011b naopak a obavy se dokonce je\u0161t\u011b v\u00edce prohloubily, jestli v\u016fbec dojde k n\u011bjak\u00e9 zm\u011bn\u011b, proto\u017ee z projevu gener\u00e1la to vypadalo, \u017ee sp\u00ed\u0161 v\u016fbec, a pokud ano, tak jenom v n\u011bkter\u00fdch d\u00edl\u010d\u00edch aspektech.<\/p>\n<p>T\u00edm je my\u0161len t\u0159eba lep\u0161\u00ed management person\u00e1lu na boji\u0161ti, v\u00edce z\u00e1loh, aby nedoch\u00e1zelo k pr\u016flom\u016fm ukrajinsk\u00e9 p\u011bchoty, kter\u00e1 n\u011bkdy \u010d\u00edtala i desetin\u00e1sobek rusk\u00fdch obrann\u00fdch sil na linii doteku. Jinak ale podle v\u0161eho k \u017e\u00e1dn\u00e9 jin\u00e9 zm\u011bn\u011b nedojde, a\u017e tedy s v\u00fdjimkou intenzivn\u00edch rusk\u00fdch \u00fader\u016f na ukrajinskou energetickou infrastrukturu a sem tam n\u011bjak\u00e9 \u017eelezni\u010dn\u00ed objekty. P\u0159ipravil jsem pro v\u00e1s pln\u00fd p\u0159eklad videa s \u010desk\u00fdmi titulky, m\u016f\u017eete sami posoudit, jak\u00fd dojem to na v\u00e1s zanech\u00e1. Rusy u televizn\u00edch obrazovek m\u00e1lem kleplo. A to dv\u011bma r\u016fzn\u00fdmi zp\u016fsoby.<\/p>\n<p>&nbsp;<\/p>\n<div id=\"rumble_v1m17qu\">\n<div id=\"vid_v1m17qu\" class=\"rumble_v1m17qu-Rumble-cls\" tabindex=\"-1\">\n<div class=\"bigPlayUI ctp\">\n<div class=\"bigPlayUIInner ctp\"><div class='videoWrapper'>\r\n\t            <iframe src='https:\/\/rumble.com\/embed\/pj.v1m17qu\/' frameborder='0' allowfullscreen><\/iframe>\r\n\t        <\/div><\/div>\n<\/div>\n<\/div>\n<\/div>\n<p>&nbsp;<\/p>\n<p>T\u00edm prvn\u00edm zp\u016fsobem \u0161oku je jasn\u00fd v\u00fdrok, \u017ee prioritou Rusk\u00e9 arm\u00e1dy na Ukrajin\u011b z\u016fst\u00e1v\u00e1 ochrana \u017eivot\u016f, a to jak civilist\u016f, tak i rusk\u00fdch voj\u00e1k\u016f. \u010cekala se zm\u011bna, ale nep\u0159i\u0161la. Taktikou operace bude nad\u00e1le pozi\u010dn\u00ed v\u00e1lka a \u00fato\u010d\u00edc\u00ed hordy a vlny Ukrajinc\u016f, kte\u0159\u00ed um\u00edraj\u00ed na hradb\u011b rusk\u00e9ho\u00a0<em>meat grinderu<\/em>, tedy ml\u00fdnku na maso. Tato taktika \u0161et\u0159\u00ed \u017eivoty rusk\u00fdch voj\u00e1k\u016f, i civiln\u00edho obyvatelstva. Ov\u0161em pouze toho obyvatelstva, kter\u00e9 je hodn\u011b daleko od frontov\u00e9 linie. Pokud nen\u00ed, potk\u00e1 civilisty podobn\u00fd osud jako te\u010f v Chersonu. Kv\u016fli neust\u00e1l\u00e9mu ost\u0159elov\u00e1n\u00ed raketami a d\u011blost\u0159eleck\u00fdmi gran\u00e1ty z ukrajinsk\u00fdch pozic bylo rozhodnuto o evakuaci a p\u0159est\u011bhov\u00e1n\u00ed obyvatel Chersonu do Rusk\u00e9 federace.<\/p>\n<h6><span style=\"font-size: 18pt;\">Prim\u00e1rn\u00edm c\u00edlem operace je ochrana \u017eivot\u016f, tak\u017ee \u017e\u00e1dn\u00e1 zm\u011bna?<\/span><\/h6>\n<p>P\u016fjde o obrovsk\u00fd p\u0159esun des\u00edtek tis\u00edc obyvatel m\u011bsta a na rusk\u00fdch webech u\u017e se spekuluje, \u017ee Rusk\u00e1 arm\u00e1da se pl\u00e1nuje z Chersonu st\u00e1hnout, ale nechce tam nechat obyvatelstvo, kter\u00e9 u\u017e m\u00e1 z hlediska rusk\u00e9 \u00dastavy pln\u00e1 rusk\u00e1 ob\u010danstv\u00ed. Pokud by tam obyvatelstvo z\u016fstalo, bylo by Ukrajinci zmasakrov\u00e1no. Takto to vid\u00ed ru\u0161t\u00ed pesimist\u00e9 a \u0159\u00edkaj\u00ed, \u017ee to m\u016f\u017ee dopadnout jako v Charkov\u011b, jenom s t\u00edm rozd\u00edlem, \u017ee tam nez\u016fstanou ru\u0161t\u00ed ob\u010dan\u00e9.<\/p>\n<p><strong>Surovikin toti\u017e na konec proslovu prohl\u00e1sil podivnou v\u011bc, \u017ee vylou\u010dena nejsou ani t\u011b\u017ek\u00e1 rozhodnut\u00ed, z \u010deho\u017e Rusov\u00e9 na soci\u00e1ln\u00edch s\u00edt\u00edch okam\u017eit\u011b pochopili, \u017ee m\u011bl na mysli pr\u00e1v\u011b sta\u017een\u00ed z Chersonu<\/strong>\u00a0podobn\u011b, jako do\u0161lo ke sta\u017een\u00ed v Charkovsk\u00e9 oblasti z Izjumu, Kupjansku a dal\u0161\u00edch m\u011bst. Jak to doopravdy Surovikin myslel s t\u00edm t\u011b\u017ek\u00fdm rozhodov\u00e1n\u00edm je ale do zna\u010dn\u00e9 m\u00edry subjektivn\u00ed podle toho, kdo tento v\u00fdrok zrovna sly\u0161el a koho se pt\u00e1te. Ka\u017ed\u00fd Rus si pod t\u00edm vylo\u017eil n\u011bco jin\u00e9ho.<\/p>\n<figure id=\"attachment_53483\" class=\"wp-caption aligncenter\" style=\"width: 677px;\"><a href=\"https:\/\/aeronet.news\/wp-content\/uploads\/GenSergejSurovikin.jpg\"><img decoding=\"async\" loading=\"lazy\" class=\"wp-image-53483 \" src=\"https:\/\/aeronet.news\/wp-content\/uploads\/GenSergejSurovikin.jpg\" sizes=\"(max-width: 1020px) 100vw, 1020px\" srcset=\"https:\/\/aeronet.news\/wp-content\/uploads\/GenSergejSurovikin.jpg 1020w, https:\/\/aeronet.news\/wp-content\/uploads\/GenSergejSurovikin-300x191.jpg 300w, https:\/\/aeronet.news\/wp-content\/uploads\/GenSergejSurovikin-768x489.jpg 768w, https:\/\/aeronet.news\/wp-content\/uploads\/GenSergejSurovikin-700x445.jpg 700w, https:\/\/aeronet.news\/wp-content\/uploads\/GenSergejSurovikin-100x65.jpg 100w, https:\/\/aeronet.news\/wp-content\/uploads\/GenSergejSurovikin-561x357.jpg 561w, https:\/\/aeronet.news\/wp-content\/uploads\/GenSergejSurovikin-759x483.jpg 759w\" alt=\"\" width=\"677\" height=\"431\" \/><\/a><figcaption class=\"wp-caption-text\">Gen. Sergej Surovikin, velitel SVO na Ukrajin\u011b<\/figcaption><\/figure>\n<p>P\u0159\u00edznivci rychl\u00e9ho v\u00edt\u011bzstv\u00ed Ruska na Ukrajin\u011b sb\u00edrali kusy rozbit\u00fdch hodin, kter\u00e9 jim spadly ze zdi po zhl\u00e9dnut\u00ed videa, zat\u00edmco\u00a0<strong>ru\u0161t\u00ed rezervist\u00e9 v tom \u201ct\u011b\u017ek\u00e9m rozhodnut\u00ed\u201d na 100% vy\u010detli, \u017ee Surovikin t\u00edm m\u011bl na mysli plnou a neomezenou mobilizaci v Rusku<\/strong>, o kter\u00e9 se neust\u00e1le mluv\u00ed mezi lidmi, proto\u017ee ani oby\u010dejn\u00ed lid\u00e9 v Rusku u\u017e nev\u011b\u0159\u00ed, \u017ee \u010d\u00e1ste\u010dn\u00e1 mobilizace do 300 000 mu\u017e\u016f dok\u00e1\u017ee zajistit konec v\u00e1lky na Ukrajin\u011b a hlavn\u011b demilitarizaci a denacifikaci Ukrajiny.<\/p>\n<p>O t\u011b\u017ek\u00e9m rozhodnut\u00ed vyhl\u00e1sit \u010d\u00e1ste\u010dnou mobilizaci toti\u017e u\u017e mluvil p\u0159ed \u010dasem i Sergej \u0160ojgu, ministr obrany, kter\u00fd koncem srpna prohl\u00e1sil, \u017ee gener\u00e1ln\u00ed \u0161t\u00e1b stoj\u00ed p\u0159ed\u00a0<em>t\u011b\u017ek\u00fdm rozhodnut\u00edm<\/em>, a jen kr\u00e1tce pot\u00e9 Vladimir Putin na televizi skute\u010dn\u011b to t\u011b\u017ek\u00e9 rozhodnut\u00ed oznamoval v podob\u011b \u010d\u00e1ste\u010dn\u00e9 mobilizace. O pln\u00e9 mobilizaci se v Rusku mluv\u00ed jako o naprost\u00e9 jistot\u011b, a to z\u0159ejm\u011b p\u0159\u00ed\u0161t\u00ed rok na ja\u0159e, nebo sp\u00ed\u0161 p\u0159ed za\u010d\u00e1tkem jara. Pokud nem\u00e1te \u010das na zhl\u00e9dnut\u00ed videa v\u00fd\u0161e, tady je p\u0159epis rozhovoru:<\/p>\n<h4><span style=\"font-size: 18pt;\">Rozhovor m\u00e9di\u00ed s gener\u00e1lem Sergejem Surovikinem<\/span><\/h4>\n<p>Obecn\u011b lze situaci v z\u00f3n\u011b speci\u00e1ln\u00ed vojensk\u00e9 operace ozna\u010dit za napjatou. Nep\u0159\u00edtel neopou\u0161t\u00ed \u017e\u00e1dn\u00e9 pokusy o \u00fatok na pozice rusk\u00fdch vojsk. P\u0159edev\u0161\u00edm se to t\u00fdk\u00e1 Kupjansk\u00e9ho sm\u011bru, Krasnolymansk\u00e9ho, Nikolajeva a Krivoj Rogu.\u00a0<strong>My a Ukrajinci jsme jeden n\u00e1rod a chceme jedin\u00e9: aby Ukrajina byla nez\u00e1visl\u00e1 na Z\u00e1pad\u011b a NATO.<\/strong>\u00a0St\u00e1t, kter\u00fd je p\u0159\u00e1telsk\u00fd k Rusku. Nep\u0159\u00edtelem je zlo\u010dineck\u00fd re\u017eim, kter\u00fd \u017eene ob\u010dany Ukrajiny na smrt. Za t\u00edmto \u00fa\u010delem se sna\u017e\u00ed napadnout na\u0161i obranu. Proto ozbrojen\u00e9 s\u00edly Ukrajiny stahuj\u00ed v\u0161echny dostupn\u00e9 rezervy do prvn\u00ed linie. V\u011bt\u0161inou se jedn\u00e1 o s\u00edly divadeln\u00ed obrany, kter\u00e9 ani nepro\u0161ly plnohodnotn\u00fdm v\u00fdcvikem. Ve skute\u010dnosti je ukrajinsk\u00e9 veden\u00ed odsuzuje ke zni\u010den\u00ed.<\/p>\n<p>Tyto jednotky maj\u00ed zpravidla n\u00edzkou mor\u00e1lku. Aby ukrajinsk\u00fd zlo\u010dineck\u00fd re\u017eim odvr\u00e1til prchaj\u00edc\u00ed z frontov\u00e9 linie, pou\u017e\u00edv\u00e1 z\u00e1tarasy slo\u017een\u00e9 z nacionalist\u016f, kte\u0159\u00ed st\u0159\u00edlej\u00ed na ka\u017ed\u00e9ho, kdo se pokus\u00ed opustit boji\u0161t\u011b. Ka\u017ed\u00fd den ztr\u00e1c\u00ed nep\u0159\u00edtel stovky mrtv\u00fdch a ran\u011bn\u00fdch. Jak ji\u017e \u0159ekl vrchn\u00ed velitel ozbrojen\u00fdch sil Rusk\u00e9 federace, m\u00e1me jinou strategii. Nesna\u017e\u00edme se o vysok\u00e9 tempo postupu, ka\u017ed\u00e9ho voj\u00e1ka metodicky \u0161et\u0159\u00edme mal\u00fdm nep\u0159\u00e1telsk\u00fdm \u00fatokem. T\u00edm se nejen minimalizuj\u00ed ztr\u00e1ty, ale tak\u00e9 se sni\u017euje po\u010det ob\u011bt\u00ed mezi obyvatelstvem. V sou\u010dasn\u00e9 dob\u011b kombinovan\u00e9 uskupen\u00ed sil p\u0159ij\u00edm\u00e1 ve\u0161ker\u00e1 opat\u0159en\u00ed k pos\u00edlen\u00ed bojov\u00e9 s\u00edly \u00fatvar\u016f vojensk\u00fdch jednotek, vytvo\u0159en\u00edm dal\u0161\u00edch z\u00e1loh, obrann\u00fdch a obrann\u00fdch lini\u00ed a pozic os\u00eddlen\u00ed boji\u0161t\u011b. Nad\u00e1le pokra\u010duj\u00ed z\u00e1sahy vojensk\u00fdch objekt\u016f vysoce p\u0159esn\u00fdmi zbran\u011bmi. Tato infrastruktura ovliv\u0148uje bojovou \u00fa\u010dinnost ukrajinsk\u00fdch vojsk, aby se sn\u00ed\u017eil jejich bojov\u00fd potenci\u00e1l.<\/p>\n<p><em><strong>-Jak byste charakterizoval \u010dinnost rusk\u00e9ho letectva v bl\u00edzkosti protivzdu\u0161n\u00e9 obrany?<\/strong><\/em><\/p>\n<p>Speci\u00e1ln\u00ed vojensk\u00e1 operace potvrdila \u00fa\u010dinnost leteck\u00fdch komplex\u016f a prost\u0159edk\u016f protivzdu\u0161n\u00e9 obrany, kter\u00e9 m\u00e1me k dispozici. B\u011bhem operace os\u00e1dky opera\u010dn\u011b-taktick\u00e9 arm\u00e1dy a letectva provedly v\u00edce ne\u017e 34 000 bojov\u00fdch let\u016f a pou\u017eily v\u00edce ne\u017e 7 000 \u0159\u00edzen\u00fdch zbran\u00ed protivzdu\u0161n\u00e9 obrany. Nejnov\u011bj\u0161\u00ed hypersonick\u00e9 st\u0159ely Kin\u017eal se dob\u0159e a spolehliv\u011b osv\u011bd\u010dily p\u0159i ni\u010den\u00ed c\u00edl\u016f. \u017d\u00e1dn\u00fd ze syst\u00e9m\u016f protivzdu\u0161n\u00e9 obrany nep\u0159\u00edtele nebude schopen t\u00e9to st\u0159ele odolat a zabr\u00e1nit j\u00ed v dosa\u017een\u00ed c\u00edle. Nejvy\u0161\u0161\u00ed pohotovost vykazuj\u00ed tak\u00e9 strategick\u00e9 st\u0159ely s plochou dr\u00e1hou letu. Zat\u00edmco pro cvi\u010den\u00ed je mo\u017en\u00e9 vyzdvihnout p\u00e1tou generaci v\u00edce\u00fa\u010delov\u00e9ho letounu SU-57, kter\u00fd m\u00e1 \u0161irok\u00e9 mo\u017enosti v\u00fdzbroje p\u0159i ka\u017ed\u00e9m letu. \u0158e\u0161\u00ed mnoho pl\u00e1novan\u00fdch \u00fakol\u016f zasahov\u00e1n\u00ed ciz\u00edch vzdu\u0161n\u00fdch c\u00edl\u016f. Bezpilotn\u00ed letectvo m\u011blo takt\u00e9\u017e v\u00edce ne\u017e 8000 vzlet\u016f a \u00fadern\u00e9 bezpilotn\u00ed drony zni\u010dily v\u00edce ne\u017e 600 nep\u0159\u00e1telsk\u00fdch objekt\u016f.<\/p>\n<p><em><strong>-Chersonsk\u00e1 oblast se rozhodla zorganizovat a umo\u017enit odjezd obyvatel regionu do Rusk\u00e9 federace a p\u0159ipomn\u011bla st\u00e1le \u010dast\u011bj\u0161\u00ed ost\u0159elov\u00e1n\u00ed ze strany ozbrojen\u00fdch sil Ukrajiny. Jak m\u016f\u017eete toto rozhodnut\u00ed okomentovat?<\/strong><\/em><\/p>\n<p>Situace v t\u00e9to oblasti nen\u00ed snadn\u00e1. Protivn\u00edk zam\u011b\u0159uje \u00fadery na infrastrukturn\u00ed objekty a obytn\u00e9 domy v Chersonu, na spole\u010densk\u00e9, ekonomick\u00e9 a v\u00fdrobn\u00ed objekty infrastruktury. Rakety Himars zas\u00e1hly Antonovsk\u00fd most a Kachovskou vodn\u00ed p\u0159ehradu, na kter\u00e9 je zastaven provoz. M\u011bsto m\u00e1 tedy probl\u00e9my se z\u00e1sobov\u00e1n\u00edm potravinami. Existuj\u00ed ur\u010dit\u00e9 probl\u00e9my s dod\u00e1vkami vody a elekt\u0159iny. To v\u0161e nejen\u017ee zna\u010dn\u011b zt\u011b\u017euje \u017eivot obyvatel m\u011bsta, ale tak\u00e9 je p\u0159\u00edmo ohro\u017euje na \u017eivot\u011b. \u017divoty a v\u0161echno ostatn\u00ed. Veden\u00ed NATO po ukrajinsk\u00e9m veden\u00ed ji\u017e po\u017eaduje, aby kyjevsk\u00fd re\u017eim zah\u00e1jil operaci na chersonsk\u00e9m sm\u011bru.<\/p>\n<p>Nepo\u010d\u00edtaj\u00ed, kolik to bude st\u00e1t ob\u011bt\u00ed z \u0159ad ukrajinsk\u00fdch ozbrojen\u00fdch sil, tak i z \u0159ad civilist\u016f. M\u00e1me \u00fadaje o mo\u017enosti pou\u017eit\u00ed v\u00e1le\u010dn\u00fdch metod kyjevsk\u00fdm re\u017eimem v oblasti m\u011bsta Cherson, o p\u0159\u00edprav\u011b Kyjeva na raketov\u00e9 \u00fadery na p\u0159ehradu Kachovsk\u00e9 vodn\u00ed elektr\u00e1rny, o veden\u00ed raketov\u00fdch a d\u011blost\u0159eleck\u00fdch \u00fader\u016f na m\u011bsto bez rozli\u0161en\u00ed c\u00edl\u016f. Doufaj\u00ed, \u017ee v\u0161e m\u016f\u017ee v\u00e9st ke zni\u010den\u00ed infrastruktury v\u00fdznamn\u00e9ho pr\u016fmyslov\u00e9ho centra, a to bez 40 velk\u00fdch civiln\u00edch ob\u011bt\u00ed.<\/p>\n<p>Za t\u011bchto okolnost\u00ed je na\u0161\u00edm prvo\u0159ad\u00fdm \u00fakolem chr\u00e1nit \u017eivoty a zdrav\u00ed civilist\u016f. Proto p\u0159edev\u0161\u00edm Rusk\u00e1 arm\u00e1da zajist\u00ed bezpe\u010dn\u00fd odchod obyvatelstva v r\u00e1mci programu p\u0159es\u00eddlen\u00ed, kter\u00fd ji\u017e rusk\u00e1 vl\u00e1da vyhl\u00e1sila. Na\u0161e dal\u0161\u00ed pl\u00e1ny a akce t\u00fdkaj\u00edc\u00ed se samotn\u00e9ho m\u011bsta Cherson budou z\u00e1viset na vojensk\u00e9 a taktick\u00e9 situaci. Opakuji, \u017ee ji\u017e dnes je situace velmi obt\u00ed\u017en\u00e1. V ka\u017ed\u00e9m p\u0159\u00edpad\u011b, jak jsem ji\u017e \u0159ekl, budeme vych\u00e1zet z pot\u0159eby co nejv\u00edce zachovat \u017eivoty obyvatel a na\u0161ich voj\u00e1k\u016f. To je pro n\u00e1s prioritou. Budeme jednat v\u011bdom\u011b, v\u010das a\u00a0<strong>nebudeme vylu\u010dovat ani ta nejt\u011b\u017e\u0161\u00ed rozhodnut\u00ed<\/strong>.<\/p>\n<h6><span style=\"font-size: 18pt;\">Surovikin je p\u0159ipraven u\u010dinit i t\u011b\u017ek\u00e1 rozhodnut\u00ed<\/span><\/h6>\n<p>T\u0159et\u00ed skupina Rus\u016f na soci\u00e1ln\u00edch s\u00edt\u00ed ale p\u0159e\u010detla posledn\u00ed v\u011btu ze Surovikinova projevu tak, \u017ee t\u00edm pohrozil Ukrajin\u011b pou\u017eit\u00edm tvrd\u00fdch a brut\u00e1ln\u00edch prost\u0159edk\u016f a \u00fader\u016f, kter\u00fdmi byl Surovikin v S\u00fdrii prohl\u00e1\u0161en. A k tomuto v\u00fdkladu se p\u0159ikl\u00e1n\u00edm i j\u00e1, proto\u017ee Surovikin nen\u00ed gener\u00e1l, kter\u00fd byl dosazen do funkce proto, aby p\u0159edal Ukrajinc\u016fm dnes ji\u017e ofici\u00e1ln\u011b rusk\u00e1 m\u011bsta v prostoru Novoruska.<\/p>\n<p><strong>Ka\u017edop\u00e1dn\u011b p\u0159esun obyvatelstva z Chersonu do Rusk\u00e9 federace m\u016f\u017ee z m\u011bsta ud\u011blat pevnost a v\u00e1le\u010dnou z\u00f3nu, de facto nov\u00fd Stalingrad<\/strong>\u00a0a v projevu jasn\u011b zazn\u011blo, \u017ee vl\u00e1da v Kyjev\u011b je vl\u00e1dou zlo\u010dinc\u016f, co\u017e potvrzuje, \u017ee Surovikin se pokus\u00ed p\u0159i jak\u00e9koliv p\u0159\u00edle\u017eitosti ospravedlnit sv\u00e9 metody ze S\u00fdrie a po\u0161le na Kyjev bomby a bude to sypat v koberc\u00edch na vl\u00e1dn\u00ed budovy v Kyjev\u011b a na cokoliv, co se bude h\u00fdbat a bude m\u00edt designaci p\u0159\u00edslu\u0161nosti ke kyjevsk\u00e9 junt\u011b.<\/p>\n<figure id=\"attachment_53589\" class=\"wp-caption aligncenter\" style=\"width: 659px;\"><a href=\"https:\/\/aeronet.news\/wp-content\/uploads\/TrenchExcavatorMDK3.jpg\"><img decoding=\"async\" loading=\"lazy\" class=\"wp-image-53589 \" src=\"https:\/\/aeronet.news\/wp-content\/uploads\/TrenchExcavatorMDK3-1024x576.jpg\" sizes=\"(max-width: 700px) 100vw, 700px\" srcset=\"https:\/\/aeronet.news\/wp-content\/uploads\/TrenchExcavatorMDK3-1024x576.jpg 1024w, https:\/\/aeronet.news\/wp-content\/uploads\/TrenchExcavatorMDK3-300x169.jpg 300w, https:\/\/aeronet.news\/wp-content\/uploads\/TrenchExcavatorMDK3-768x432.jpg 768w, https:\/\/aeronet.news\/wp-content\/uploads\/TrenchExcavatorMDK3-700x394.jpg 700w, https:\/\/aeronet.news\/wp-content\/uploads\/TrenchExcavatorMDK3-635x357.jpg 635w, https:\/\/aeronet.news\/wp-content\/uploads\/TrenchExcavatorMDK3-859x483.jpg 859w, https:\/\/aeronet.news\/wp-content\/uploads\/TrenchExcavatorMDK3.jpg 1280w\" alt=\"\" width=\"659\" height=\"371\" \/><\/a><figcaption class=\"wp-caption-text\">Rusk\u00fd exkav\u00e1tor pro strojov\u00e9 ra\u017een\u00ed z\u00e1kop\u016f a protitankov\u00fdch lini\u00ed<\/figcaption><\/figure>\n<p>Podle informac\u00ed z fronty se Rusk\u00e1 arm\u00e1da hore\u010dn\u011b zakop\u00e1v\u00e1 po cel\u00e9 d\u00e9lce fronty a nejde jen o n\u011bjak\u00e9 drobn\u00e9 z\u00e1kopy,\u00a0<strong>na linii v Chersonsk\u00e9 oblasti p\u0159ij\u00ed\u017ed\u00ed m\u00edcha\u010de s betonem, n\u00e1kla\u010f\u00e1ky s roxory, sv\u00e1\u0159ec\u00ed \u010dety, budou se budovat \u017eelezobetonov\u00e9 bunkry. Doslova Gustavova linie.<\/strong>\u00a0To na jedn\u00e9 stran\u011b znamen\u00e1, \u017ee Rusov\u00e9 nebudou cht\u00edt ustoupit, ale rovn\u011b\u017e se na to p\u016fjde d\u00edvat i tak, \u017ee nebudou cht\u00edt ani postoupit.<\/p>\n<p>Rusk\u00e1 arm\u00e1da toti\u017e opravdu pro\u0161la v\u00fdvojem od rozpadu SSSR a na Ukrajin\u011b vede v\u00e1lku americk\u00fdm zp\u016fsobem, tedy za pou\u017eit\u00ed v prvn\u00ed \u0159ad\u011b raket a precizn\u00edch \u00fader\u016f, za pomoci dalekonosn\u00fdch houfnic, raketomet\u016f a d\u011bl. To znamen\u00e1 v\u00e1lku bez kontaktu s nep\u0159\u00edtelem na\u017eivo z o\u010d\u00ed do o\u010d\u00ed. K takov\u00fdm st\u0159et\u016fm doch\u00e1z\u00ed jen v DLR ve sm\u011bru na Ar\u0165emovsk, Soledar a dal\u0161\u00ed m\u011bsta v DLR, kde Rusk\u00e1 arm\u00e1da a l\u00e9pe \u0159e\u010deno PMC Wagner a skupina Achmat Ramzana Kadyrova ne\u017e Rusk\u00e1 arm\u00e1da prov\u00e1d\u00ed v podstat\u011b\u00a0<em>urban warfare<\/em>\u00a0a boj v m\u011bstsk\u00e9 z\u00e1stavb\u011b ulici po ulici.<\/p>\n<h6><span style=\"font-size: 18pt;\">Igor Strelkov Girkin je zp\u00e1tky na front\u011b!<\/span><\/h6>\n<p>Situace v DLR se opravdu v mnoh\u00e9m odli\u0161uje. Kyjevsk\u00e1 junta v t\u011bchto m\u011bstech za 8 let vybudovala de facto m\u011bstsk\u00e1 opevn\u011bn\u00ed, vybetonovan\u00e9 bunkry, betonov\u00e9 protitankov\u00e9 linie, to v\u0161echno jen d\u00edky tomu, \u017ee\u00a0<strong>Igor Strelkov Girkin byl v roce 2014 Kremlem zastaven a nebylo mu dovoleno obsadit Donbas snadno a rychle, co\u017e v t\u00e9 dob\u011b \u0161lo velmi snadno.<\/strong><\/p>\n<p>A nebyl zastaven vlastn\u011b Kremlem, ale lidmi kontroluj\u00edc\u00edmi Kreml okolo R\u017dK a F\u017dO s napojen\u00edm na Izrael a na ukrajinsk\u00e9 oligarchy, kte\u0159\u00ed oklikou intervenovali do Kremlu, aby Putin zastavil obsazov\u00e1n\u00ed majetk\u016f \u017eidovsk\u00fdch oligarch\u016f s izraelsk\u00fdmi pasy na Ukrajin\u011b, \u017ee to nen\u00ed dovoleno. Je to paradoxn\u00ed, ale Igor Strelkov se p\u0159ed p\u00e1r dny pr\u00fd \u201cdobrovoln\u011b\u201d p\u0159ihl\u00e1sil do spec-operace na Ukrajin\u011b. Na Telegramu se objevila jeho fotka v odvodov\u00e9 uniform\u011b. Na fotce je se svoj\u00ed man\u017eelkou Miroslavou Reginskou p\u0159i lou\u010den\u00ed.<\/p>\n<figure id=\"attachment_53587\" class=\"wp-caption aligncenter\" style=\"width: 418px;\"><a href=\"https:\/\/aeronet.news\/wp-content\/uploads\/IgorStrelkovMobilization.jpg\"><img decoding=\"async\" loading=\"lazy\" class=\"wp-image-53587 \" src=\"https:\/\/aeronet.news\/wp-content\/uploads\/IgorStrelkovMobilization-886x1024.jpg\" sizes=\"(max-width: 700px) 100vw, 700px\" srcset=\"https:\/\/aeronet.news\/wp-content\/uploads\/IgorStrelkovMobilization-886x1024.jpg 886w, https:\/\/aeronet.news\/wp-content\/uploads\/IgorStrelkovMobilization-260x300.jpg 260w, https:\/\/aeronet.news\/wp-content\/uploads\/IgorStrelkovMobilization-768x887.jpg 768w, https:\/\/aeronet.news\/wp-content\/uploads\/IgorStrelkovMobilization-700x809.jpg 700w, https:\/\/aeronet.news\/wp-content\/uploads\/IgorStrelkovMobilization-309x357.jpg 309w, https:\/\/aeronet.news\/wp-content\/uploads\/IgorStrelkovMobilization-418x483.jpg 418w, https:\/\/aeronet.news\/wp-content\/uploads\/IgorStrelkovMobilization.jpg 1108w\" alt=\"\" width=\"418\" height=\"483\" \/><\/a><figcaption class=\"wp-caption-text\">Igor Strelkov Girkin p\u0159ed odchodem na frontu\u00a0 a Miroslava Reginskaja<\/figcaption><\/figure>\n<p>Ale na soci\u00e1ln\u00edch s\u00edt\u00edch se \u0161\u00ed\u0159\u00ed informace, \u017ee to a\u017e tak dobrovoln\u011b pr\u00fd nebylo, \u017ee mu p\u0159i\u0161el mobiliza\u010dn\u00ed rozkaz.\u00a0<strong>Podle jeho Telegramu [<a href=\"https:\/\/href.li\/?https:\/\/t.me\/strelkovii\/3463\" target=\"_blank\" rel=\"nofollow noopener\">2<\/a>] je na front\u011b od 14. 10. tohoto roku. Boje jsou pr\u00fd zl\u00e9, ale je \u017eiv a zdr\u00e1v.<\/strong>\u00a0Podle jeho p\u0159\u00edznivc\u016f byl odveden jako vel\u00edc\u00ed d\u016fstojn\u00edk, proto\u017ee v hodnosti plukovn\u00edka bylo prakticky jist\u00e9, \u017ee bude povol\u00e1n v prvn\u00ed vln\u011b. Mo\u017en\u00e1 \u0161lo i o odvetu n\u011bkoho z gener\u00e1ln\u00edho \u0161t\u00e1bu, proto\u017ee na sv\u00e9m Telegramu nebyl snad jedin\u00fd den, aby nekritizoval Kreml a gener\u00e1ln\u00ed \u0161t\u00e1b za neschopn\u00e9 veden\u00ed operace. Pod Surovikinem se m\u016f\u017eeme tedy do\u010dkat \u00fapln\u011b v\u0161eho, i t\u011b\u017ek\u00fdch rozhodnut\u00ed s t\u011b\u017ek\u00fdm srdcem, s t\u011b\u017ekou mysl\u00ed, s t\u011b\u017ek\u00fdmi, opravdu t\u011b\u017ek\u00fdmi bombami a t\u011b\u017ek\u00fdm hodnocen\u00edm v\u0161eho, co uvid\u00edme a usly\u0161\u00edme.<\/p>\n<p>-VK- \u0160\u00e9fredaktor AE News<\/p>\n<p><a href=\"https:\/\/aeronet.news\/video-general-sergej-surovikin-ve-vubec-prvnim-rozhovoru-pro-media-prichystal-mnoha-rusum-sok-protoze-na-taktice-se-pry-nic-menit-nebude-general-zopakoval-ze-prioritou-specialni-vojenske-operace\/\">ZDROJ<\/a><\/p>\n<p>&nbsp;<\/p>\n","protected":false},"excerpt":{"rendered":"<p>Gener\u00e1l Sergej Surovikin ve v\u016fbec prvn\u00edm rozhovoru pro m\u00e9dia p\u0159ichystal mnoha Rus\u016fm \u0161ok, proto\u017ee na&#8230;<\/p>\n","protected":false},"author":2,"featured_media":16995,"comment_status":"closed","ping_status":"closed","sticky":false,"template":"","format":"standard","meta":[],"categories":[7],"tags":[1110,1052,22,3617],"_links":{"self":[{"href":"https:\/\/www.infokuryr.cz\/n\/wp-json\/wp\/v2\/posts\/16994"}],"collection":[{"href":"https:\/\/www.infokuryr.cz\/n\/wp-json\/wp\/v2\/posts"}],"about":[{"href":"https:\/\/www.infokuryr.cz\/n\/wp-json\/wp\/v2\/types\/post"}],"author":[{"embeddable":true,"href":"https:\/\/www.infokuryr.cz\/n\/wp-json\/wp\/v2\/users\/2"}],"replies":[{"embeddable":true,"href":"https:\/\/www.infokuryr.cz\/n\/wp-json\/wp\/v2\/comments?post=16994"}],"version-history":[{"count":0,"href":"https:\/\/www.infokuryr.cz\/n\/wp-json\/wp\/v2\/posts\/16994\/revisions"}],"wp:featuredmedia":[{"embeddable":true,"href":"https:\/\/www.infokuryr.cz\/n\/wp-json\/wp\/v2\/media\/16995"}],"wp:attachment":[{"href":"https:\/\/www.infokuryr.cz\/n\/wp-json\/wp\/v2\/media?parent=16994"}],"wp:term":[{"taxonomy":"category","embeddable":true,"href":"https:\/\/www.infokuryr.cz\/n\/wp-json\/wp\/v2\/categories?post=16994"},{"taxonomy":"post_tag","embeddable":true,"href":"https:\/\/www.infokuryr.cz\/n\/wp-json\/wp\/v2\/tags?post=16994"}],"curies":[{"name":"wp","href":"https:\/\/api.w.org\/{rel}","templated":true}]}}