{"id":16944,"date":"2022-10-18T05:28:13","date_gmt":"2022-10-18T03:28:13","guid":{"rendered":"http:\/\/www.infokuryr.cz\/n\/?p=16944"},"modified":"2022-10-18T05:28:13","modified_gmt":"2022-10-18T03:28:13","slug":"francouzska-skola-zakazala-islamske-obleceni-studenti-zahajili-nasilne-protesty-a-bitky-s-policii","status":"publish","type":"post","link":"https:\/\/www.infokuryr.cz\/n\/2022\/10\/18\/francouzska-skola-zakazala-islamske-obleceni-studenti-zahajili-nasilne-protesty-a-bitky-s-policii\/","title":{"rendered":"Francouzsk\u00e1 \u0161kola zak\u00e1zala isl\u00e1msk\u00e9 oble\u010den\u00ed, \u201estudenti\u201c zah\u00e1jili n\u00e1siln\u00e9 protesty a bitky s polici\u00ed"},"content":{"rendered":"<div id=\"fb-root\"><\/div>\n<p>St\u0159edn\u00ed \u0161kola ve francouzsk\u00e9 \u00a0<a href=\"https:\/\/www.francebleu.fr\/infos\/faits-divers-justice\/le-lycee-joliot-curie-de-nanterre-est-ferme-par-precaution-apres-des-echauffourees-1665692914\">Nanterre musela v p\u00e1tek uzav\u0159\u00edt budovu<\/a>\u00a0a poslat studenty dom\u016f.\u00a0<strong>Stalo se to po t\u00e9, co skupina asi 50 \u201estudent\u016f\u201c zablokovala n\u00e1siln\u011b vstup do \u0161koly a n\u00e1sledn\u011b se pustila do bitky s polici\u00ed. V\u00fdtr\u017en\u00edci napadli policii kameny, z\u00e1paln\u00fdmi bombami a dal\u0161\u00edm p\u0159edm\u011bty<\/strong>. Policie zadr\u017eela 14 osob, dva policist\u00e9 byli zran\u011bni.<\/p>\n<p>N\u00e1sil\u00ed bylo reakc\u00ed na r<strong>ozhodnut\u00ed veden\u00ed \u0161koly zak\u00e1zat studentk\u00e1m nosit do \u0161koly \u201evoln\u00e9 oble\u010den\u00ed\u201c, co\u017e byl eufemizmus pro muslimsk\u00fd \u017eensk\u00fd od\u011bv abaya, kter\u00fd m\u00e1 za \u00fakol potla\u010dit \u017eensk\u00e9 rysy<\/strong>. Podle z<strong>\u00e1kona jsou sice francouzsk\u00e9 \u0161koly sekul\u00e1rn\u00ed, ale muslim\u016fm, \u017eid\u016f a n\u011bkter\u00fdm dal\u0161\u00edm men\u0161in\u00e1m se toleruj\u00ed nepsan\u00e9 v\u00fdjimky<\/strong>. B\u00edl\u00fd Francouz \u017e\u00e1dn\u00e9 v\u00fdjimky nem\u00e1. V\u0161e podle orwellowsk\u00e9ho hesla:\u00a0<strong>v\u0161ichni jsou si rovni, ale n\u011bkte\u0159\u00ed jsou si rovn\u011bj\u0161\u00ed!<\/strong><\/p>\n<p><strong>Islamizace Francie prob\u00edh\u00e1 za podpory politick\u00e9ho veden\u00ed zem\u011b a medi\u00ed a podle v\u0161eho se jedn\u00e1 o nevratn\u00fd proces. Dopadnou \u010ce\u0161i stejn\u011b, anebo se dok\u00e1\u017e\u00ed glob\u00e1ln\u00ed finan\u010dn\u00ed oligarchie postavit na odpor a v boji na \u017eivot a na smrt zv\u00edt\u011bzit?<\/strong><\/p>\n<p><a href=\"https:\/\/ceskavec.com\/2022\/10\/francouzska-skola-zakazala-islamske-obleceni-studenti-zahajili-nasilne-protesty-a-bitky-s-policii\">\u010cesk\u00e1 v\u011bc<\/a><\/p>\n<p>&nbsp;<\/p>\n","protected":false},"excerpt":{"rendered":"<p>St\u0159edn\u00ed \u0161kola ve francouzsk\u00e9 \u00a0Nanterre musela v p\u00e1tek uzav\u0159\u00edt budovu\u00a0a poslat studenty dom\u016f.\u00a0Stalo se to&#8230;<\/p>\n","protected":false},"author":2,"featured_media":3427,"comment_status":"closed","ping_status":"closed","sticky":false,"template":"","format":"standard","meta":[],"categories":[7],"tags":[3609,130,86,293],"_links":{"self":[{"href":"https:\/\/www.infokuryr.cz\/n\/wp-json\/wp\/v2\/posts\/16944"}],"collection":[{"href":"https:\/\/www.infokuryr.cz\/n\/wp-json\/wp\/v2\/posts"}],"about":[{"href":"https:\/\/www.infokuryr.cz\/n\/wp-json\/wp\/v2\/types\/post"}],"author":[{"embeddable":true,"href":"https:\/\/www.infokuryr.cz\/n\/wp-json\/wp\/v2\/users\/2"}],"replies":[{"embeddable":true,"href":"https:\/\/www.infokuryr.cz\/n\/wp-json\/wp\/v2\/comments?post=16944"}],"version-history":[{"count":0,"href":"https:\/\/www.infokuryr.cz\/n\/wp-json\/wp\/v2\/posts\/16944\/revisions"}],"wp:featuredmedia":[{"embeddable":true,"href":"https:\/\/www.infokuryr.cz\/n\/wp-json\/wp\/v2\/media\/3427"}],"wp:attachment":[{"href":"https:\/\/www.infokuryr.cz\/n\/wp-json\/wp\/v2\/media?parent=16944"}],"wp:term":[{"taxonomy":"category","embeddable":true,"href":"https:\/\/www.infokuryr.cz\/n\/wp-json\/wp\/v2\/categories?post=16944"},{"taxonomy":"post_tag","embeddable":true,"href":"https:\/\/www.infokuryr.cz\/n\/wp-json\/wp\/v2\/tags?post=16944"}],"curies":[{"name":"wp","href":"https:\/\/api.w.org\/{rel}","templated":true}]}}