{"id":16937,"date":"2022-10-18T00:14:51","date_gmt":"2022-10-17T22:14:51","guid":{"rendered":"http:\/\/www.infokuryr.cz\/n\/?p=16937"},"modified":"2022-10-18T05:17:20","modified_gmt":"2022-10-18T03:17:20","slug":"demokraticka-strana-zelenych-za-prava-zvirat-se-rozhodla-podporit-petici-ochrancu-zvirat-na-rozsireni-vybehu-poslednimu-medvedovi-jirkovi-na-konopisti","status":"publish","type":"post","link":"https:\/\/www.infokuryr.cz\/n\/2022\/10\/18\/demokraticka-strana-zelenych-za-prava-zvirat-se-rozhodla-podporit-petici-ochrancu-zvirat-na-rozsireni-vybehu-poslednimu-medvedovi-jirkovi-na-konopisti\/","title":{"rendered":"Demokratick\u00e1 strana zelen\u00fdch &#8211; ZA PR\u00c1VA ZV\u00cd\u0158AT se rozhodla podpo\u0159it petici ochr\u00e1nc\u016f zv\u00ed\u0159at na roz\u0161\u00ed\u0159en\u00ed v\u00fdb\u011bhu posledn\u00edmu medv\u011bdovi Jirkovi na Konopi\u0161ti"},"content":{"rendered":"<div id=\"fb-root\"><\/div>\n<p><strong><span style=\"color: #333333;\"><span style=\"font-family: Verdana, sans-serif;\"><span style=\"font-size: medium;\">DSZ &#8211; ZA PR\u00c1VA ZV\u00cd\u0158AT se pln\u011b ztoto\u017e\u0148uje s d\u016fvody k vytvo\u0159en\u00ed petice pro lep\u0161\u00ed \u017eivot medv\u011bda, jako\u017eto i s jej\u00edm textem\u00a0<\/span><\/span><\/span>a n\u00e1vrhem \u0159e\u0161en\u00ed.<\/strong><\/p>\n<p><span style=\"color: #333333;\"><span style=\"font-family: Verdana, sans-serif;\"><span style=\"font-size: medium;\"><i>&#8222;My, n\u00ed\u017ee podepsan\u00ed, prost\u0159ednictv\u00edm t\u00e9to petice \u017e\u00e1d\u00e1me o roz\u0161\u00ed\u0159en\u00ed v\u00fdb\u011bhu pro medv\u011bda Jirku na z\u00e1mku Konopi\u0161t\u011b a z\u00e1rove\u0148 o z\u00e1vazek veden\u00ed z\u00e1mku, aby medv\u011bd Jirka byl posledn\u00edm \u017eij\u00edc\u00edm medv\u011bdem na Konopi\u0161ti.<\/i><\/span><\/span><\/span><\/p>\n<p><strong><span style=\"color: #333333;\"><span style=\"font-family: Verdana, sans-serif;\"><span style=\"font-size: medium;\"><i>N\u00ed\u017ee uv\u00e1d\u00edme d\u016fvody pro pod\u00e1n\u00ed t\u00e9to petice:<\/i><\/span><\/span><\/span><\/strong><\/p>\n<p><span style=\"color: #333333;\"><span style=\"font-family: Verdana, sans-serif;\"><span style=\"font-size: medium;\"><i>V p\u0159irozen\u00e9m prost\u0159ed\u00ed by medv\u011bd u\u0161at\u00fd m\u011bl teritorium o rozloze zhruba 400 km2, bohu\u017eel podm\u00ednky v\u00fdb\u011bhu na Konopi\u0161ti medv\u011bdovi poskytuj\u00ed pouze asi 200 m2, co\u017e u divok\u00e9ho zv\u00ed\u0159ete vede k rozvoji frustrace a str\u00e1d\u00e1n\u00ed.<\/i><\/span><\/span><\/span><\/p>\n<p><span style=\"color: #333333;\"><span style=\"font-family: Verdana, sans-serif;\"><span style=\"font-size: medium;\"><i>Medv\u011bd Jirka trp\u00ed stereotypn\u00edm chov\u00e1n\u00edm, kter\u00e9 je z\u0159eteln\u00fdm d\u016fkazem toho, \u017ee v tomto chovu str\u00e1d\u00e1.<\/i><\/span><\/span><\/span><\/p>\n<p><span style=\"color: #333333;\"><span style=\"font-family: Verdana, sans-serif;\"><span style=\"font-size: medium;\"><i>V dne\u0161n\u00ed dob\u011b jsou divok\u00e1 zv\u00ed\u0159ata v\u00edce ne\u017e kdy p\u0159edt\u00edm vn\u00edm\u00e1na jako vz\u00e1cn\u00e1, proto bychom se m\u011bli sna\u017eit o to, je co nejv\u00edce chr\u00e1nit.<\/i><\/span><\/span><\/span><\/p>\n<p><span style=\"color: #333333;\"><span style=\"font-family: Verdana, sans-serif;\"><span style=\"font-size: medium;\"><i>Chov medv\u011bd\u016f v zajet\u00ed mal\u00fdch z\u00e1meck\u00fdch medv\u011bd\u00e1ri\u00ed je zastaral\u00e1 tradice, kter\u00e1 nem\u00e1 v modern\u00ed spole\u010dnosti opodstatn\u011bn\u00ed.<\/i><\/span><\/span><\/span><\/p>\n<p><span style=\"color: #333333;\"><span style=\"font-family: Verdana, sans-serif;\"><span style=\"font-size: medium;\"><i>Z\u00e1mek Konopi\u0161t\u011b vybral finance od ve\u0159ejnosti pro zv\u011bt\u0161en\u00ed jeho v\u00fdb\u011bhu, k tomu v\u0161ak nedo\u0161lo. Nav\u00edc nen\u00ed technicky t\u011b\u017ek\u00e9 tento v\u00fdb\u011bh zv\u011bt\u0161it, tud\u00ed\u017e nic z\u00e1va\u017en\u00e9ho zv\u011bt\u0161en\u00ed v\u00fdb\u011bhu nebr\u00e1n\u00ed.<\/i><\/span><\/span><\/span><\/p>\n<p><span style=\"color: #333333;\"><span style=\"font-family: Verdana, sans-serif;\"><span style=\"font-size: medium;\"><i>Odborn\u00edci se shoduj\u00ed v tom, \u017ee v\u00fdb\u011bh z\u00e1mku Konopi\u0161t\u011b nem\u016f\u017ee uspokojit welfare po\u017eadavky na chov divok\u00e9ho zv\u00ed\u0159ete.<\/i><\/span><\/span><\/span><\/p>\n<p><span style=\"color: #333333;\"><span style=\"font-family: Verdana, sans-serif;\"><span style=\"font-size: medium;\"><i>Ve\u0159ejnost si v\u0161\u00edm\u00e1 nevhodn\u00fdch podm\u00ednek medv\u011bda a chce s t\u00edm n\u011bco ud\u011blat.<\/i><\/span><\/span><\/span><\/p>\n<p><strong><span style=\"color: #333333;\"><span style=\"font-family: Verdana, sans-serif;\"><span style=\"font-size: medium;\"><i>Navrhovan\u00e9 \u0159e\u0161en\u00ed:<\/i><\/span><\/span><\/span><\/strong><\/p>\n<p><span style=\"color: #333333;\"><span style=\"font-family: Verdana, sans-serif;\"><span style=\"font-size: medium;\"><i>Chceme, aby z\u00e1mek Konopi\u0161t\u011b zv\u011bt\u0161il dosavadn\u00ed v\u00fdb\u011bh medv\u011bdovi Jirkovi, nebo\u0165 z\u00e1mek disponuje touto mo\u017enost\u00ed. Medv\u011bd Jirka trp\u00ed stereotypn\u00edm chov\u00e1n\u00edm, kter\u00e9 jasn\u011b dokazuje, \u017ee v tomto chovu str\u00e1d\u00e1. Pr\u00e1v\u011b mal\u00fd v\u00fdb\u011bh m\u016f\u017ee b\u00fdt jedn\u00edm z hlavn\u00edch d\u016fvod\u016f tohoto projevu frustrace.<\/i><\/span><\/span><\/span><\/p>\n<p><span style=\"color: #333333;\"><span style=\"font-family: Verdana, sans-serif;\"><span style=\"font-size: medium;\"><i>Z\u00e1rove\u0148 po veden\u00ed z\u00e1mku \u017e\u00e1d\u00e1me, aby se zav\u00e1zalo, \u017ee medv\u011bd Jirka bude posledn\u00edm medv\u011bdem, kter\u00fd bude na Konopi\u0161ti chov\u00e1n. V dne\u0161n\u00ed dob\u011b p\u0159edstavuj\u00ed z\u00e1meck\u00e1 medv\u011bd\u00e1ria zastaralou tradici, v r\u00e1mci n\u00ed\u017e nen\u00ed mo\u017en\u00e9 poskytnout divok\u00e9mu zv\u00ed\u0159eti takov\u00e9 podm\u00ednky, kter\u00e9 by naplnily\u00a0jeho welfare.&#8220;<\/i><\/span><\/span><\/span><\/p>\n<p><span style=\"color: #333333;\"><span style=\"font-family: Verdana, sans-serif;\"><span style=\"font-size: medium;\">DSZ \u2013 ZA PR\u00c1VA ZV\u00cd\u0158AT vyz\u00fdv\u00e1 spr\u00e1vu z\u00e1mku Konopi\u0161t\u011b, aby zajistila zv\u011bt\u0161en\u00ed v\u00fdb\u011bhu a zlep\u0161en\u00ed \u017eivotn\u00edch podm\u00ednek medv\u011bda.<\/span><\/span><\/span><\/p>\n<p align=\"LEFT\"><span style=\"color: #333333;\"><span style=\"font-family: Verdana, sans-serif;\"><span style=\"font-size: medium;\">DSZ &#8211; ZA PR\u00c1VA ZV\u00cd\u0158AT si klade za c\u00edl prosadit d\u016fsledn\u011bj\u0161\u00ed ochranu zv\u00ed\u0159at, \u017eivo\u010dich\u016f, p\u0159\u00edrody, vody, ovzdu\u0161\u00ed, podneb\u00ed, \u017eivotn\u00edho prost\u0159ed\u00ed, ale t\u00e9\u017e v\u011bt\u0161\u00ed pr\u00e1va pro zv\u00ed\u0159ata, resp. jejich v\u011bt\u0161\u00ed pr\u00e1vn\u00ed ochranu.<\/p>\n<p><\/span><\/span><\/span><span style=\"color: #333333;\"><span style=\"font-family: Verdana, sans-serif;\"><span style=\"font-size: medium;\">DSZ &#8211; ZA PR\u00c1VA ZV\u00cd\u0158AT vystupuje proti v\u0161em druh\u016fm t\u00fdr\u00e1n\u00ed zv\u00ed\u0159at \u010di krut\u00e9mu zach\u00e1zen\u00ed s nimi. Odsuzuje ka\u017edou \u010dinnost, kter\u00e1 zp\u016fsobuje utrpen\u00ed zv\u00ed\u0159at.<\/span><\/span><\/span><\/p>\n<p align=\"LEFT\"><span style=\"color: #333333;\"><span style=\"font-family: Verdana, sans-serif;\"><span style=\"font-size: medium;\">DSZ &#8211; ZA PR\u00c1VA ZV\u00cd\u0158AT se zasazuje o d\u016fsledn\u011bj\u0161\u00ed ochranu zv\u00ed\u0159at, p\u0159\u00edsn\u011bj\u0161\u00ed tresty za t\u00fdr\u00e1n\u00ed a zlep\u0161en\u00ed podm\u00ednek chovu.<\/span><\/span><\/span><\/p>\n<p align=\"LEFT\"><span style=\"color: #333333;\"><span style=\"font-family: Verdana, sans-serif;\"><span style=\"font-size: medium;\">DSZ &#8211; ZA PR\u00c1VA ZV\u00cd\u0158AT je dvac\u00e1tou registrovanou politickou stranou za pr\u00e1va zv\u00ed\u0159at ve sv\u011bt\u011b, resp. \u010cesk\u00e1 republika je dvac\u00e1tou zem\u00ed, ve kter\u00e9 existuje strana zam\u011b\u0159en\u00e1 prim\u00e1rn\u011b na obranu pr\u00e1v zv\u00ed\u0159at.<\/span><\/span><\/span><\/p>\n<p style=\"text-align: left;\" align=\"CENTER\"><strong><span style=\"color: #333333;\"><span style=\"font-family: Verdana, sans-serif;\"><span style=\"font-size: medium;\">\u0158V DSZ \u2013 ZA PR\u00c1VA ZV\u00cd\u0158AT<\/span><\/span><\/span><\/strong><\/p>\n<p><span style=\"color: #333333;\"><span style=\"font-family: Verdana, sans-serif;\"><span style=\"font-size: medium;\">V Doma\u017elic\u00edch 17. 10. 2022<\/span><\/span><\/span><\/p>\n<p><a href=\"https:\/\/dsz321.webnode.cz\/news\/prohlaseni-dsz-za-prava-zvirat-k-petici-ochrancu-zvirat-za-rozsireni-vybehu-poslednimu-medvedovi-jirkovi-na-konopisti\/\">ZDROJ<\/a><\/p>\n<p>&nbsp;<\/p>\n","protected":false},"excerpt":{"rendered":"<p>DSZ &#8211; ZA PR\u00c1VA ZV\u00cd\u0158AT se pln\u011b ztoto\u017e\u0148uje s d\u016fvody k vytvo\u0159en\u00ed petice pro lep\u0161\u00ed&#8230;<\/p>\n","protected":false},"author":2,"featured_media":16938,"comment_status":"closed","ping_status":"closed","sticky":false,"template":"","format":"standard","meta":[],"categories":[6],"tags":[645,3608,1084,204],"_links":{"self":[{"href":"https:\/\/www.infokuryr.cz\/n\/wp-json\/wp\/v2\/posts\/16937"}],"collection":[{"href":"https:\/\/www.infokuryr.cz\/n\/wp-json\/wp\/v2\/posts"}],"about":[{"href":"https:\/\/www.infokuryr.cz\/n\/wp-json\/wp\/v2\/types\/post"}],"author":[{"embeddable":true,"href":"https:\/\/www.infokuryr.cz\/n\/wp-json\/wp\/v2\/users\/2"}],"replies":[{"embeddable":true,"href":"https:\/\/www.infokuryr.cz\/n\/wp-json\/wp\/v2\/comments?post=16937"}],"version-history":[{"count":0,"href":"https:\/\/www.infokuryr.cz\/n\/wp-json\/wp\/v2\/posts\/16937\/revisions"}],"wp:featuredmedia":[{"embeddable":true,"href":"https:\/\/www.infokuryr.cz\/n\/wp-json\/wp\/v2\/media\/16938"}],"wp:attachment":[{"href":"https:\/\/www.infokuryr.cz\/n\/wp-json\/wp\/v2\/media?parent=16937"}],"wp:term":[{"taxonomy":"category","embeddable":true,"href":"https:\/\/www.infokuryr.cz\/n\/wp-json\/wp\/v2\/categories?post=16937"},{"taxonomy":"post_tag","embeddable":true,"href":"https:\/\/www.infokuryr.cz\/n\/wp-json\/wp\/v2\/tags?post=16937"}],"curies":[{"name":"wp","href":"https:\/\/api.w.org\/{rel}","templated":true}]}}