{"id":16931,"date":"2022-10-18T01:02:20","date_gmt":"2022-10-17T23:02:20","guid":{"rendered":"http:\/\/www.infokuryr.cz\/n\/?p=16931"},"modified":"2022-10-17T18:13:29","modified_gmt":"2022-10-17T16:13:29","slug":"nedelnik-adama-b-bartose-106-co-musi-udelat-pronarodni-vlada-jako-prvni","status":"publish","type":"post","link":"https:\/\/www.infokuryr.cz\/n\/2022\/10\/18\/nedelnik-adama-b-bartose-106-co-musi-udelat-pronarodni-vlada-jako-prvni\/","title":{"rendered":"NED\u011aLN\u00cdK ADAMA B. BARTO\u0160E (106) CO MUS\u00cd UD\u011aLAT PRON\u00c1RODN\u00cd VL\u00c1DA JAKO PRVN\u00cd?"},"content":{"rendered":"<div id=\"fb-root\"><\/div>\n<p>P\u0159eji v\u00e1m \u00fasp\u011b\u0161n\u00fd start nov\u00e9ho t\u00fddne. Pokus\u00edm se nav\u00e1zat, kde jsem minule skon\u010dil. Tehdy jsem psal o tom, \u017ee n\u00e1m hroz\u00ed v\u00e1lka a \u017ee je\u0161t\u011b v\u00edce ne\u017e plyn a elekt\u0159inu pot\u0159ebujeme m\u00edr. Kdy\u017e bude m\u00edr, vy\u0159e\u0161\u00edme jak plyn, tak elekt\u0159inu. Ale kdy\u017e budeme zata\u017eeni do v\u00e1lky, dopadneme jako Ukrajinci.<span id=\"more-13256\"><\/span><\/p>\n<p>Ve skute\u010dnosti je to ale je\u0161t\u011b hor\u0161\u00ed. Ve skute\u010dnosti u\u017e ve v\u00e1lce jsme. A to ne proto, \u017ee o tom u\u017e od jara mluv\u00ed P\u00e9\u0165a H\u0148up, ale prost\u011b proto, \u017ee jsme v NATO.<\/p>\n<p>P\u0159edpokl\u00e1d\u00e1m, \u017ee my na alternativ\u011b jsme si u\u017e v\u0161imli, \u017ee v konfliktu na Ukrajin\u011b do\u0161lo k jist\u00e9mu posunu. \u017de je to z\u00e1stupn\u00e1 (tedy proxy) v\u00e1lka USA s Ruskem, bylo jasn\u00e9 od za\u010d\u00e1tku. Jen\u017ee kdy\u017e v konfliktu bojovali jen Ukrajinci, nebylo to tak do o\u010d\u00ed bij\u00edc\u00ed. Byli sice vyzbrojeni a vycvi\u010deni od NATO z minul\u00fdch let a zem\u011b NATO tak\u00e9 na taj\u0148a\u010dku dov\u00e1\u017eely dal\u0161\u00ed a dal\u0161\u00ed zbran\u011b i po 24. \u00fanoru, ale po\u0159\u00e1d to je\u0161t\u011b byla ukrajinsk\u00e1 arm\u00e1da, kter\u00e1 bojovala \u2013 a prohr\u00e1vala. A nad konfliktem se dalo m\u00e1vnout rukou, \u017ee jde o spor dvou zem\u00ed, do kter\u00e9ho n\u00e1m nic nen\u00ed.<\/p>\n<p>Rusko \u2013 i p\u0159es d\u016frazn\u00e9 ohrazov\u00e1n\u00ed se, \u017ee prok\u00e1\u017ee-li se p\u0159\u00edtomnost voj\u00e1k\u016f NATO na ukrajinsk\u00e9m \u00fazem\u00ed, nebude v\u00e1hat s jednozna\u010dnou odpov\u011bd\u00ed \u2013 nic z\u00e1sadn\u00edho nepodniklo. A tak NATO pokra\u010dovalo ve vyzbrojov\u00e1n\u00ed a po p\u00e1r m\u011bs\u00edc\u00edch vid\u00edme, \u017ee se z\u00e1padn\u00ed zem\u011b ani netaj\u00ed t\u00edm, \u017ee na Ukrajin\u011b operuj\u00ed jejich voj\u00e1ci a velitel\u00e9. Dokonce se dov\u00e1\u017eej\u00ed zbra\u0148ov\u00e9 syst\u00e9my, kter\u00e9 d\u0159\u00edve USA (NATO) nem\u011blo odvahu Ukrajin\u011b dod\u00e1vat. Konflikt p\u0159erostl v otev\u0159enou v\u00e1lku mezi Ruskem a NATO (USA), kdy doch\u00e1z\u00ed i k teroristick\u00fdm \u00fatok\u016fm nejen na Ruskem p\u0159ipojen\u00fdch \u00fazem\u00edch, ale i v samotn\u00e9m Rusku (nap\u0159\u00edklad atent\u00e1t na Dugina). Posledn\u00ed t\u00fddny za\u010d\u00edn\u00e1 i Rusko p\u0159itvrzovat a cel\u00e1 situace m\u016f\u017ee kdykoli eskalovat.<\/p>\n<p>V\u00e1lka tak velice rychle m\u016f\u017ee p\u0159ej\u00edt do n\u011bjak\u00e9 nov\u00e9 f\u00e1ze a zdaleka to nemus\u00ed znamenat jen to, \u017ee rusk\u00e1 raketa dopadne na autosalon \u0160koda v Z\u00e1poro\u017e\u00ed. Bude-li NATO pokra\u010dovat v boji proti Rusku, je na\u0161e zem\u011b v permanentn\u00edm ohro\u017een\u00ed. T\u00edm sp\u00ed\u0161e, \u017ee jsme na seznamu Rusku nep\u0159\u00e1telsk\u00fdch zem\u00ed nebo \u017ee podporujeme terorismus (ministryn\u011b obrany j\u00e1s\u00e1 nad teroristick\u00fdmi \u00fatoky, v \u010cR cvi\u010d\u00edme teroristy, kte\u0159\u00ed pak v Rusku operuj\u00ed apod.) T\u00edm sp\u00ed\u0161e, \u017ee ministryn\u011b obrany se chov\u00e1 jako naprost\u00e1 blbka a ukazuje prezidentovi jadern\u00e9 velmoci prost\u0159edn\u00edk. T\u00edm sp\u00ed\u0161e, \u017ee se chyst\u00e1me za 80 miliard nakoupit americk\u00e9 st\u00edha\u010dky, kter\u00e9 v\u00edce ne\u017e st\u00edha\u010dky jsou sp\u00ed\u0161e bombard\u00e9ry schopn\u00e9 n\u00e9st americk\u00e9 jadern\u00e9 hlavice (o finan\u010dn\u00ed str\u00e1nce v\u011bci, kdy jsme mohli m\u00edt zadarmo Gripeny, na kter\u00e9 u\u017e jsme zvykl\u00ed, ani nemluv\u011b). Posledn\u00ed zmi\u0148ovan\u00fd p\u0159\u00edklad (s F-35) ukazuje pravou podstatu NATO \u2013 nebudou to nejsp\u00ed\u0161e Ameri\u010dan\u00e9, co by na Rusko za\u00fato\u010dili jadern\u00fdmi zbran\u011bmi, ale pou\u017eij\u00ed k tomu sv\u00e9 \u201evazalsk\u00e9\u201c st\u00e1ty, n\u011bjakou \u010dlenskou zemi NATO s naivn\u00ed a vlezdoprdelkovskou vl\u00e1dou, kter\u00e1 vezme sv\u011b\u0159en\u00e9 americk\u00e9 jadern\u00e9 zbran\u011b, p\u0159ipevn\u00ed je na od Ameri\u010dan\u016f nakoupen\u00e9 americk\u00e9 st\u00edha\u010dky a bude plnit roli poslu\u0161n\u00e9ho idiota. Pan\u00ed Afroameri\u010danov\u00e1 by do toho ur\u010dit\u011b s chut\u00ed \u0161la. Jen\u017ee tak daleko to zaj\u00edt ani nemus\u00ed, abychom byli pro Rusko potenci\u00e1ln\u00edm regul\u00e9rn\u00edm c\u00edlem \u2013 jsme j\u00edm u\u017e nyn\u00ed. U\u017e jen to, \u017ee tu americk\u00e9 stroje schopn\u00e9 n\u00e9st taktick\u00e9 jadern\u00e9 pumy m\u00edt budeme, m\u011bn\u00ed na\u0161i situaci. Ale k hor\u0161\u00edmu \u2013 nebudeme s nimi bezpe\u010dn\u011bj\u0161\u00ed, ale p\u0159esn\u011b naopak\u2026<\/p>\n<p>B\u00fdt v NATO zkr\u00e1tka nen\u00ed v \u010desk\u00e9m n\u00e1rodn\u00edm z\u00e1jmu, proto\u017ee je to v tuto chv\u00edli a v t\u00e9to situaci (kdy NATO usiluje o v\u00e1lku s Ruskem) naopak enormn\u00ed riziko, kter\u00e9 ale nen\u00ed ni\u010d\u00edm vyv\u00e1\u017een\u00e9, ni\u010d\u00edm kompenzovan\u00e9. Pom\u016f\u017eeme NATO (Spojen\u00fdm st\u00e1t\u016fm) \u00fato\u010dit na Rusko \u2013 ale co z toho? Za jakou cenu? Za cenu toho, \u017ee to pak odsk\u00e1\u010deme? Znovu opakuji, \u017ee NATO nijak negarantuje na\u0161i ochranu a bezpe\u010dnost (\u010dl\u00e1nek 5 je natolik v\u00e1gn\u00ed, \u017ee v\u011b\u0159it tomu m\u016f\u017ee snad jen n\u011bjak\u00e1 hloup\u00e1 ministryn\u011b), tak\u017ee my neseme v\u0161echna rizika a n\u00e1klady a v p\u0159\u00edpad\u011b rusk\u00e9 odvety n\u00e1m nikdo na pomoc nep\u0159ijde. O tom, \u017ee n\u00e1s Z\u00e1pad v\u017edy nechal na holi\u010dk\u00e1ch, jsem tady u\u017e psal tak\u00e9 n\u011bkolikr\u00e1t.<\/p>\n<p>P\u0159\u00edpadn\u00e1 vl\u00e1da n\u00e1rodn\u00ed z\u00e1chrany by tak jako prvn\u00ed v\u011bc m\u011bla ud\u011blat to, \u017ee \u010ceskou republiku z NATO vyvede. A\u010dkoli se to zd\u00e1 jako z \u0159\u00ed\u0161e sci-fi, je to ve skute\u010dnosti jednodu\u0161\u0161\u00ed, ne\u017e bychom si mysleli. Je to dokonce jednodu\u0161\u0161\u00ed, ne\u017e vystoupit z EU \u2013 tam se jedn\u00e1n\u00ed vle\u010dou roky (vid\u011bli jsme na p\u0159\u00edkladu Velk\u00e9 Brit\u00e1nie), kde\u017eto vystoupit z NATO se d\u00e1 pouh\u00fdm ozn\u00e1men\u00edm (pakli\u017ee uplynulo dvacet let od vstupu zem\u011b do Aliance, co\u017e v na\u0161em p\u0159\u00edpad\u011b uplynulo). A proto\u017ee o vstupu do NATO rozhodla vl\u00e1da a nikoho se neptala (nebylo k t\u00e9to ot\u00e1zce uspo\u0159\u00e1d\u00e1no referendum), dalo by se i vystoupen\u00ed z NATO u\u010dinit takto jednodu\u0161e. Vl\u00e1dn\u00edm rozhodnut\u00edm. Alespo\u0148 j\u00e1 bych to tak \u2013 b\u00fdt v pozici premi\u00e9ra \u2013 ud\u011blal. Nebyli-li bychom v NATO, nebyli bychom jedin\u00ed, v Evrop\u011b je takovou neutr\u00e1ln\u00ed zem\u00ed nap\u0159\u00edklad n\u00e1m d\u016fv\u011brn\u011b zn\u00e1m\u00e9 Rakousko (samoz\u0159ejm\u011b \u0160v\u00fdcarsko, pak Malta a Irsko). Neutralita by n\u00e1m slu\u0161ela (t\u00edm sp\u00ed\u0161e, \u017ee jsme zem\u011b, kter\u00e1 nepat\u0159\u00ed ani na V\u00fdchod, ani na Z\u00e1pad, ale je p\u0159esn\u011b ve st\u0159edu Evropy) a hlavn\u011b \u2013 byli bychom z nejhor\u0161\u00edho venku. Vystoupen\u00edm z NATO bychom deklarovali, \u017ee nechceme b\u00fdt v tomto \u00fato\u010dn\u00e9m paktu (NATO tvrd\u00ed, \u017ee je obrannou alianc\u00ed, ale opak je pravdou) a \u017ee nem\u00e1me z\u00e1jem bojovat proti Rusku. T\u00edm by ani Rusko nem\u011blo pot\u0159ebu c\u00edlit na n\u00e1s sv\u00e9 rakety. Bezprost\u0159edn\u00ed ohro\u017een\u00ed na\u0161\u00ed zem\u011b, kter\u00e9mu jsme nyn\u00ed vystaveni, by tak zmizelo.<\/p>\n<p>Dlouhodob\u011b opakuji, \u017ee kdy\u017e se chce, jde v\u0161echno. Kdy\u017e je politick\u00e1 v\u016fle, d\u00e1 se ud\u011blat v podstat\u011b cokoli. Nic nen\u00ed nemo\u017en\u00e9. Chce to jen m\u00edt vl\u00e1du, kter\u00e1 nebude ze Z\u00e1padu p\u0159iposran\u00e1 a nebude mu bezmezn\u011b slou\u017eit. Ve sv\u00e9 podstat\u011b je tak v\u0161echno jen o tom, jak takovou vl\u00e1du zajistit. To je na tom to nejt\u011b\u017e\u0161\u00ed, proto\u017ee ve\u0161ker\u00e9 mechanismy, kter\u00e9 u n\u00e1s byly po roce \u00b489 nastaveny, jsou uzp\u016fsobeny pr\u00e1v\u011b k tomu, aby vzniku takov\u00e9 pron\u00e1rodn\u00ed vl\u00e1dy br\u00e1nily. K tomu slou\u017e\u00ed m\u00e9dia, soudy, neziskovky, volebn\u00ed pr\u016fzkumy, tajn\u00e9 slu\u017eby a tis\u00edc a jedna v\u011bc, na kterou si vzpomenete, kter\u00e9 ve sv\u00e9m sou\u010dtu znamenaj\u00ed, \u017ee m\u00e1me klapky na o\u010d\u00edch a ve volb\u00e1ch si v\u017edy zvol\u00edme zaprodan\u00e9 politiky a ani n\u00e1m to nep\u0159ijde divn\u00e9. Prolomit moc v\u0161ech t\u011bchto demo-liber\u00e1ln\u00edch n\u00e1stroj\u016f propagandy, v\u00fdchovy a volebn\u00edch podvod\u016f je p\u0159esn\u011b to, co se n\u00e1m dlouhodob\u011b neda\u0159\u00ed a co je skoro nemo\u017en\u00e9.<\/p>\n<p>N\u011bkdo by te\u010f mohl nam\u00edtnout, \u017ee si proti\u0159e\u010d\u00edm, proto\u017ee jsem p\u0159ed \u010dasem n\u011bkolikr\u00e1t psal o tom, \u017ee jsme jen kolonie Z\u00e1padu, kter\u00e9 nen\u00ed dovoleno se ze sv\u00e9ho \u00fad\u011blu vymanit apod. Tak\u017ee i kdyby se n\u00e1m poda\u0159ilo vym\u011bnit vl\u00e1du a rozhodnout o jin\u00e9m sm\u011b\u0159ov\u00e1n\u00ed na\u0161\u00ed zem\u011b, nejsp\u00ed\u0161e by Ameri\u010dan\u00e9 op\u011bt zmobilizovali na\u0161e st\u00e1tn\u00ed z\u00e1stupce a na\u0161e tajn\u00e9 slu\u017eby, aby zinscenovaly p\u00e1d takov\u00e9 vl\u00e1dy a n\u00e1vrat ke \u201estar\u00fdm po\u0159\u00e1dk\u016fm\u201c. To nepop\u00edr\u00e1m \u2013 nikdo ne\u0159\u00edk\u00e1, \u017ee by Z\u00e1pad jen p\u0159ihl\u00ed\u017eel tomu, jak se jeho slouha sna\u017e\u00ed osamostatnit. Takov\u00fd premi\u00e9r by byl pod velk\u00fdm tlakem a netvrd\u00edm, \u017ee by to m\u011bl jednoduch\u00e9. \u0158\u00edk\u00e1m ale, \u017ee ve chv\u00edli, kdy bychom se rozhodli k takov\u00e9 zm\u011bn\u011b, nebyla by neprovediteln\u00e1. Ve skute\u010dnosti bychom zjistili, \u017ee n\u011bkter\u00e9 procesy, o kter\u00fdch jsme si mysleli, \u017ee jsou nemo\u017en\u00e9, maj\u00ed kupodivu jasn\u00e1 \u0159e\u0161en\u00ed.<\/p>\n<p>Jedin\u00e9, co n\u00e1s jako n\u00e1rod vlastn\u011b dr\u017e\u00ed v tomto otrock\u00e9m postaven\u00ed, je na\u0161e nev\u011bdomost a neochota s t\u00edm n\u011bco d\u011blat. A pak samoz\u0159ejm\u011b rigidnost syst\u00e9mu, kter\u00fd je tak nastaven, \u017ee se do n\u011bj nem\u016f\u017ee dostat nikdo, kdo by ho cht\u011bl zm\u011bnit. \u010cili podvod zvan\u00fd volby a v\u0161e to, co jim p\u0159edch\u00e1z\u00ed a co je jejich d\u016fsledkem. Z\u00e1pad n\u00e1s nedr\u017e\u00ed pod z\u00e1mkem, na\u0161i premi\u00e9\u0159i nepodepisuj\u00ed \u017e\u00e1dn\u00fd tajn\u00fd kancl\u00e9\u0159sk\u00fd v\u00e1zac\u00ed akt (jako v N\u011bmecku). To, \u017ee poslu\u0161n\u011b pln\u00edme v\u016fli Z\u00e1padu, je dan\u00e9 pouze t\u00edm, \u017ee syst\u00e9m u n\u00e1s dob\u0159e jede, je dob\u0159e promazan\u00fd, zab\u011bhnut\u00fd a s\u00e1m sebe neust\u00e1le vylep\u0161uje. Nechceme z tohoto dom\u00e1c\u00edho v\u011bzen\u00ed odej\u00edt, proto\u017ee n\u00e1s bacha\u0159i p\u0159esv\u011bd\u010dili, \u017ee je n\u00e1m v n\u011bm vlastn\u011b dob\u0159e a \u017ee alternativa neexistuje. Nic v\u00edc nen\u00ed t\u0159eba. Je to jako rozd\u00edl mezi cenzurou a autocenzurou. Jsme to my sami, kdo v\u0161e \u010din\u00ed dobrovoln\u011b a p\u0159eochotn\u011b, tak\u017ee na\u0161e poslu\u0161nost nemus\u00ed b\u00fdt vynucov\u00e1na \u017e\u00e1dn\u00fdm n\u00e1sil\u00edm. A sta\u010d\u00ed to. A funguje to.<\/p>\n<p>P\u0159ed \u010dasem jsem si posteskl, \u017ee volby jsou k ni\u010demu a demonstrace tak\u00e9 k ni\u010demu nevedou, t\u00edm sp\u00ed\u0161e, kdy\u017e je vede Pat a Mat, kter\u00fd na nich jen vyb\u00edraj\u00ed pen\u00edze na sv\u00e9 \u00fa\u010dty a o n\u011b se pak h\u00e1daj\u00ed. Ale nezapome\u0148me, \u017ee syst\u00e9m se m\u016f\u017ee ne\u010dekan\u011b zhroutit (i bez na\u0161eho p\u0159i\u010din\u011bn\u00ed) jako domek z karet ve chv\u00edli, kdy dojde k nepokoj\u016fm, soci\u00e1ln\u00edm bou\u0159\u00edm, kdy bude nedostatek energi\u00ed \u010di potravin, kdy bude extr\u00e9mn\u011b velk\u00e1 nezam\u011bstnanost apod. Ostatn\u011b, p\u0159ed n\u011b\u010d\u00edm takov\u00fdm varoval i ministr spravedlnosti Bla\u017eek, vzpom\u00edn\u00e1te? P\u0159ipad\u00e1 n\u00e1m, \u017ee z tohoto marasmu nen\u00ed cesty ven, ale bude-li vl\u00e1da i nad\u00e1le vl\u00e1dnout tak \u0161patn\u011b, zpupn\u011b a proti lidu, jak to \u010din\u00ed, pak se m\u016f\u017ee poda\u0159it to, co se nepoda\u0159ilo po dlouh\u00fdch 33 let. Cel\u00fd ten dob\u0159e promazan\u00fd stroj zvan\u00fd syst\u00e9m se m\u016f\u017ee zad\u0159\u00edt a pak se p\u0159ed n\u00e1mi r\u00fdsuj\u00ed netu\u0161en\u00e9 obzory. I proto jsme psal o t\u00e9 pot\u0159eb\u011b vystoupit z NATO, proto\u017ee v takov\u00e9 chv\u00edli, kdy by se syst\u00e9m zad\u0159el, re\u017eim padl a p\u0159i\u0161la nov\u00e1 pron\u00e1rodn\u00ed vl\u00e1da, mus\u00ed z\u00e1rove\u0148 nastolit i nov\u00fd re\u017eim. A v nov\u00e9m re\u017eimu u\u017e nesm\u00edme b\u00fdt \u010dleny NATO\u2026<\/p>\n<p>V\u0161e dobr\u00e9 p\u0159eje<\/p>\n<p><em>Adam B. Barto\u0161<\/em><br \/>\n<em>p\u0159edseda N\u00e1rodn\u00ed demokracie<\/em><\/p>\n<p><img decoding=\"async\" loading=\"lazy\" class=\"alignnone size-full wp-image-678\" src=\"http:\/\/www.infokuryr.cz\/n\/wp-content\/uploads\/2021\/04\/narodni_demokracie_logo.jpg\" alt=\"\" width=\"300\" height=\"85\" \/><\/p>\n<p>&nbsp;<\/p>\n","protected":false},"excerpt":{"rendered":"<p>P\u0159eji v\u00e1m \u00fasp\u011b\u0161n\u00fd start nov\u00e9ho t\u00fddne. Pokus\u00edm se nav\u00e1zat, kde jsem minule skon\u010dil. Tehdy jsem&#8230;<\/p>\n","protected":false},"author":2,"featured_media":16932,"comment_status":"closed","ping_status":"closed","sticky":false,"template":"","format":"standard","meta":[],"categories":[6],"tags":[367,29,85],"_links":{"self":[{"href":"https:\/\/www.infokuryr.cz\/n\/wp-json\/wp\/v2\/posts\/16931"}],"collection":[{"href":"https:\/\/www.infokuryr.cz\/n\/wp-json\/wp\/v2\/posts"}],"about":[{"href":"https:\/\/www.infokuryr.cz\/n\/wp-json\/wp\/v2\/types\/post"}],"author":[{"embeddable":true,"href":"https:\/\/www.infokuryr.cz\/n\/wp-json\/wp\/v2\/users\/2"}],"replies":[{"embeddable":true,"href":"https:\/\/www.infokuryr.cz\/n\/wp-json\/wp\/v2\/comments?post=16931"}],"version-history":[{"count":0,"href":"https:\/\/www.infokuryr.cz\/n\/wp-json\/wp\/v2\/posts\/16931\/revisions"}],"wp:featuredmedia":[{"embeddable":true,"href":"https:\/\/www.infokuryr.cz\/n\/wp-json\/wp\/v2\/media\/16932"}],"wp:attachment":[{"href":"https:\/\/www.infokuryr.cz\/n\/wp-json\/wp\/v2\/media?parent=16931"}],"wp:term":[{"taxonomy":"category","embeddable":true,"href":"https:\/\/www.infokuryr.cz\/n\/wp-json\/wp\/v2\/categories?post=16931"},{"taxonomy":"post_tag","embeddable":true,"href":"https:\/\/www.infokuryr.cz\/n\/wp-json\/wp\/v2\/tags?post=16931"}],"curies":[{"name":"wp","href":"https:\/\/api.w.org\/{rel}","templated":true}]}}