{"id":16919,"date":"2022-10-18T00:59:35","date_gmt":"2022-10-17T22:59:35","guid":{"rendered":"http:\/\/www.infokuryr.cz\/n\/?p=16919"},"modified":"2022-10-17T14:17:20","modified_gmt":"2022-10-17T12:17:20","slug":"cizinci-ve-vlastni-zemi-fiala-jiz-instaloval-milion-invaznich-ua-nadlidi","status":"publish","type":"post","link":"https:\/\/www.infokuryr.cz\/n\/2022\/10\/18\/cizinci-ve-vlastni-zemi-fiala-jiz-instaloval-milion-invaznich-ua-nadlidi\/","title":{"rendered":"Cizinci ve vlastn\u00ed zemi: Fiala ji\u017e instaloval mili\u00f3n invazn\u00edch UA Nadlid\u00ed"},"content":{"rendered":"<div id=\"fb-root\"><\/div>\n<div id=\"ArticleTop\">\n<h2>Asi jako Merkelov\u00e1 do cel\u00e9ho N\u011bmecka v roce 15. \u017div\u00edme mu je, plat\u00edme, o\u0161et\u0159ujeme. U\u017e i demonstruj\u00ed. Brzy budou tak\u00e9 volit. Me\u010d, nebo okovy?<\/h2>\n<p class=\"clkPerex\"><strong><a class=\"clkAutor\" href=\"https:\/\/protiproud.info\/autor\/petr-hajek.htm\">PETR H\u00c1JEK<\/a> upozor\u0148uje, \u017ee v z\u00e1plav\u011b v\u0161ech ostatn\u00edch ran, kter\u00e9 Fialov\u00e1 vl\u00e1da s Bruselem v z\u00e1dech ordinuje ke zni\u010den\u00ed st\u00e1tu a n\u00e1roda, n\u00e1m mezi prsty prot\u00e9k\u00e1 ta mo\u017en\u00e1 nejpodstatn\u011bj\u0161\u00ed<\/strong><\/p>\n<\/div>\n<div id=\"Article\">\n<p>Migrantsk\u00e1 invaze do na\u0161\u00ed zem\u011b dost\u00e1v\u00e1 zcela zni\u010duj\u00edc\u00ed rozm\u011bry. Je\u0161t\u011b p\u0159ed rokem dv\u011bma by se to naprost\u00e9 v\u011bt\u0161in\u011b lid\u00ed nezd\u00e1lo mo\u017en\u00e9. A kdy\u017e jsme o tom psali \u2013 a z\u00a0logiky v\u011bci p\u0159edv\u00eddali, \u017ee se to brzy stane na\u0161\u00ed realitou je\u0161t\u011b d\u011bsiv\u011bji ne\u017e v\u00a0z\u00e1padn\u00edch \u010d\u00e1stech EU \u2013 byli jsme zdej\u0161\u00edmi kolaboranty ozna\u010dov\u00e1ni za dezinform\u00e1tory a konspir\u00e1tory. Ono je to nakonec jedno kv\u016fli \u010demu n\u00e1m d\u00e1vaj\u00ed r\u016fzn\u00e9 n\u00e1lepky (kter\u00e9 ve skute\u010dnosti pat\u0159\u00ed jim). Ale ukrajinsk\u00e1 (plus asijsk\u00e1 a st\u0159edov\u00fdchodn\u00ed) invaze je v\u011bc mnohem z\u00e1va\u017en\u011bj\u0161\u00ed, ne\u017e si p\u0159ipou\u0161t\u00ed i velk\u00e1 \u010d\u00e1st t\u011bch, kte\u0159\u00ed si \u0159\u00edkaj\u00ed \u201enepodvolen\u00ed\u201c.<\/p>\n<p>V\u00a0z\u00e1plav\u011b drtiv\u00fdch \u00fader\u016f, jimi\u017e n\u00e1s denn\u011b bombarduje bruselsko-washingtonsk\u00e1 letka z\u00a0kokpitu v\u00a0obsazen\u00ed Fiala, Raku\u0161an, Pekarov\u00e1, Jure\u010dka a Barto\u0161, to mnoh\u00fdm st\u00e1le p\u0159ipad\u00e1 jako t\u00e9ma druh\u00e9ho \u0159\u00e1du. Jen\u017ee \u017e\u00e1dn\u00e1 takov\u00e1 t\u00e9mata ji\u017e nejsou. V\u0161echna jsou fakticky soupodstatn\u00e1, v\u0161echna sm\u011b\u0159uj\u00ed stejn\u00fdm sm\u011brem: K\u00a0likvidaci na\u0161eho tis\u00edcilet\u00e9ho st\u00e1tu op\u011bt zbaven\u00e9ho nakr\u00e1tko nabyt\u00e9ho p\u0159eludu svobody a suverenity \u2013 a k\u00a0likvidaci n\u00e1roda a jeho identity.<\/p>\n<p>V\u010dera op\u011bt \u2013 ji\u017e pon\u011bkolik\u00e1t\u00e9 \u2013 obsadili prostor kolem sochy sv. V\u00e1clava v\u00a0Praze cizinci. Na m\u00edstech, kde se p\u00e1r dn\u00ed p\u0159edt\u00edm shrom\u00e1\u017edily stotis\u00edcov\u00e9 (slovy vl\u00e1dy \u201evy\u0161\u0161\u00ed des\u00edtky tis\u00edc\u201c) demonstrace nepodvolen\u00fdch, se se\u0161ly vy\u0161\u0161\u00ed des\u00edtky (slovy vl\u00e1dy \u201en\u011bkolik stovek\u201c) Ukrajinc\u016f. Dali si tentokr\u00e1t pozor, aby nem\u00e1vali nacistick\u00fdmi symboly Hitlerovy T\u0159et\u00ed \u0159\u00ed\u0161e (jak to provozuj\u00ed beztrestn\u011b ji\u017e po mnoho let doma, p\u0159edev\u0161\u00edm v\u00a0z\u00e1padn\u00ed \u010d\u00e1sti sv\u00e9ho problematick\u00e9ho st\u00e1tu). Zato m\u011bli transparenty v\u00a0angli\u010dtin\u011b, proto\u017ee to p\u0159edstaven\u00ed sm\u011b\u0159ovalo v\u00fdhradn\u011b k\u00a0zahrani\u010dn\u00edm televizn\u00edm kamer\u00e1m, nebo s\u00edt\u00edm, jimi\u017e to \u010cT p\u0159ed\u00e1 z\u00e1padn\u00edmu publiku.<\/p>\n<h2>Jako by nebyli<\/h2>\n<p>Je\u0161t\u011b p\u0159ed rokem dv\u011bma by se to naprost\u00e9 v\u011bt\u0161in\u011b lid\u00ed nezd\u00e1lo mo\u017en\u00e9. Zvl\u00e1\u0161t\u011b v roce 2015, kdy vrcholil prvn\u00ed n\u00e1raz migra\u010dn\u00ed invaze (jen do N\u011bmecka si p\u0159i\u0161lo o b\u00e1je\u010dn\u00fd \u017eivot z\u00a0dan\u00ed a dluh\u016f dom\u00e1c\u00edch r\u00e1zn\u011b \u0159\u00edci asi jeden a \u010dtvrt mili\u00f3nu \u201eb\u011b\u017eenc\u016f\u201c) jsme se tomu je\u0161t\u011b jak\u017etak\u017e vyhnuli (na\u0161e \u201esoci\u00e1ln\u00ed d\u00e1vky\u201c byly s\u00a0n\u011bmeck\u00fdmi nesrovnateln\u00e9). Tehdy re\u017eimn\u00ed m\u00e9dia zafixovala dezinforma\u010dn\u00ed tezi: Boj\u00edme se migrant\u016f, ale oni tu \u017e\u00e1dn\u00ed nejsou!<\/p>\n<p>Byla to le\u017e, jako t\u00e9m\u011b\u0159 v\u0161echno, co medi\u00e1ln\u00ed korpor\u00e1t vytvo\u0159\u00ed. Ale desetimiliardov\u00e9 (tzv. ve\u0159ejnopr\u00e1vn\u00ed) televizi a rozhlasu \u2013 v\u00a0propojen\u00ed na medi\u00e1ln\u00ed st\u00e1je oligarch\u016f (Bakala, Luka\u010dovi\u010d, K\u0159et\u00ednsk\u00fd) \u2013 se ji da\u0159ilo dr\u017eet a\u017e do covidu. To byl ov\u0161em je\u0161t\u011b ona\u010dej\u0161\u00ed mystifika\u010dn\u00ed \u00fakol, a tak \u201euprchl\u00edci\u201c byli r\u00e1zem na dva roky zapomenuti. Jako by nebyli.<\/p>\n<p>Jen\u017ee oni byli. Nejen ti z\u00a0Afriky a Asie, kte\u0159\u00ed d\u00e1l m\u00ed\u0159ili po statis\u00edc\u00edch za p\u0159edpol\u00edm ve \u201estar\u00fdch\u201c zem\u00edch, vybudovan\u00e9m jejich p\u0159\u00edbuzn\u00fdmi (v \u00fazk\u00e9m i \u0161irok\u00e9m slova smyslu). Po deseti a statis\u00edc\u00edch m\u00ed\u0159ili rovn\u011b\u017e k\u00a0n\u00e1m. P\u0159edev\u0161\u00edm ti z\u00a0Ukrajiny. Takzvan\u011b je pot\u0159eboval n\u00e1\u0161 pr\u016fmysl, stavebnictv\u00ed i zem\u011bd\u011blstv\u00ed (to sp\u00ed\u0161e sez\u00f3nn\u011b a n\u00e1razov\u011b). Nikoho to p\u0159\u00edli\u0161 nevzru\u0161ovalo. Jako by to ani nebyli cizinci (\u201ev\u017edy\u0165 jsou n\u00e1m tak podobn\u00ed, nejsou (v\u011bt\u0161inou) \u010derno\u0161i \u2013 a mluv\u00ed rusky. No bratr Slovan\u2026): katastrof\u00e1ln\u00ed podvod a omyl!<\/p>\n<h2>P\u0159\u00edprava<\/h2>\n<p>Mimochodem: Pokud se je\u0161t\u011b n\u011bkdo div\u00ed, \u017ee na\u0161e platy v\u00a0t\u011bchto oborech se ne a ne p\u0159ibl\u00ed\u017eit t\u011bm \u201ena Z\u00e1pad\u011b\u201c (na rozd\u00edl od cen, kter\u00e9 jsou u n\u00e1s p\u0159edev\u0161\u00edm v\u00a0tom nejd\u016fle\u017eit\u011bj\u0161\u00edm segmentu, potravin\u00e1ch, ji\u017e d\u00e1vno vy\u0161\u0161\u00ed \u2013 za dotovan\u00e9 \u0161unty dov\u00e1\u017een\u00e9 ve stejn\u00fdch obalech na n\u00e1\u0161 trh a ni\u010d\u00edc\u00ed nedotovan\u00e9 dom\u00e1c\u00ed producenty) \u2013 pak jednou z\u00a0hlavn\u00edch p\u0159\u00ed\u010din jsou pr\u00e1v\u011b Ukrajinci. Kdyby v\u00edce ne\u017e \u010dtvrt mili\u00f3nu ukrajinsk\u00fdch \u201egastarbeitr\u016f\u201c nesr\u00e1\u017eelo mzdy, museli by zam\u011bstnavatel\u00e9 nab\u00edzet \u010desk\u00fdm z\u00e1jemc\u016fm mnohem v\u00edce.<\/p>\n<p>Je\u0161t\u011b si snad mnoz\u00ed vzpomenou, jak (docela ned\u00e1vno, co\u017e je v\u00a0dne\u0161n\u00edch p\u0159ekotn\u00fdch ud\u00e1lostech prastar\u00e1 minulost) Babi\u0161ova vl\u00e1da pro jejich je\u0161t\u011b v\u011bt\u0161\u00ed p\u0159\u00edliv vytv\u00e1\u0159ela speci\u00e1ln\u00ed legislativu. Neb \u201ezam\u011bstnavatel\u00e9 po nich volali\u201c (ostatn\u011b i velk\u00fd Andrej je v\u00fdznamn\u00fd zam\u011bstnavatel \u2013 toho \u010dasu ve \u201esv\u011b\u0159ensk\u00e9m fondu\u201c). Z\u00e1sadn\u011b to p\u0159isp\u011blo k\u00a0tomu podivn\u00e9mu z\u00e1zraku, \u017ee m\u00e1me jednu z\u00a0nejni\u017e\u0161\u00edch nezam\u011bstnanost\u00ed v\u00a0zem\u00edch bruselsk\u00e9ho imp\u00e9ria, a\u010dkoli (doned\u00e1vna je\u0161t\u011b rovn\u011b\u017e pom\u011brn\u011b n\u00edzk\u00fd) st\u00e1tn\u00ed dluh nab\u00edr\u00e1 vpravd\u011b bruselsk\u00e9 \u201etempo r\u016fstu\u201c.<\/p>\n<p>A pak \u2013 i \u201ed\u00edky\u201c machinac\u00edm s\u00a0volebn\u00edm z\u00e1konem \u2013 propadl mili\u00f3n hlas\u016f. Do Strakovky vtrhla bruselsk\u00e1 horda reprezentuj\u00edc\u00ed v\u00fdraznou (propagandou zmas\u00edrovanou m\u011bstskou) men\u0161inu ve\u0159ejnosti. A \u201eshodou okolnost\u00ed\u201c sou\u010dasn\u011b USA, Brit\u00e1nie a Polsko shodily Minsk\u00e9 dohody a donutily Moskvu, aby zabr\u00e1nila genocid\u011b sv\u00fdch ob\u010dan\u016f na v\u00fdchod\u011b Ukrajiny, zlikvidovala v\u011bt\u0161inu americk\u00fdch laborato\u0159\u00ed na v\u00fdrobu biologick\u00fdch zbran\u00ed a nedovolila kyjevsk\u00e9mu pu\u010distick\u00e9mu re\u017eimu (kter\u00fd tam USA v\u00a0roce 2014 instalovaly), aby za\u010dal vyr\u00e1b\u011bt atomov\u00e9 bomby k\u00a0\u00fatoku na Rusko.<\/p>\n<h2>Br\u00e1ny se otev\u00edraj\u00ed<\/h2>\n<p>Od t\u00e9 chv\u00edle se t\u00e9to obrann\u00e9 (dlouho vskutku speci\u00e1ln\u00ed) operaci \u0159\u00edk\u00e1 v\u00a0propagandistick\u00e9 z\u00e1padn\u00ed terminologii ukrajinsk\u00e1 v\u00e1lka, rusk\u00e1 anexe atd. Ve\u0159ejn\u00e9 srovn\u00e1n\u00ed s\u00a0p\u0159epaden\u00edm Srbska americk\u00fdmi letadly (ofici\u00e1ln\u011b NATO) se brzy bude trestn\u011b st\u00edhat. Tak abych to stihl: Byli to Alb\u00e1nci, kdo vyh\u00e1n\u011bli Srby z\u00a0jejich Kosova \u2013 aby pak uspo\u0159\u00e1dali referendum a ozn\u00e1mili, \u017ee posv\u00e1tn\u00e1 srbsk\u00e1 zem\u011b je jejich.<\/p>\n<p>Pr\u00e1v\u011b vy\u0161lo najevo, \u017ee prezident Bill Clinton drsn\u011b tla\u010dil na premi\u00e9ra Viktora Orb\u00e1na, aby Ma\u010farsko napadlo Srbsko \u2013 a teprve kdy\u017e to \u201edrze\u201c odm\u00edtl, vzl\u00e9tla (se souhlasem prezidenta Milo\u0161e Zemana) americk\u00e1 letadla zab\u00edjet tis\u00edce srbsk\u00fdch civilist\u016f a instalovat v\u00a0Kosovu alb\u00e1nsk\u00e9 zabij\u00e1ky. Kl\u00edn do pravoslavn\u00e9ho Srbska, hlavn\u00ed mocnosti z\u00e1padn\u00edho Balk\u00e1nu bl\u00edzk\u00e9ho Rusku, byl pevn\u011b zara\u017een.<\/p>\n<p>Ale kdy\u017e vra\u017ed\u011bn\u00ed ru\u0161t\u00ed Ukrajinci odm\u00edtnou nacistick\u00fd pu\u010distick\u00fd kyjevsk\u00fd re\u017eim, vyhl\u00e1s\u00ed (ve shod\u011b s\u00a0\u00fastavou) referendum v\u00a0historicky v\u017edy rusk\u00e9m Krymu a Donbasu (o Od\u011bse a spol. ani nemluv\u011b), a cht\u011bj\u00ed se p\u0159ipojit k\u00a0Rusku (podle v\u0161ech norem mezin\u00e1rodn\u00edho pr\u00e1va a fikci \u201ena sebeur\u010den\u00ed\u201c \u2013 ov\u0161em jen n\u011bkter\u00fdch), je to pro Washington d\u016fvod k\u00a0balancov\u00e1n\u00ed na hran\u011b jadern\u00e9 v\u00e1lky. A otev\u0159en\u00ed bran z\u00e1padn\u00edm Ukrajinc\u016fm (kde se nebojuje) k\u00a0migra\u010dn\u00ed invazi \u2013\u00a0krom\u011b jin\u00e9ho k\u00a0n\u00e1m.<\/p>\n<p>P\u0159i\u0161lo jich ofici\u00e1ln\u011b asi p\u016fl mili\u00f3nu (fakticky asi o sto tis\u00edc v\u00edce) a p\u0159ich\u00e1zej\u00ed dal\u0161\u00ed. V\u00a0ka\u017ed\u00e9m p\u0159\u00edpad\u011b \u2013 v\u00a0p\u0159epo\u010dtu \u201ena hlavu\u201c \u2013 jich m\u00e1me nejv\u00edce z\u00a0evropsk\u00fdch zem\u00ed. Ale ani to nen\u00ed to nejpodstatn\u011bj\u0161\u00ed. Jde o to, KDO invazn\u00ed jednotky tvo\u0159\u00ed. A pro\u010d.<\/p>\n<h2>Nadlid\u00e9 stanov\u00ed \u201enormu\u201c<\/h2>\n<p>Pomineme-li, \u017ee Ukrajina historicky nen\u00ed st\u00e1t (tak rozhodl a\u017e po bol\u0161evick\u00e9 revoluci Lenin \u2013 a jeho pozd\u011bj\u0161\u00ed n\u00e1stupce, zpola Ukrajinec Chru\u0161\u010dov, k\u00a0n\u00ed p\u0159ipojil v\u00a0roce 1954 tak\u00e9 rusk\u00fd Krym), jsme konfrontov\u00e1ni (a\u017e na v\u00fdjimky) s\u00a0dosti specifick\u00fdm migrantsk\u00fdm etnikem. Samo se nepokl\u00e1d\u00e1 za p\u016fvodem slovansk\u00e9, ale vztahuje se k\u00a0podobn\u00fdm \u201eseversk\u00fdm b\u00e1j\u00edm\u201c jako Hitlerovo N\u011bmecko \u2013 po jeho\u017e boku rovn\u011b\u017e udatn\u011b bojovalo (Bandera) a vra\u017edilo nejen Rusy, ale i Pol\u00e1ky, Ma\u010fary, Rumuny \u2013 a ostatn\u011b i m\u00edstn\u00ed \u010deskou men\u0161inu.<\/p>\n<p>Nacistick\u00e1 ideologie byla na Ukrajin\u011b po rozpadu SSSR piln\u011b \u201erestaurov\u00e1na\u201c, a zdaleka se dnes net\u00fdk\u00e1 jen pov\u011bstn\u00e9ho Pluku Azov a spol. Byla intenzivn\u011b v\u0161t\u011bpov\u00e1na po t\u0159icet let v\u0161em ji\u017e od d\u011btsk\u00e9ho v\u011bku (podobn\u011b jako u n\u00e1s genderismus a bruselismus) \u2013 a nyn\u00ed nese dra\u010d\u00ed vejce. To jsou ti, kte\u0159\u00ed k\u00a0n\u00e1m p\u0159ich\u00e1zej\u00ed \u2013 vyd\u00e1v\u00e1ni za dobromysln\u00e9 \u201emaminy s\u00a0d\u011btmi\u201c. Jen\u017ee ony maj\u00ed mu\u017ee, kte\u0159\u00ed brzy p\u0159ijdou \u201edoplnit rodiny\u201c \u2013 pr\u00e1v\u011b jako ti islamist\u00e9 na Z\u00e1pad\u011b.<\/p>\n<p>To jsou ti, kte\u0159\u00ed se vrhli na na\u0161e pen\u00edze, byty, soci\u00e1ln\u00ed d\u00e1vky a zdravotnictv\u00ed, v\u00a0jejich pop\u0159evratov\u00e9 poh\u00e1dkov\u00e9 zemi svobody a demokracie rozvr\u00e1cen\u00e9 a nefunk\u010dn\u00ed. V\u00a0pra\u017esk\u00e9 fakultn\u00ed nemocnici na Karlov\u011b n\u00e1m\u011bst\u00ed jsem u\u017easl, vida na ambulanci zvl\u00e1\u0161tn\u00ed dve\u0159e s\u00a0modro\u017elut\u00fdm plak\u00e1tem a n\u00e1pisem Pacienti UA. \u010ce\u0161i sed\u00ed a trp\u011bliv\u011b \u010dekaj\u00ed, nadlid\u00e9 UA vch\u00e1zej\u00ed rovnou.<\/p>\n<h2>Brzy \u010de\u0161t\u00ed voli\u010di?<\/h2>\n<p>A te\u010f ji\u017e vych\u00e1zej\u00ed do ulic a demonstruj\u00ed u svat\u00e9ho V\u00e1clava. Zat\u00edm \u2013 v\u00a0souladu s \u201evl\u00e1dn\u00edm na\u0159\u00edzen\u00edm\u201c proti Putinovi. V\u00a0souladu se sv\u00fdm loutkov\u00fdm komediantem-prezidentem po\u017eaduj\u00ed, aby Z\u00e1pad napadl Rusko jadern\u00fdmi zbran\u011bmi. Jejich luxusn\u00ed vozy parkuj\u00ed po Praze, kde se jim zachce. Z\u00e1kony ur\u010den\u00e9 \u010desk\u00fdm smrteln\u00edk\u016fm pro n\u011b neplat\u00ed. Jsou to p\u0159ece Nadlid\u00e9 importovan\u00ed ukrajinsk\u00fdm premi\u00e9rem Fialou (o ukrajinsk\u00e9m ko-prezidentovi Zemanovi po jeho \u201eobr\u00e1cen\u00ed Ferdi\u0161e Pi\u0161tory\u201c ani nemluv\u011b). Co je proti nim t\u011bch p\u00e1r tis\u00edc zadr\u017een\u00fdch Sy\u0159an\u016f, kter\u00e9 n\u00e1m n\u00e1hle slavnostn\u011b ukazuj\u00ed v\u00a0televizi (jako \u017ee n\u011bco proti migrant\u016fm \u010din\u00ed)?<\/p>\n<p>Je jich u n\u00e1s u\u017e bratru kolem mili\u00f3nu \u2013 tedy 10 % \u201elidu\u201c \u2013 a budou d\u00e1l ti\u0161e p\u0159ib\u00fdvat. Takov\u00fd po\u010det u jejich islamistick\u00fdch invazn\u00edch koleg\u016f ji\u017e zavd\u00e1v\u00e1 v\u00a0z\u00e1padn\u00edch zem\u00edch d\u016fvod vyrazit do \u00fatoku. Brzy se toho do\u010dk\u00e1me i my. Nemluv\u011b o tom, \u017ee \u2013 vedle nesl\u00fdchan\u00fdch miliard, kter\u00e9 jim z\u00a0na\u0161ich dan\u00ed p\u0159esunujeme do kapes Zelensk\u00e9ho a jeho mafie \u2013 jsme se tak\u00e9 b\u00e1je\u010dn\u011b \u201edezbrojili\u201c. Ale to je v\u00a0podstat\u011b jedno, proto\u017ee arm\u00e1du stejn\u011b nem\u00e1me \u2013 a n\u00e1\u0161 operetn\u00ed \u201eexpedi\u010dn\u00ed sbor\u201c Ameri\u010dan\u00e9 aktu\u00e1ln\u011b nepot\u0159ebuj\u00ed.<\/p>\n<p>Brzy z\u00a0nich Fialov\u00e9 a Raku\u0161anov\u00e9 ud\u011blaj\u00ed \u010desk\u00e9 ob\u010dany a daj\u00ed jim volebn\u00ed pr\u00e1vo (respektive povinnost). A zavedou dle americk\u00e9ho vzoru syst\u00e9mov\u00fd volebn\u00ed podvod v\u00a0podob\u011b \u201ekoresponden\u010dn\u00edho hlasov\u00e1n\u00ed\u201c bruselsko-washingtonsk\u00fdch agent\u016f ze zahrani\u010d\u00ed. Pak bude likvidace \u010desk\u00e9ho st\u00e1tu a n\u00e1roda v\u00a0z\u00e1sad\u011b dokon\u010dena. Jako cizinci ve sv\u00e9 zemi budeme mo\u017en\u00e1 mnoz\u00ed protestovat \u2013 ale z\u00a0v\u011bzen\u00ed ty hlasy p\u0159\u00edli\u0161 sly\u0161et nebudou. A na Prvn\u00edho m\u00e1je (nebo co n\u00e1m stanov\u00ed) budou ti, co zbydou, m\u00e1vat \u017elutomodr\u00fdmi hadry spolu s\u00a0modro\u017elut\u00fdmi bruselsk\u00fdmi. V\u00a0zim\u011b, v chudob\u011b a sh\u00e1n\u011bn\u00ed z\u00e1kladn\u00edch potravin pro sv\u00e9 str\u00e1daj\u00edc\u00ed rodiny nebude kdy, se t\u00edm zab\u00fdvat.<\/p>\n<h2>Boj beze zbran\u00ed?<\/h2>\n<p>Je\u0161t\u011b p\u0159ed rokem dv\u011bma by se to naprost\u00e9 v\u011bt\u0161in\u011b lid\u00ed nezd\u00e1lo mo\u017en\u00e9. Te\u010f je to realita. A Chvilka\u0159i ji\u017e svol\u00e1vaj\u00ed \u2013 kolik asi t\u011bch \u201evy\u0161\u0161\u00edch\u201c bude? \u2013 na demonstraci k\u00a0podpo\u0159e Fialov\u00e9 vl\u00e1dy a v\u00e1lky proti Rusku. Bude mezi nimi jist\u011b v\u00edc ne\u017e 10 % na\u0161ich nov\u00fdch spoluob\u010dan\u016f. Nejsou Slovan\u00e9 a zab\u00edjen\u00ed Rus\u016f maj\u00ed ji\u017e od Hitlera jako b\u00e1je\u010dn\u00fd kon\u00ed\u010dek.<\/p>\n<p>Samoz\u0159ejm\u011b: v\u0161e shora \u0159e\u010den\u00e9 je \u201edezinformace\u201c. Tak\u00e9 n\u00e1s za to brzy vypnou a zav\u0159ou. Ale nejen n\u00e1s.<\/p>\n<p>Neza\u010dneme-li se Hitlerovc\u016fm a jejich (v\u011bdom\u00fdm \u010di nev\u011bdom\u00fdm) kolaborant\u016fm aktivn\u011b br\u00e1nit. Tentokr\u00e1t u\u017e v\u0161emi prost\u0159edky. \u201eDejte n\u00e1m zbran\u011b, dali jsme si na n\u011b!\u201c tentokr\u00e1t nepochybn\u011b op\u011bt na vl\u00e1du nezabere \u2013 jako tenkr\u00e1t (s t\u00edm rozd\u00edlem, \u017ee tentokr\u00e1t u\u017e ani \u017e\u00e1dn\u00e9 zbran\u011b nem\u00e1me). Co s\u00a0t\u00edm?<\/p>\n<p>Asi jen znovu ocitovat ver\u0161e skv\u011bl\u00e9ho slovensk\u00e9ho b\u00e1sn\u00edka Janka Jesensk\u00e9ho (z t\u00e9 doby \u201ekdysi\u201c):<\/p>\n<p>\u201eV\u0161ak p\u0159ed poh\u0159bem \/ by\u0165 bez obrany \/ a by\u0165 n\u00e1m vzali domovy \/ Bijme ty hlavy p\u0159i pad\u00e1n\u00ed \/ Kdy\u017e me\u010dem ne \/ Tak okovy!\u201c<\/p>\n<\/div>\n<p><a href=\"https:\/\/protiproud.info\/politika\/6770-cizinci-ve-vlastni-zemi-fiala-jiz-instaloval-milion-invaznich-ua-nadlidi-asi-jako-merkelova-do-celeho-nemecka-v-roce-15-zivime-mu-je-platime-osetrujeme-uz-i-demonstruji-brzy-budou-take-volit-mec-nebo-okovy.htm\">PROTIPROUD<\/a><\/p>\n<p>&nbsp;<\/p>\n","protected":false},"excerpt":{"rendered":"<p>Asi jako Merkelov\u00e1 do cel\u00e9ho N\u011bmecka v roce 15. \u017div\u00edme mu je, plat\u00edme, o\u0161et\u0159ujeme. U\u017e&#8230;<\/p>\n","protected":false},"author":2,"featured_media":16920,"comment_status":"closed","ping_status":"closed","sticky":false,"template":"","format":"standard","meta":[],"categories":[6],"tags":[1042,506,119,29,1635],"_links":{"self":[{"href":"https:\/\/www.infokuryr.cz\/n\/wp-json\/wp\/v2\/posts\/16919"}],"collection":[{"href":"https:\/\/www.infokuryr.cz\/n\/wp-json\/wp\/v2\/posts"}],"about":[{"href":"https:\/\/www.infokuryr.cz\/n\/wp-json\/wp\/v2\/types\/post"}],"author":[{"embeddable":true,"href":"https:\/\/www.infokuryr.cz\/n\/wp-json\/wp\/v2\/users\/2"}],"replies":[{"embeddable":true,"href":"https:\/\/www.infokuryr.cz\/n\/wp-json\/wp\/v2\/comments?post=16919"}],"version-history":[{"count":1,"href":"https:\/\/www.infokuryr.cz\/n\/wp-json\/wp\/v2\/posts\/16919\/revisions"}],"predecessor-version":[{"id":16921,"href":"https:\/\/www.infokuryr.cz\/n\/wp-json\/wp\/v2\/posts\/16919\/revisions\/16921"}],"wp:featuredmedia":[{"embeddable":true,"href":"https:\/\/www.infokuryr.cz\/n\/wp-json\/wp\/v2\/media\/16920"}],"wp:attachment":[{"href":"https:\/\/www.infokuryr.cz\/n\/wp-json\/wp\/v2\/media?parent=16919"}],"wp:term":[{"taxonomy":"category","embeddable":true,"href":"https:\/\/www.infokuryr.cz\/n\/wp-json\/wp\/v2\/categories?post=16919"},{"taxonomy":"post_tag","embeddable":true,"href":"https:\/\/www.infokuryr.cz\/n\/wp-json\/wp\/v2\/tags?post=16919"}],"curies":[{"name":"wp","href":"https:\/\/api.w.org\/{rel}","templated":true}]}}