{"id":16917,"date":"2022-10-18T01:06:14","date_gmt":"2022-10-17T23:06:14","guid":{"rendered":"http:\/\/www.infokuryr.cz\/n\/?p=16917"},"modified":"2022-10-17T14:11:21","modified_gmt":"2022-10-17T12:11:21","slug":"jindrich-kulhavy-hysterie-na-slovensku","status":"publish","type":"post","link":"https:\/\/www.infokuryr.cz\/n\/2022\/10\/18\/jindrich-kulhavy-hysterie-na-slovensku\/","title":{"rendered":"Jind\u0159ich Kulhav\u00fd: Hysterie na Slovensku"},"content":{"rendered":"<div id=\"fb-root\"><\/div>\n<p><span class=\"anotation\">Posledn\u00edmi dny na Slovensku rezonuj\u00ed dozvuky dvojn\u00e1sobn\u00e9 vra\u017edy p\u0159ed proslul\u00fdm barem zvan\u00fdm Tepl\u00e1rna. U\u017e jeho n\u00e1zev nazna\u010duje cosi o jeho provozovateli i n\u00e1v\u0161t\u011bvn\u00edc\u00edch a vyznava\u010de klasick\u00e9 rodiny mezi nimi rozhodn\u011b nehledejte. Sp\u00ed\u0161e p\u0159\u00edslu\u0161n\u00edky kdysi \u010dty\u0159procentn\u00ed \u010d\u00e1sti obyvatelstva. Toto ozna\u010den\u00ed u\u017e realit\u011b neodpov\u00edd\u00e1, proto\u017ee i d\u00edky propagand\u011b a prosazov\u00e1n\u00ed tzv. z\u00e1padn\u00edch hodnot je procentu\u00e1ln\u00ed zastoupen\u00ed p\u0159\u00edslu\u0161n\u00edk\u016f LGBT mezi n\u00e1mi mnohem v\u00fdrazn\u011bj\u0161\u00ed.<\/span><\/p>\n<div id=\"pagetext\">\n<p>\u00a0 Samotn\u00e1 ud\u00e1lost byla dle mnoh\u00fdch n\u00e1znak\u016f ve skute\u010dnosti v\u00edcem\u00e9n\u011b vy\u00fast\u011bn\u00edm klasick\u00e9ho rozchodu mez partnery, tentokr\u00e1t jednoho pohlav\u00ed. V\u00fdhodou je, \u017ee po nich nez\u016fstalo \u017e\u00e1dn\u00e9 d\u00edt\u011b, co\u017e je vcelku logick\u00e9 opomeneme li naprosto nepochopiteln\u00e9 schvalov\u00e1n\u00ed adopc\u00ed v\u00a0t\u00e9to komunit\u011b. Smutn\u00e9 je, \u017ee i mezi homosexu\u00e1ly je mo\u017en\u00e9 ukon\u010dit \u017e\u00e1rliv\u00e9 sc\u00e9ny v\u00fdst\u0159elem a vra\u017edou. Pravdou je, \u017ee hra mu\u017e\u016f na \u017eeny je \u010dasto doprov\u00e1zena mnohem v\u011bt\u0161\u00ed hysteri\u00ed a jist\u00fdm hereck\u00fdm doprovodn\u00fdm programem, kter\u00fdm je zv\u00fdraz\u0148ov\u00e1n\u00ed \u017eensk\u00e9ho chov\u00e1n\u00ed. Proto je \u0159ada homosexu\u00e1l\u016f a transvestit\u016f extr\u00e9mn\u011b zmalovan\u00e1, n\u011bkdy zase uk\u0148ouran\u00e1, p\u0159\u00edpadn\u011b v\u0161eobecn\u011b afektovan\u00e1 a otravn\u00e1. V\u00a0opa\u010dn\u00e9m gardu jsou zase \u017eeny vn\u00edmaj\u00edc\u00ed se jako mu\u017ei hrub\u00e9, tvrd\u00e9 a\u2026odpuzuj\u00edc\u00ed. T\u011bch, na kter\u00fdch jejich orientaci de facto nepozn\u00e1te a nemaj\u00ed pot\u0159ebu ji nijak zv\u00fdraz\u0148ovat, je podstatn\u011b m\u00e9n\u011b a v\u011bt\u0161inou nikomu nevad\u00ed. Chovaj\u00ed se p\u0159irozen\u011b a nijak neobt\u011b\u017euj\u00ed. P\u0159esto jist\u011b tu\u0161\u00edte, \u017ee na inadhledu preferujeme klasickou rodinu a vztahy, by\u0165 sou\u017eit\u00ed mu\u017ee a \u017eeny je \u010dasto tak\u00e9 zapeklit\u00e9.<\/p>\n<p>Vra\u0165me se na Slovensko. N\u00e1siln\u00e1 smrt kohokoliv je zbyte\u010dn\u00e1, tedy pokud nejde o zlo\u010dince. Ti n\u00e1m v\u0161ak bohu\u017eel vl\u00e1dnou a stejn\u00e9 je to i u na\u0161ich v\u00fdchodn\u00edch brat\u0159\u00ed. Pokud do\u0161lo k\u00a0dvojn\u00e1sobn\u00e9 vra\u017ed\u011b zp\u016fsoben\u00e9 \u017e\u00e1rlivost\u00ed, je to smutn\u00e9, a\u010d se to t\u00fdk\u00e1 gaysc\u00e9ny. Kolik v\u0161ak podobn\u00fdch ud\u00e1lost\u00ed za n\u00e1\u0161 \u017eivot zaznamen\u00e1me? Je jich mnoho, jen se kv\u016fli nic nespust\u00ed celon\u00e1rodn\u00ed hysterie hrani\u010d\u00edc\u00ed se st\u00e1tn\u00edm smutkem. \u010casto jsou dopady daleko tragi\u010dt\u011bj\u0161\u00ed, um\u00edraj\u00ed i d\u011bti, p\u0159esto se to t\u00fdk\u00e1 p\u0159edev\u0161\u00edm bl\u00edzk\u00e9ho okol\u00ed a p\u0159\u00edbuzn\u00fdch. Takov\u00e9 v\u011bci se d\u011bj\u00ed, jsou smutn\u00e9. Pamatujeme si p\u0159\u00edpad, kdy mu\u017e potrestal svou \u017eenu t\u00edm, \u017ee ji p\u0159ed o\u010dima zavra\u017edil rodi\u010de, odd\u011blil jim hlavu od trupu a p\u0159ed smrt\u00ed zn\u00e1siln\u011bnou man\u017eelku, a pot\u00e9 i sebe, zabil. Shodou okolnost\u00ed tento \u010dlov\u011bk pracoval na izolaci domu, ve kter\u00e9m autor \u010dl\u00e1nku bydlel. Denn\u011b s\u00a0n\u00edm byl t\u00fdden ve styku a vn\u00edmal jeho ne\u0161t\u011bst\u00ed souvisej\u00edc\u00ed s\u00a0t\u00edm, \u017ee mu man\u017eelka, s\u00a0n\u00ed\u017e se kv\u016fli jej\u00edm rodi\u010d\u016fm, sest\u0159e a dal\u0161\u00edmu partner\u010dinu vztahu rozv\u00e1d\u011bl. Ta mu odm\u00edtala i p\u0159es jeho obrovskou snahu p\u016fj\u010dovat dceru. V\u00a0podstat\u011b nemluvil o nikom jin\u00e9m, ne\u017e o dce\u0159i a vylo\u017een\u011b d\u0159el, aby j\u00ed mohl poskytnout v\u0161e pot\u0159ebn\u00e9. Tu nesm\u00edrn\u011b miloval a byl na n\u00ed otcovsky z\u00e1visl\u00fd. Vy\u00fast\u011bn\u00edm toho byla rodinn\u00e1 trag\u00e9die a msta z\u00e1rove\u0148, kter\u00fdm se dalo p\u0159edej\u00edt a k nim\u017e byl systematicky chov\u00e1n\u00edm protistrany dohn\u00e1n. Jeho \u017eivot ztr\u00e1cel smysl, a i p\u0159es ve\u0161kerou snahu domluvit se se v\u0161emi byl ze vztahu k\u00a0d\u00edt\u011bti vy\u0161achov\u00e1n. V\u00a0m\u00e9di\u00edch prob\u011bhl \u010dl\u00e1nek a nikdo se t\u00edm d\u00e1le nezab\u00fdval. \u017d\u00e1dn\u00e9 projevy prezidenta, demonstrace existence rodinn\u00e9 problematiky a proti \u010dasto zvl\u00e1\u0161tn\u00edmu chov\u00e1n\u00ed st\u00e1tu a soudc\u016f p\u0159i \u00faprav\u011b p\u00e9\u010de o d\u011bti. Nutno doplnit, \u017ee v\u00a0uveden\u00e9m p\u0159\u00edpadu dcera t\u00e1tu milovala a byla ne\u0161\u0165astn\u00e1 z\u00a0mat\u010din\u00e9ho chov\u00e1n\u00ed v\u016f\u010di otci.<\/p>\n<p>Zvrhlost lidsk\u00e9 populace hl\u00e1s\u00edc\u00ed se k\u00a0z\u00e1padn\u00edm hodnot\u00e1m nab\u00fdv\u00e1 na intenzit\u011b. Zvy\u0161uje se ochrana rasisticky se chovaj\u00edc\u00edch p\u0159\u00edslu\u0161n\u00edk\u016f jin\u00fdch etnik ne\u017e je na\u0161e b\u00edl\u00e9, viz hnut\u00e9 Black Lives Matter, je tu snaha prosadit pedofilii jako leg\u00e1ln\u00ed, umo\u017e\u0148uje se d\u011btem nav\u0161t\u011bvovat \u00fachyln\u00e9 pochody aktivist\u016f z\u00a0LGBT komunity, tedy ve\u0159ejn\u011b propagovat zvrhlosti p\u0159edv\u00e1d\u011bn\u00e9 p\u0159i pochodech ozna\u010dovan\u00fdch jako Pride, snaha zatahovat tuto tematiku i do \u0161kol mezi nejmen\u0161\u00ed, je tu i podpora naprosto nepochopiteln\u00fdch zm\u011bn pohlav\u00ed ji\u017e ve v\u011bku, kdy je sexualita teprve ve v\u00fdvoji. N\u011bkte\u0159\u00ed rodi\u010de ze\u0161\u00edleli a prot\u011b\u017euj\u00ed bezpohlavn\u00ed p\u0159\u00edstup k\u00a0d\u011btem s\u00a0t\u00edm, \u017ee ty se maj\u00ed jednou rozhodnout o tom, \u010d\u00edm se c\u00edt\u00ed b\u00fdt. A kdy\u017e se mezi sebou pobij\u00ed t\u0159i gayov\u00e9, vystoup\u00ed p\u0159ed n\u00e1rodem slovensk\u00e1 prezidentky \u010caputov\u00e1 a se slzami v\u00a0o\u010d\u00edch se p\u0159i sv\u00e9m smute\u010dn\u00edm projevu t\u00e9m\u011b\u0159 hrout\u00ed. To u\u017e nen\u00ed o toleranci, to je doslova zvrhlost a ztr\u00e1ta smyslu pro realitu. M\u00edsto \u0159e\u0161en\u00ed z\u00e1sadn\u00ed \u017eivotn\u00ed problematiky tu p\u0159\u00edmo p\u0159ed n\u00e1mi doch\u00e1z\u00ed k\u00a0degradaci mor\u00e1ln\u00edch, ekonomick\u00fdch a lidsk\u00fdch pot\u0159eb a hodnot. Kam sp\u011bjeme? V\u0161e se ve \u0161patn\u00e9 ot\u00e1\u010d\u00ed.<\/p>\n<\/div>\n<p><a href=\"https:\/\/www.inadhled.live\/zajimavosti\/hysterie-na-slovensku\/\">Jind\u0159ich Kulhav\u00fd<\/a><\/p>\n<p>&nbsp;<\/p>\n","protected":false},"excerpt":{"rendered":"<p>Posledn\u00edmi dny na Slovensku rezonuj\u00ed dozvuky dvojn\u00e1sobn\u00e9 vra\u017edy p\u0159ed proslul\u00fdm barem zvan\u00fdm Tepl\u00e1rna. U\u017e jeho&#8230;<\/p>\n","protected":false},"author":2,"featured_media":16918,"comment_status":"closed","ping_status":"closed","sticky":false,"template":"","format":"standard","meta":[],"categories":[6],"tags":[3606,29,203,184],"_links":{"self":[{"href":"https:\/\/www.infokuryr.cz\/n\/wp-json\/wp\/v2\/posts\/16917"}],"collection":[{"href":"https:\/\/www.infokuryr.cz\/n\/wp-json\/wp\/v2\/posts"}],"about":[{"href":"https:\/\/www.infokuryr.cz\/n\/wp-json\/wp\/v2\/types\/post"}],"author":[{"embeddable":true,"href":"https:\/\/www.infokuryr.cz\/n\/wp-json\/wp\/v2\/users\/2"}],"replies":[{"embeddable":true,"href":"https:\/\/www.infokuryr.cz\/n\/wp-json\/wp\/v2\/comments?post=16917"}],"version-history":[{"count":0,"href":"https:\/\/www.infokuryr.cz\/n\/wp-json\/wp\/v2\/posts\/16917\/revisions"}],"wp:featuredmedia":[{"embeddable":true,"href":"https:\/\/www.infokuryr.cz\/n\/wp-json\/wp\/v2\/media\/16918"}],"wp:attachment":[{"href":"https:\/\/www.infokuryr.cz\/n\/wp-json\/wp\/v2\/media?parent=16917"}],"wp:term":[{"taxonomy":"category","embeddable":true,"href":"https:\/\/www.infokuryr.cz\/n\/wp-json\/wp\/v2\/categories?post=16917"},{"taxonomy":"post_tag","embeddable":true,"href":"https:\/\/www.infokuryr.cz\/n\/wp-json\/wp\/v2\/tags?post=16917"}],"curies":[{"name":"wp","href":"https:\/\/api.w.org\/{rel}","templated":true}]}}