{"id":16815,"date":"2022-10-16T00:58:09","date_gmt":"2022-10-15T22:58:09","guid":{"rendered":"http:\/\/www.infokuryr.cz\/n\/?p=16815"},"modified":"2022-10-15T18:54:46","modified_gmt":"2022-10-15T16:54:46","slug":"sefka-mmf-rozvijejici-se-trhy-a-rozvojove-zeme-celi-trojitemu-tlaku","status":"publish","type":"post","link":"https:\/\/www.infokuryr.cz\/n\/2022\/10\/16\/sefka-mmf-rozvijejici-se-trhy-a-rozvojove-zeme-celi-trojitemu-tlaku\/","title":{"rendered":"\u0160\u00e9fka MMF: Rozv\u00edjej\u00edc\u00ed se trhy a rozvojov\u00e9 zem\u011b \u010del\u00ed \u201etrojit\u00e9mu tlaku\u201c"},"content":{"rendered":"<div id=\"fb-root\"><\/div>\n<p data-spm-anchor-id=\"C01140752918.PaZNIkA0prFD.0.i2\">Gener\u00e1ln\u00ed \u0159editelka Mezin\u00e1rodn\u00edho m\u011bnov\u00e9ho fondu (MMF) Kristalina Georgievov\u00e1 ve \u010dtvrtek uvedla, \u017ee rozv\u00edjej\u00edc\u00ed se trhy a rozvojov\u00e9 zem\u011b \u010del\u00ed \u201etrojit\u00e9mu tlaku\u201c, tedy pos\u00edlen\u00ed americk\u00e9ho dolaru, vysok\u00fdm n\u00e1klad\u016fm na p\u016fj\u010dky a odtoku kapit\u00e1lu. V\u00e1\u017en\u011bji jsou zasa\u017eeny zejm\u00e9na zem\u011b s vysok\u00fdmi dluhy.<\/p>\n<p>Kristalina Georgievov\u00e1 t\u00e9ho\u017e dne na tiskov\u00e9 konferenci v r\u00e1mci ro\u010dn\u00ed podzimn\u00ed konference MMF a Sv\u011btov\u00e9 banky uvedla, \u017ee v situaci poklesu sv\u011btov\u00e9ho hospod\u00e1\u0159stv\u00ed je t\u0159eba podpo\u0159it slab\u00e9 rozv\u00edjej\u00edc\u00ed se trhy a rozvojov\u00e9 zem\u011b. Slab\u00e9 zem\u011b \u010del\u00ed dv\u011bma hlavn\u00edm v\u00fdzv\u00e1m \u2013 ohro\u017een\u00ed potravinov\u00e9 bezpe\u010dnosti a n\u00e1r\u016fst dluh\u016f.<\/p>\n<p>Kristalina Georgievov\u00e1 pouk\u00e1zala na to, \u017ee 345 milion\u016f lid\u00ed po cel\u00e9m sv\u011bt\u011b je ve v\u00e1\u017en\u00e9 situaci nedostatku potravin a asi 48 zem\u00ed je ohro\u017eeno nedostatkem potravin, z nich\u017e mnoh\u00e9 jsou africk\u00e9 zem\u011b na jihu Sahary.<\/p>\n<p>\u00dadaje MMF ukazuj\u00ed, \u017ee v\u00edce ne\u017e 60 procent zem\u00ed s n\u00edzk\u00fdmi p\u0159\u00edjmy trp\u00ed dilematu dluh\u016f nebo \u010del\u00ed vysok\u00e9mu riziku dluh\u016f. Gener\u00e1ln\u00ed \u0159editelka MMF vyzvala k vytvo\u0159en\u00ed efektivn\u011bj\u0161\u00edho mechanismu pro \u0159e\u0161en\u00ed dluh\u016f.<\/p>\n<p>Kristalina Georgievov\u00e1 uvedla, \u017ee v situaci, kdy sv\u011btov\u00e1 ekonomika proch\u00e1z\u00ed z\u00e1kladn\u00edmi zm\u011bnami, a nejistota a volatilita rostou, mus\u00ed tv\u016frci politik udr\u017eovat stabilitu a vyu\u017e\u00edvat p\u00e1kov\u00fd efekt politik. Cena za chybn\u00e9 politiky a \u0161patnou komunikaci ohledn\u011b c\u00edl\u016f politik je \u201evelmi vysok\u00e1\u201c.<\/p>\n<p data-spm-anchor-id=\"C01140752918.PaZNIkA0prFD.0.i3\">Vyzvala tv\u016frce politik, aby omezili inflaci, zavedli odpov\u011bdn\u00e9 fisk\u00e1ln\u00ed politiky a udr\u017eovali finan\u010dn\u00ed stabilitu. Dodala: \u201ePokud chceme pomoci ve\u0159ejnosti bojovat proti inflaci, mus\u00edme zajistit, aby finan\u010dn\u00ed i m\u011bnov\u00e9 politiky p\u016fsobily jednotn\u011b.\u201c<\/p>\n<p>MMF a Sv\u011btov\u00e1 banka ka\u017edoro\u010dn\u011b po\u0159\u00e1daj\u00ed dv\u011b plen\u00e1rn\u00ed konference, tedy jarn\u00ed a podzimn\u00ed konferenci. Leto\u0161n\u00ed podzimn\u00ed konference se kon\u00e1 ve Washingtonu, hlavn\u00edm m\u011bst\u011b Spojen\u00fdch st\u00e1t\u016f, v dob\u011b od 10. do 16. \u0159\u00edjna.<\/p>\n<p><img decoding=\"async\" loading=\"lazy\" class=\"alignnone size-full wp-image-1185\" src=\"http:\/\/www.infokuryr.cz\/n\/wp-content\/uploads\/2021\/04\/kuryr-podpis.png\" alt=\"\" width=\"84\" height=\"24\" \/><\/p>\n<p>&nbsp;<\/p>\n<p>&nbsp;<\/p>\n","protected":false},"excerpt":{"rendered":"<p>Gener\u00e1ln\u00ed \u0159editelka Mezin\u00e1rodn\u00edho m\u011bnov\u00e9ho fondu (MMF) Kristalina Georgievov\u00e1 ve \u010dtvrtek uvedla, \u017ee rozv\u00edjej\u00edc\u00ed se trhy&#8230;<\/p>\n","protected":false},"author":2,"featured_media":16816,"comment_status":"closed","ping_status":"closed","sticky":false,"template":"","format":"standard","meta":[],"categories":[7],"tags":[59,45,683,1504,122],"_links":{"self":[{"href":"https:\/\/www.infokuryr.cz\/n\/wp-json\/wp\/v2\/posts\/16815"}],"collection":[{"href":"https:\/\/www.infokuryr.cz\/n\/wp-json\/wp\/v2\/posts"}],"about":[{"href":"https:\/\/www.infokuryr.cz\/n\/wp-json\/wp\/v2\/types\/post"}],"author":[{"embeddable":true,"href":"https:\/\/www.infokuryr.cz\/n\/wp-json\/wp\/v2\/users\/2"}],"replies":[{"embeddable":true,"href":"https:\/\/www.infokuryr.cz\/n\/wp-json\/wp\/v2\/comments?post=16815"}],"version-history":[{"count":0,"href":"https:\/\/www.infokuryr.cz\/n\/wp-json\/wp\/v2\/posts\/16815\/revisions"}],"wp:featuredmedia":[{"embeddable":true,"href":"https:\/\/www.infokuryr.cz\/n\/wp-json\/wp\/v2\/media\/16816"}],"wp:attachment":[{"href":"https:\/\/www.infokuryr.cz\/n\/wp-json\/wp\/v2\/media?parent=16815"}],"wp:term":[{"taxonomy":"category","embeddable":true,"href":"https:\/\/www.infokuryr.cz\/n\/wp-json\/wp\/v2\/categories?post=16815"},{"taxonomy":"post_tag","embeddable":true,"href":"https:\/\/www.infokuryr.cz\/n\/wp-json\/wp\/v2\/tags?post=16815"}],"curies":[{"name":"wp","href":"https:\/\/api.w.org\/{rel}","templated":true}]}}