{"id":16813,"date":"2022-10-16T00:59:25","date_gmt":"2022-10-15T22:59:25","guid":{"rendered":"http:\/\/www.infokuryr.cz\/n\/?p=16813"},"modified":"2022-10-15T18:52:11","modified_gmt":"2022-10-15T16:52:11","slug":"mira-uzkosti-a-deprese-mezi-mladezi-v-usa-stoupa","status":"publish","type":"post","link":"https:\/\/www.infokuryr.cz\/n\/2022\/10\/16\/mira-uzkosti-a-deprese-mezi-mladezi-v-usa-stoupa\/","title":{"rendered":"M\u00edra \u00fazkosti a deprese mezi ml\u00e1de\u017e\u00ed v USA stoup\u00e1"},"content":{"rendered":"<div id=\"fb-root\"><\/div>\n<p data-spm-anchor-id=\"C01140752918.PaZNIkA0prFD.0.i2\"><span data-spm-anchor-id=\"C01140752918.PaZNIkA0prFD.0.i3\">Podle tiskov\u00e9 agentury Associated Press (AP) z 11. \u0159\u00edjna jsou s p\u0159\u00edchodem nov\u00e9ho \u0161koln\u00edho roku n\u011bkte\u0159\u00ed studenti ve Spojen\u00fdch st\u00e1tech zat\u00ed\u017eeni v\u011bt\u0161\u00edmi starostmi, ne\u017e je pln\u011bn\u00ed dom\u00e1c\u00edch \u00fakol\u016f, a popt\u00e1vka po d\u011btsk\u00fdch knih\u00e1ch souvisej\u00edc\u00edch s traumatick\u00fdmi ud\u00e1lostmi, jako jsou st\u0159elby ve \u0161kole, je tak\u00e9 stabiln\u00ed.<\/span><\/p>\n<p>Prodej knih o n\u00e1sil\u00ed, smutku a emoc\u00edch zam\u011b\u0159en\u00fdch na mlad\u00e9 \u010dten\u00e1\u0159e roste ji\u017e dev\u00e1t\u00fdm rokem v \u0159ad\u011b a prodeje v roce 2021 se bl\u00ed\u017e\u00ed 6 milion\u016fm, co\u017e je v\u00edce ne\u017e dvojn\u00e1sobek po\u010dtu v roce 2012.<\/p>\n<p>Vzhledem k tomu, \u017ee m\u00edra \u00fazkosti a deprese mezi mlad\u00fdmi Ameri\u010dany stoup\u00e1, pedagogov\u00e9 v\u011b\u0159\u00ed, \u017ee d\u011btsk\u00e9 knihy mohou hr\u00e1t roli v tom, \u017ee jim pom\u00e1haj\u00ed ve vyrovn\u00e1n\u00ed se s t\u011bmito probl\u00e9my.<\/p>\n<p>N\u011bkter\u00e9 mal\u00e9 d\u011bti za\u017e\u00edvaj\u00ed znepokojiv\u011b vysokou m\u00edru n\u00e1sil\u00ed se st\u0159eln\u00fdmi zbran\u011bmi, zejm\u00e9na v barevn\u00fdch komunit\u00e1ch, uv\u00e1d\u00ed zpr\u00e1va. Ian Ellis James, autor Sesame Street, americk\u00e9ho vzd\u011bl\u00e1vac\u00edho televizn\u00edho po\u0159adu pro d\u011bti, \u0159ekl, \u017ee je d\u016fle\u017eit\u00e9, aby tyto d\u011bti za\u010daly \u0159e\u0161it jeho dopady brzy, proto\u017ee mal\u00e9 d\u011bti v oblastech zasa\u017een\u00fdch n\u00e1sil\u00edm se zbran\u00ed si mohou b\u00fdt n\u00e1sil\u00edm st\u0159eln\u00fdmi zbran\u011bmi v\u011bdomy v\u00edce, ne\u017e si jejich rodi\u010de uv\u011bdomuj\u00ed. \u201eZnaj\u00ed kv\u011btiny, sv\u00ed\u010dky a karty na ulici.\u00a0Proch\u00e1zej\u00ed kolem t\u011bchto v\u011bc\u00ed ka\u017ed\u00fd den.\u201c<\/p>\n<p><span data-spm-anchor-id=\"C01140752918.PaZNIkA0prFD.0.i4\">\u201eTato zem\u011b se ani nechce zbavit \u00fato\u010dn\u00fdch zbran\u00ed. Tak\u017ee se mus\u00edme zapojit, mus\u00edme jim pomoci, aby si pomohli, aby se zachr\u00e1nili\u201c, poznamenal, \u201eTo, co jsme tady ud\u011blali, je opravdu selh\u00e1n\u00ed.\u201c<\/span><\/p>\n<p><img decoding=\"async\" loading=\"lazy\" class=\"alignnone size-full wp-image-1185\" src=\"http:\/\/www.infokuryr.cz\/n\/wp-content\/uploads\/2021\/04\/kuryr-podpis.png\" alt=\"\" width=\"84\" height=\"24\" \/><\/p>\n<p>&nbsp;<\/p>\n","protected":false},"excerpt":{"rendered":"<p>Podle tiskov\u00e9 agentury Associated Press (AP) z 11. \u0159\u00edjna jsou s p\u0159\u00edchodem nov\u00e9ho \u0161koln\u00edho roku&#8230;<\/p>\n","protected":false},"author":2,"featured_media":10944,"comment_status":"closed","ping_status":"closed","sticky":false,"template":"","format":"standard","meta":[],"categories":[7],"tags":[3593,548,37],"_links":{"self":[{"href":"https:\/\/www.infokuryr.cz\/n\/wp-json\/wp\/v2\/posts\/16813"}],"collection":[{"href":"https:\/\/www.infokuryr.cz\/n\/wp-json\/wp\/v2\/posts"}],"about":[{"href":"https:\/\/www.infokuryr.cz\/n\/wp-json\/wp\/v2\/types\/post"}],"author":[{"embeddable":true,"href":"https:\/\/www.infokuryr.cz\/n\/wp-json\/wp\/v2\/users\/2"}],"replies":[{"embeddable":true,"href":"https:\/\/www.infokuryr.cz\/n\/wp-json\/wp\/v2\/comments?post=16813"}],"version-history":[{"count":1,"href":"https:\/\/www.infokuryr.cz\/n\/wp-json\/wp\/v2\/posts\/16813\/revisions"}],"predecessor-version":[{"id":16814,"href":"https:\/\/www.infokuryr.cz\/n\/wp-json\/wp\/v2\/posts\/16813\/revisions\/16814"}],"wp:featuredmedia":[{"embeddable":true,"href":"https:\/\/www.infokuryr.cz\/n\/wp-json\/wp\/v2\/media\/10944"}],"wp:attachment":[{"href":"https:\/\/www.infokuryr.cz\/n\/wp-json\/wp\/v2\/media?parent=16813"}],"wp:term":[{"taxonomy":"category","embeddable":true,"href":"https:\/\/www.infokuryr.cz\/n\/wp-json\/wp\/v2\/categories?post=16813"},{"taxonomy":"post_tag","embeddable":true,"href":"https:\/\/www.infokuryr.cz\/n\/wp-json\/wp\/v2\/tags?post=16813"}],"curies":[{"name":"wp","href":"https:\/\/api.w.org\/{rel}","templated":true}]}}