{"id":16786,"date":"2022-10-15T08:46:29","date_gmt":"2022-10-15T06:46:29","guid":{"rendered":"http:\/\/www.infokuryr.cz\/n\/?p=16786"},"modified":"2022-10-15T08:46:29","modified_gmt":"2022-10-15T06:46:29","slug":"zapadni-ekonomiky-jsou-v-situaci-dokonale-boure","status":"publish","type":"post","link":"https:\/\/www.infokuryr.cz\/n\/2022\/10\/15\/zapadni-ekonomiky-jsou-v-situaci-dokonale-boure\/","title":{"rendered":"Z\u00e1padn\u00ed ekonomiky jsou v situaci dokonal\u00e9 bou\u0159e"},"content":{"rendered":"<div id=\"fb-root\"><\/div>\n<p><strong><span>Cel\u00fd z\u00e1padn\u00ed sv\u011bt je \u0161okov\u00e1n z \u00fadaj\u016f o inflaci v USA.<\/span><\/strong><\/p>\n<p><span>B\u00edl\u00fd d\u016fm a Fed se u\u017e dlouh\u00e9 m\u011bs\u00edce sna\u017e\u00ed zastavit zvy\u0161ov\u00e1n\u00ed cen &#8211; ale st\u00e1le to pokra\u010duje.\u00a0V z\u00e1\u0159\u00ed dos\u00e1hla inflace dolaru 8,2%, co\u017e bylo zp\u016fsobeno zejm\u00e9na prudk\u00fdm n\u00e1r\u016fstem cen potravin a n\u00e1jemn\u00e9ho.<\/span><\/p>\n<p><span>Pro Bidena je to velmi \u0161patn\u00e1 zpr\u00e1va, proto\u017ee dne\u0161n\u00ed zpr\u00e1va o inflaci je posledn\u00ed p\u0159ed listopadov\u00fdmi kongresov\u00fdmi volbami.\u00a0A pr\u00e1v\u011b inflace je podle pr\u016fzkum\u016f kl\u00ed\u010dov\u00fdm probl\u00e9mem Ameri\u010dan\u016f.\u00a0Druh\u00fdm je zlo\u010dinnost.\u00a0Oba pracuj\u00ed proti Demokratick\u00e9 stran\u011b.<\/span><\/p>\n<p><em>Je z\u0159ejm\u00e9, \u017ee Fed bude muset pokra\u010dovat v prudk\u00e9m utahov\u00e1n\u00ed \u0161roub\u016f v m\u011bnov\u00e9 sf\u00e9\u0159e &#8211; zv\u00fd\u0161en\u00ed sazby na rekordn\u011b vysokou \u00farove\u0148 za 15-20 let.\u00a0V USA u\u017e to vedlo k ot\u0159es\u016fm na finan\u010dn\u00edch trz\u00edch.\u00a0A realitn\u00edmu trhu hroz\u00ed rozpad kv\u016fli r\u016fstu sazeb hypot\u00e9k.<\/em><\/p>\n<p><span>D\u016fsledky dolarov\u00e9 inflace v\u0161ak ovlivn\u00ed v\u0161echny z\u00e1padn\u00ed zem\u011b.\u00a0Evropsk\u00e1 unie ji\u017e obvi\u0148uje kroky Fedu z vlastn\u00edch ekonomick\u00fdch probl\u00e9m\u016f.\u00a0Z evropsk\u00fdch trh\u016f prch\u00e1 kapit\u00e1l do Ameriky, euro se devalvuje.\u00a0V d\u016fsledku toho mus\u00ed sazby zvy\u0161ovat i evropsk\u00e9 centr\u00e1ln\u00ed banky a pro jejich oslaben\u00e9 ekonomiky to m\u016f\u017ee skon\u010dit skute\u010dnou katastrofou.<\/span><\/p>\n<p><span>Z\u00e1padn\u00ed ekonomiky se ocitly v situaci dokonal\u00e9 bou\u0159e.\u00a0Nemaj\u00ed na v\u00fdb\u011br \u2013 bu\u010f se sm\u00ed\u0159\u00ed s rekordn\u00ed inflac\u00ed a prudk\u00fdm poklesem \u017eivotn\u00ed \u00farovn\u011b nebo se s n\u00ed budou d\u00e1le sna\u017eit bojovat, ale u\u017e riskuj\u00ed plnohodnotnou dluhovou krizi v duchu sou\u010dasn\u00e9 Brit\u00e1nie.\u00a0Nadch\u00e1zej\u00edc\u00ed zima bude chv\u00edl\u00ed pravdy a uk\u00e1\u017ee, kterou cestou se vyberou.<\/span><\/p>\n<p><a href=\"https:\/\/t.me\/malekdudakov\/4753\"><strong><span>M\u00e1lek Dudakov<\/span><\/strong><\/a><\/p>\n<p>&nbsp;<\/p>\n","protected":false},"excerpt":{"rendered":"<p>Cel\u00fd z\u00e1padn\u00ed sv\u011bt je \u0161okov\u00e1n z \u00fadaj\u016f o inflaci v USA. B\u00edl\u00fd d\u016fm a Fed&#8230;<\/p>\n","protected":false},"author":2,"featured_media":12444,"comment_status":"closed","ping_status":"closed","sticky":false,"template":"","format":"standard","meta":[],"categories":[7],"tags":[2145,426,683,371,365],"_links":{"self":[{"href":"https:\/\/www.infokuryr.cz\/n\/wp-json\/wp\/v2\/posts\/16786"}],"collection":[{"href":"https:\/\/www.infokuryr.cz\/n\/wp-json\/wp\/v2\/posts"}],"about":[{"href":"https:\/\/www.infokuryr.cz\/n\/wp-json\/wp\/v2\/types\/post"}],"author":[{"embeddable":true,"href":"https:\/\/www.infokuryr.cz\/n\/wp-json\/wp\/v2\/users\/2"}],"replies":[{"embeddable":true,"href":"https:\/\/www.infokuryr.cz\/n\/wp-json\/wp\/v2\/comments?post=16786"}],"version-history":[{"count":0,"href":"https:\/\/www.infokuryr.cz\/n\/wp-json\/wp\/v2\/posts\/16786\/revisions"}],"wp:featuredmedia":[{"embeddable":true,"href":"https:\/\/www.infokuryr.cz\/n\/wp-json\/wp\/v2\/media\/12444"}],"wp:attachment":[{"href":"https:\/\/www.infokuryr.cz\/n\/wp-json\/wp\/v2\/media?parent=16786"}],"wp:term":[{"taxonomy":"category","embeddable":true,"href":"https:\/\/www.infokuryr.cz\/n\/wp-json\/wp\/v2\/categories?post=16786"},{"taxonomy":"post_tag","embeddable":true,"href":"https:\/\/www.infokuryr.cz\/n\/wp-json\/wp\/v2\/tags?post=16786"}],"curies":[{"name":"wp","href":"https:\/\/api.w.org\/{rel}","templated":true}]}}