{"id":16761,"date":"2022-10-15T01:08:13","date_gmt":"2022-10-14T23:08:13","guid":{"rendered":"http:\/\/www.infokuryr.cz\/n\/?p=16761"},"modified":"2022-10-14T15:01:21","modified_gmt":"2022-10-14T13:01:21","slug":"rekordni-pocet-pripadu-hiv-diagnostikovanych-v-polsku-behem-letosniho-roku","status":"publish","type":"post","link":"https:\/\/www.infokuryr.cz\/n\/2022\/10\/15\/rekordni-pocet-pripadu-hiv-diagnostikovanych-v-polsku-behem-letosniho-roku\/","title":{"rendered":"Rekordn\u00ed po\u010det p\u0159\u00edpad\u016f HIV diagnostikovan\u00fdch v Polsku b\u011bhem leto\u0161n\u00edho roku"},"content":{"rendered":"<div id=\"fb-root\"><\/div>\n<p><span style=\"font-size: 18pt;\"><strong>A\u017e dosud byla hranice 1 500 p\u0159\u00edpad\u016f p\u0159ekon\u00e1na pouze ve dvou p\u0159edchoz\u00edch letech \u2013 2019 a 2017<\/strong><\/span><\/p>\n<p><span>Nejnov\u011bj\u0161\u00ed \u00fadaje zve\u0159ejn\u011bn\u00e9 St\u00e1tn\u00edm zdravotn\u00edm \u00fastavem p\u0159inesly Polsku p\u0159ekvapiv\u00e9 zpr\u00e1vy.\u00a0Zem\u011b zaznamenala v roce 2022 v\u00edce naka\u017een\u00fdch virem HIV ne\u017e kdykoli p\u0159edt\u00edm a n\u00e1rodn\u00ed ministerstvo zdravotnictv\u00ed vyvol\u00e1v\u00e1 poplach.<\/span><\/p>\n<p><span>K n\u00e1r\u016fstu p\u0159isp\u00edv\u00e1 \u0159ada faktor\u016f, p\u0159i\u010dem\u017e polsk\u00e9 ministerstvo zdravotnictv\u00ed uv\u00e1d\u00ed \u201ezm\u011bnu spole\u010densk\u00e9ho chov\u00e1n\u00ed v sexu\u00e1ln\u00ed sf\u00e9\u0159e\u201c, ale tak\u00e9 p\u0159\u00edliv\u00a0<\/span><a class=\"ek-link\" href=\"https:\/\/rmx.news\/article\/up-to-half-of-ukrainian-refugees-plan-to-stay-in-poland-for-a-year-after-the-war\/\"><span>v\u00e1le\u010dn\u00fdch uprchl\u00edk\u016f z Ukrajiny<\/span><\/a><span>\u00a0.\u00a0Ukrajina m\u00e1 nejvy\u0161\u0161\u00ed po\u010det p\u0159\u00edpad\u016f HIV a AIDS v cel\u00e9 Evrop\u011b.<\/span><\/p>\n<p><span>Od za\u010d\u00e1tku roku do konce z\u00e1\u0159\u00ed bylo v Polsku diagnostikov\u00e1no 1 678 lid\u00ed s novou infekc\u00ed virem HIV.\u00a0Pokud si tento r\u016fst udr\u017e\u00ed sv\u00e9 tempo i ve zb\u00fdvaj\u00edc\u00edch m\u011bs\u00edc\u00edch roku 2022, m\u011bl by b\u00fdt p\u0159ekon\u00e1n miln\u00edk 2000 nov\u00fdch p\u0159\u00edpad\u016f.\u00a0Doposud byla hranice 1 500 p\u0159\u00edpad\u016f p\u0159ekro\u010dena pouze za dva roky \u2014 v roce 2019 (1 615 p\u0159\u00edpad\u016f) a v roce 2017 (1 526 p\u0159\u00edpad\u016f).<\/span><\/p>\n<h2><span>Co se stalo, \u017ee \u010d\u00edsla zaznamenan\u00e1 letos byla tak dramatick\u00e1?<\/span><\/h2>\n<p><span>Polsk\u00e9 ministerstvo zdravotnictv\u00ed p\u0159ipou\u0161t\u00ed, \u017ee v leto\u0161n\u00edm roce do\u0161lo k \u201ev\u00fdrazn\u00e9mu r\u016fstu\u201c, kter\u00fd byl pravd\u011bpodobn\u011b zp\u016fsoben p\u0159edchoz\u00ed pandemi\u00ed COVID-19, kv\u016fli n\u00ed\u017e byl diagnostick\u00fd syst\u00e9m ne\u00fa\u010dinn\u00fd.\u00a0Ministerstvo tak\u00e9 varuje, \u017ee po\u010det naka\u017een\u00fdch by se mohl v bl\u00edzk\u00e9 budoucnosti zv\u00fd\u0161it \u2014 pr\u00fd za to m\u016f\u017ee p\u0159\u00edliv uprchl\u00edk\u016f z Ukrajiny.<\/span><\/p>\n<p><span>\u201e\u00a0<\/span><a class=\"ek-link\" href=\"https:\/\/rmx.news\/czech-republic\/ukrainian-refugee-influx-may-result-in-higher-rates-of-tuberculosis-hiv-and-covid-19-physicians-warn\/\"><span>Probl\u00e9m HIV\/AIDS<\/span><\/a><span>\u00a0se zd\u00e1 b\u00fdt kv\u016fli stabilizaci situace marginalizov\u00e1n.\u00a0Soci\u00e1ln\u00ed chov\u00e1n\u00ed v sexu\u00e1ln\u00ed sf\u00e9\u0159e a vznik nov\u00fdch re\u00e1ln\u00fdch rizik, a to i v populaci ml\u00e1de\u017ee a mlad\u00fdch dosp\u011bl\u00fdch, stejn\u011b jako v\u00e1lka za v\u00fdchodn\u00ed hranic\u00ed na\u0161\u00ed zem\u011b, jej\u00edm\u017e jedn\u00edm z d\u016fsledk\u016f je p\u0159\u00edliv velk\u00fd po\u010det v\u00e1le\u010dn\u00fdch uprchl\u00edk\u016f z Ukrajiny m\u016f\u017ee zp\u016fsobit n\u00e1r\u016fst po\u010dtu infekc\u00ed,\u201c vysv\u011btlila zpr\u00e1va polsk\u00e9ho ministerstva zdravotnictv\u00ed.<\/span><\/p>\n<p><span>Ministerstvo z\u00e1rove\u0148 zd\u016fraznilo, \u017ee t\u00e9m\u011b\u0159 40 let po prvn\u00ed diagn\u00f3ze HIV v Polsku z\u016fst\u00e1v\u00e1 zem\u00ed \u201es n\u00edzkou prevalenc\u00ed HIV, podobnou z\u00e1padoevropsk\u00fdm zem\u00edm, nikoli vysokou, jako v zem\u00edch na druh\u00e9 stran\u011b na\u0161\u00ed v\u00fdchodn\u00ed hranici.<\/span><\/p>\n<p><span>&#8222;To dokazuje \u00fa\u010dinnost st\u00e1tn\u00ed politiky proti problematice HIV\/AIDS,&#8220; dodala zpr\u00e1va.<\/span><\/p>\n<p><img decoding=\"async\" loading=\"lazy\" class=\"alignnone size-full wp-image-1185\" src=\"http:\/\/www.infokuryr.cz\/n\/wp-content\/uploads\/2021\/04\/kuryr-podpis.png\" alt=\"\" width=\"84\" height=\"24\" \/><\/p>\n<p>&nbsp;<\/p>\n","protected":false},"excerpt":{"rendered":"<p>A\u017e dosud byla hranice 1 500 p\u0159\u00edpad\u016f p\u0159ekon\u00e1na pouze ve dvou p\u0159edchoz\u00edch letech \u2013 2019&#8230;<\/p>\n","protected":false},"author":2,"featured_media":16762,"comment_status":"closed","ping_status":"closed","sticky":false,"template":"","format":"standard","meta":[],"categories":[7],"tags":[1596,1663,31],"_links":{"self":[{"href":"https:\/\/www.infokuryr.cz\/n\/wp-json\/wp\/v2\/posts\/16761"}],"collection":[{"href":"https:\/\/www.infokuryr.cz\/n\/wp-json\/wp\/v2\/posts"}],"about":[{"href":"https:\/\/www.infokuryr.cz\/n\/wp-json\/wp\/v2\/types\/post"}],"author":[{"embeddable":true,"href":"https:\/\/www.infokuryr.cz\/n\/wp-json\/wp\/v2\/users\/2"}],"replies":[{"embeddable":true,"href":"https:\/\/www.infokuryr.cz\/n\/wp-json\/wp\/v2\/comments?post=16761"}],"version-history":[{"count":1,"href":"https:\/\/www.infokuryr.cz\/n\/wp-json\/wp\/v2\/posts\/16761\/revisions"}],"predecessor-version":[{"id":16763,"href":"https:\/\/www.infokuryr.cz\/n\/wp-json\/wp\/v2\/posts\/16761\/revisions\/16763"}],"wp:featuredmedia":[{"embeddable":true,"href":"https:\/\/www.infokuryr.cz\/n\/wp-json\/wp\/v2\/media\/16762"}],"wp:attachment":[{"href":"https:\/\/www.infokuryr.cz\/n\/wp-json\/wp\/v2\/media?parent=16761"}],"wp:term":[{"taxonomy":"category","embeddable":true,"href":"https:\/\/www.infokuryr.cz\/n\/wp-json\/wp\/v2\/categories?post=16761"},{"taxonomy":"post_tag","embeddable":true,"href":"https:\/\/www.infokuryr.cz\/n\/wp-json\/wp\/v2\/tags?post=16761"}],"curies":[{"name":"wp","href":"https:\/\/api.w.org\/{rel}","templated":true}]}}