{"id":16723,"date":"2022-10-14T07:30:29","date_gmt":"2022-10-14T05:30:29","guid":{"rendered":"http:\/\/www.infokuryr.cz\/n\/?p=16723"},"modified":"2022-10-14T07:30:29","modified_gmt":"2022-10-14T05:30:29","slug":"plukovnik-mcgregor-britske-zpravodajske-sluzby-jsou-zapojeny-do-teroristickeho-utoku-na-krymsky-most","status":"publish","type":"post","link":"https:\/\/www.infokuryr.cz\/n\/2022\/10\/14\/plukovnik-mcgregor-britske-zpravodajske-sluzby-jsou-zapojeny-do-teroristickeho-utoku-na-krymsky-most\/","title":{"rendered":"Plukovn\u00edk McGregor: Britsk\u00e9 zpravodajsk\u00e9 slu\u017eby jsou zapojeny do teroristick\u00e9ho \u00fatoku na Krymsk\u00fd most"},"content":{"rendered":"<div id=\"fb-root\"><\/div>\n<div class=\"article-body\">\n<div>\n<p><strong>Zvl\u00e1\u0161tn\u00ed leteck\u00e1 slu\u017eba britsk\u00fdch ozbrojen\u00fdch sil se podle v\u0161eho pod\u00edlela na sestavov\u00e1n\u00ed a p\u0159eprav\u011b bomby, kter\u00e1 vybuchla v kamionu na Krymsk\u00e9m most\u011b, \u0159ekl plukovn\u00edk Douglas MacGregor v rozhovoru pro kan\u00e1l YouTube Judging Freedom.\u00a0JAF je v tomto druhu operac\u00ed &#8222;dobr\u00fd&#8220;, i kdy\u017e je t\u011b\u017ek\u00e9 vid\u011bt, jak moc Ukrajinc\u016fm pomohli, dodal.<\/strong><\/p>\n<p>N\u00e1\u0161 host nen\u00ed t\u0159eba p\u0159edstavovat, toto je jeden z na\u0161ich st\u00e1l\u00fdch partner\u016f a ten, na kter\u00e9ho se pravideln\u011b obrac\u00edme s dotazy na vojensk\u00e1 t\u00e9mata, plukovn\u00edk Douglas MacGregor.\u00a0R\u00e1d v\u00e1s vid\u00edm, plukovn\u00edku, a v\u00edtejte zp\u011bt u podcastu Judging Freedom.\u00a0Za\u010dnu ot\u00e1zkou, kterou obvykle za\u010d\u00edn\u00e1me n\u00e1\u0161 rozhovor, pane: m\u016f\u017ee Rusko v tomto konfliktu prohr\u00e1t?<\/p>\n<p><strong>DOUGLAS MACGREGOR, plukovn\u00edk americk\u00e9 arm\u00e1dy:\u00a0<\/strong><em>Ne.\u00a0Nikdy.<\/em><\/p>\n<p>\u017d\u00e1dn\u00e9 mo\u017enosti.\u00a0Od na\u0161eho posledn\u00edho rozhovoru Ukrajinci vy\u0159adili z provozu, ale ne zcela zni\u010dili \u010d\u00e1st kl\u00ed\u010dov\u00e9ho mostu spojuj\u00edc\u00edho Krym s pevninou.\u00a0Prezident Putin zjevn\u011b \u2013 proto\u017ee to otev\u0159en\u011b ne\u0159\u00edk\u00e1 \u2013 \u201eodpov\u011bd\u011bl\u201c \u00faderem na nevojensk\u00e9 c\u00edle.\u00a0Ukrajinci nad\u00e1le trvaj\u00ed na tom, \u017ee zatla\u010duj\u00ed rusk\u00e9 s\u00edly.\u00a0Jak hodnot\u00edte, co se stalo od na\u0161eho posledn\u00edho rozhovoru?\u00a0Samoz\u0159ejm\u011b nemus\u00edte souhlasit s mou verz\u00ed ud\u00e1lost\u00ed, proto\u017ee \u0159\u00edk\u00e1m to, co \u010derp\u00e1m z va\u0161ich materi\u00e1l\u016f, \u010dl\u00e1nk\u016f od na\u0161eho kolegy Scotta Rittera a na\u0161ich b\u00fdval\u00fdch p\u0159\u00e1tel z mainstreamov\u00fdch m\u00e9di\u00ed.<\/p>\n<p><strong>DOUGLAS MACGREGOR:\u00a0<\/strong><em>Spr\u00e1vn\u011b.\u00a0Kr\u00e1tce k situaci s mostem &#8211; byla to bomba um\u00edst\u011bn\u00e1 v n\u00e1kla\u010f\u00e1ku.\u00a0Existuje st\u00e1le v\u00edce d\u016fkaz\u016f, \u017ee je do toho zapojena\u00a0SAS\u00a0.<\/em><\/p>\n<p>Co je to?<\/p>\n<p><strong>DOUGLAS MACGREGOR:\u00a0<\/strong><em>Britsk\u00e9 speci\u00e1ln\u00ed jednotky<\/em>\u00a0(Special Air Service. &#8211;\u00a0<em>InfKur<\/em>)\u00a0<em>.\u00a0To jsou informace z otev\u0159en\u00fdch zdroj\u016f, nep\u0159ekvapuje m\u011b to.\u00a0Spole\u010dn\u00e9 s\u00edly jsou mnohem odv\u00e1\u017en\u011bj\u0161\u00ed speci\u00e1ln\u00ed jednotky ne\u017e na\u0161e.\u00a0Pravd\u011bpodobn\u011b se pod\u00edlej\u00ed na konstrukci t\u00e9to bomby, jej\u00edm p\u0159esunu p\u0159es \u00fazem\u00ed Arm\u00e9nie do Ruska a n\u00e1sledn\u011b p\u0159eprav\u011b na most.\u00a0Mimochodem, \u0161kody jsou minim\u00e1ln\u00ed.\u00a0\u017delezni\u010dn\u00ed provoz nebyl p\u0159eru\u0161en.\u00a0To je nesm\u00edrn\u011b d\u016fle\u017eit\u00e9, proto\u017ee logistika v Rusku je siln\u011b z\u00e1visl\u00e1 na \u017eeleznici.\u00a0K\u0159i\u017euj\u00ed rozs\u00e1hl\u00e1 \u00fazem\u00ed t\u00e9to zem\u011b, jsou pohodln\u011b polo\u017eeny, pohybuje se po nich hlavn\u011b zbo\u017e\u00ed a lid\u00e9.\u00a0Kdy\u017e u\u017e mluv\u00edme o<\/em>\u00a0(po\u0161kozen\u00e9. &#8211;\u00a0<em>InfKur<\/em>\u00a0)<em>rozp\u011bt\u00ed mostu &#8211; zachov\u00e1ny dva j\u00edzdn\u00ed pruhy vozovky, slou\u017e\u00ed pro pohyb n\u00e1kladn\u00edch a osobn\u00edch automobil\u016f.\u00a0Mysl\u00edm, \u017ee jako obvykle p\u0159\u00edli\u0161 zveli\u010dujeme d\u016fsledky tohoto<\/em>\u00a0(teroristick\u00e9ho \u00fatoku. &#8211;\u00a0<em>InfKur<\/em>\u00a0)\u00a0<em>.<\/em><\/p>\n<p>Britsk\u00e9 zpravodajsk\u00e9 slu\u017eby minuly?\u00a0Opravdu si mysleli, \u017ee tato bomba \u201eroztrhne\u201c most na dv\u011b \u010d\u00e1sti a znemo\u017en\u00ed pohyb po n\u011bm?<\/p>\n<p><strong>DOUGLAS MACGREGOR:\u00a0<\/strong><em>Kdo v\u00ed!\u00a0Nen\u00ed jasn\u00e9, jakou \u010d\u00e1st t\u00e9to operace na sebe vzali a jakou \u010d\u00e1st provedli Ukrajinci, kte\u0159\u00ed s nimi spolupracovali.\u00a0Jen m\u011b napadlo, \u017ee je docela zaj\u00edmav\u00e9, \u017ee v britsk\u00fdch zdroj\u00edch, otev\u0159en\u00fdch zdroj\u00edch, lid\u00e9 zmi\u0148uj\u00ed EIA.\u00a0Nediv\u00edm se\u00a0\u00a0\u2013\u00a0\u00a0tato slu\u017eba je opravdu velmi efektivn\u00ed.\u00a0Vid\u011bl jsem to v akci p\u0159ed 20, 30 lety, jsou dobr\u00e9.<\/em><\/p>\n<p>Funguj\u00ed pod vodou?\u00a0Mohli za\u00fato\u010dit na plynovod Nord Stream?<\/p>\n<p><strong>DOUGLAS MACGREGOR:\u00a0<\/strong><em>Nem\u00e1m pon\u011bt\u00ed, na tu ot\u00e1zku nedok\u00e1\u017eu odpov\u011bd\u011bt, prost\u011b nev\u00edm.\u00a0Kdybych m\u011bl fakta, \u0159ekl bych.\u00a0Nem\u00e1m v\u0161echna fakta o situaci na most\u011b, ale v\u00edm p\u0159esn\u011b, co se nestalo.\u00a0A v\u00edm, jak\u00e1 situace se r\u00fdsuje, na z\u00e1klad\u011b materi\u00e1l\u016f z otev\u0159en\u00fdch zdroj\u016f.<\/em><\/p>\n<p>Datum vys\u00edl\u00e1n\u00ed 12. \u0159\u00edjna 2022.<\/p>\n<p><span id=\"span-copy\"><img decoding=\"async\" loading=\"lazy\" class=\"alignnone size-full wp-image-1185\" src=\"http:\/\/www.infokuryr.cz\/n\/wp-content\/uploads\/2021\/04\/kuryr-podpis.png\" alt=\"\" width=\"84\" height=\"24\" \/><br \/>\n<\/span><\/div>\n<\/div>\n<div><\/div>\n<div><\/div>\n<div class=\"article-body\">\n<div><\/div>\n<\/div>\n","protected":false},"excerpt":{"rendered":"<p>Zvl\u00e1\u0161tn\u00ed leteck\u00e1 slu\u017eba britsk\u00fdch ozbrojen\u00fdch sil se podle v\u0161eho pod\u00edlela na sestavov\u00e1n\u00ed a p\u0159eprav\u011b bomby,&#8230;<\/p>\n","protected":false},"author":2,"featured_media":16724,"comment_status":"closed","ping_status":"closed","sticky":false,"template":"","format":"standard","meta":[],"categories":[7],"tags":[2184,3147,3128],"_links":{"self":[{"href":"https:\/\/www.infokuryr.cz\/n\/wp-json\/wp\/v2\/posts\/16723"}],"collection":[{"href":"https:\/\/www.infokuryr.cz\/n\/wp-json\/wp\/v2\/posts"}],"about":[{"href":"https:\/\/www.infokuryr.cz\/n\/wp-json\/wp\/v2\/types\/post"}],"author":[{"embeddable":true,"href":"https:\/\/www.infokuryr.cz\/n\/wp-json\/wp\/v2\/users\/2"}],"replies":[{"embeddable":true,"href":"https:\/\/www.infokuryr.cz\/n\/wp-json\/wp\/v2\/comments?post=16723"}],"version-history":[{"count":0,"href":"https:\/\/www.infokuryr.cz\/n\/wp-json\/wp\/v2\/posts\/16723\/revisions"}],"wp:featuredmedia":[{"embeddable":true,"href":"https:\/\/www.infokuryr.cz\/n\/wp-json\/wp\/v2\/media\/16724"}],"wp:attachment":[{"href":"https:\/\/www.infokuryr.cz\/n\/wp-json\/wp\/v2\/media?parent=16723"}],"wp:term":[{"taxonomy":"category","embeddable":true,"href":"https:\/\/www.infokuryr.cz\/n\/wp-json\/wp\/v2\/categories?post=16723"},{"taxonomy":"post_tag","embeddable":true,"href":"https:\/\/www.infokuryr.cz\/n\/wp-json\/wp\/v2\/tags?post=16723"}],"curies":[{"name":"wp","href":"https:\/\/api.w.org\/{rel}","templated":true}]}}