{"id":16694,"date":"2022-10-14T01:12:55","date_gmt":"2022-10-13T23:12:55","guid":{"rendered":"http:\/\/www.infokuryr.cz\/n\/?p=16694"},"modified":"2022-10-13T18:20:40","modified_gmt":"2022-10-13T16:20:40","slug":"ukrajinsky-ministr-zahranici-dmitrij-kuleba-stojime-za-vybuchy-na-krymu-a-v-belgorodu","status":"publish","type":"post","link":"https:\/\/www.infokuryr.cz\/n\/2022\/10\/14\/ukrajinsky-ministr-zahranici-dmitrij-kuleba-stojime-za-vybuchy-na-krymu-a-v-belgorodu\/","title":{"rendered":"Ukrajinsk\u00fd ministr zahrani\u010d\u00ed Dmitrij Kuleba: Stoj\u00edme za v\u00fdbuchy na Krymu a v B\u011blgorodu"},"content":{"rendered":"<div id=\"fb-root\"><\/div>\n<p><b>Ukrajinsk\u00fd ministr zahrani\u010d\u00ed Dmitrij Kuleba p\u0159iznal, \u017ee za v\u00fdbuchy na rusk\u00e9m Krymu a v B\u011blgorodsk\u00e9 oblasti stoj\u00ed Kyjev.\u00a0Prozradil to v \u017eertovn\u00e9m telefon\u00e1tu s rusk\u00fdmi vtip\u00e1lky Wowanem a Lexusem.<\/b><\/p>\n<p><span>Ru\u0161t\u00ed vtip\u00e1lci, p\u0159ezd\u00edvan\u00ed Vovan, ofici\u00e1ln\u011b Vladimir Kuzn\u011bcov, a Lexus, ofici\u00e1ln\u011b Alexej Stolyarov, \u017eertovali s ukrajinsk\u00fdm ministrem zahrani\u010d\u00ed. Vtip\u00e1lci mu zavolali a p\u0159edstavili se jako b\u00fdval\u00fd americk\u00fd velvyslanec v Rusku Michael McFaul. <\/span><a href=\"https:\/\/t.me\/Russiacalling\/567\" target=\"_blank\" rel=\"noopener noreferrer\"><span>Konverzace s Kulebou byla zve\u0159ejn\u011bna<\/span><\/a><span> na jej\u00edm kan\u00e1lu Telegram ve \u010dtvrtek, nen\u00ed v\u0161ak uvedeno datum konverzace.\u00a0Ukrajinsk\u00fd ministr zahrani\u010d\u00ed Dmitrij Kuleba b\u011bhem telefon\u00e1tu prozradil, \u017ee za sabot\u00e1\u017e\u00ed na rusk\u00e9m poloostrov\u011b Krym a v rusk\u00e9 oblasti B\u011blgorod stoj\u00ed Kyjev.\u00a0\u0158ekl doslovn\u011b:<\/span><\/p>\n<p><strong><em>&#8222;Krym nen\u00ed na\u0161\u00edm dal\u0161\u00edm opera\u010dn\u00edm c\u00edlem. Ale pokud se m\u011b zept\u00e1te, kdo bombarduje Krym nebo B\u011blgorod, \u0159eknu v\u00e1m soukrom\u011b, ano, my.&#8220;<\/em><\/strong><\/p>\n<p><span>Ukrajinsk\u00fd ministr zahrani\u010d\u00ed tak\u00e9 potvrdil, \u017ee Kyjev p\u0159ipravil protiofenzivu na jihu <strong>\u201ev \u00fazk\u00e9 spolupr\u00e1ci se sv\u00fdmi partnery, p\u0159edev\u0161\u00edm Spojen\u00fdmi st\u00e1ty a Spojen\u00fdm kr\u00e1lovstv\u00edm\u201c<\/strong>.\u00a0Kuleba tak\u00e9 informoval fale\u0161n\u00e9ho \u201eMichaela McFaula\u201c o ekonomick\u00e9 situaci na Ukrajin\u011b. Prost\u0159edky, kter\u00e9 u\u017e Spojen\u00e9 st\u00e1ty a Evropsk\u00e1 unie Ukrajin\u011b sl\u00edbily, podle n\u011bj vydr\u017e\u00ed jen do konce roku.\u00a0<a href=\"https:\/\/tass.ru\/mezhdunarodnaya-panorama\/16043601\" target=\"_blank\" rel=\"noopener noreferrer\">Cituje<\/a>\u00a0ho\u00a0rusk\u00e1 tiskov\u00e1\u00a0<\/span><em><span>agentura TASS :<\/span><\/em><\/p>\n<p><strong><em>&#8222;Do konce roku v\u00edcem\u00e9n\u011b vydr\u017e\u00edme. Budeme schopni udr\u017eet n\u00e1\u0161 finan\u010dn\u00ed rekord. Ale pot\u00e9 mus\u00edme vstoupit do programu MMF.&#8220;<\/em><\/strong><\/p>\n<p><span>Vzhledem k aktu\u00e1ln\u00ed bilanci pot\u0159ebuje Ukrajina asi 5 miliard USD m\u011bs\u00ed\u010dn\u011b.\u00a0Kuleba to shrnul:<\/span><\/p>\n<p><strong><em>&#8222;Ale ve skute\u010dnosti je v\u0161echno nestabiln\u00ed, tak\u017ee \u010d\u00edm d\u0159\u00edve v\u00e1lku ukon\u010d\u00edme, t\u00edm l\u00e9pe.&#8220;<\/em><\/strong><\/p>\n<p><span>Ministr se tak\u00e9 vyj\u00e1d\u0159il k evropsk\u00fdm sankc\u00edm v\u016f\u010di Rusku.\u00a0Evropan\u00e9 podle n\u011bj v sou\u010dasnosti trp\u00ed <strong>\u201e\u00fanavou ze sankc\u00ed\u201c<\/strong>.\u00a0Evropan\u00e9 mus\u00ed b\u00fdt nuceni p\u0159ijmout dal\u0161\u00ed opat\u0159en\u00ed, ale z\u00edskat ma\u010farskou podporu pro sankce je pro n\u011b st\u00e1le obt\u00ed\u017en\u011bj\u0161\u00ed.\u00a0Kuleba se nav\u00edc domn\u00edv\u00e1, \u017ee by m\u011bly b\u00fdt zavedeny sankce proti rusk\u00e9mu plynu, rop\u011b a jadern\u00e9 energii.\u00a0Ministr v\u0161ak tak\u00e9 p\u0159ipustil, \u017ee evrop\u0161t\u00ed l\u00edd\u0159i si ruskou por\u00e1\u017eku nedok\u00e1\u017eou p\u0159edstavit.<\/span><\/p>\n<p><span>Kuleba ozn\u00e1mil, \u017ee nav\u0161t\u00edv\u00ed Afriku a ud\u011bl\u00e1 v\u0161e pro to, aby Afrika byla na stran\u011b Ukrajiny a ne Ruska.\u00a0Uvedl tak\u00e9, \u017ee Spojen\u00e9 st\u00e1ty sice nejv\u00edce podporuj\u00ed Ukrajinu, ale st\u00e1le pot\u0159ebuj\u00ed Ukrajin\u011b dodat dal\u0161\u00ed zbran\u011b, jako jsou protiletadlov\u00e9 raketov\u00e9 syst\u00e9my Patriot, rakety dlouh\u00e9ho doletu a tak\u00e9 tanky Abrams.\u00a0Spojen\u00e9 st\u00e1ty by nav\u00edc podle jeho n\u00e1zoru m\u011bly v\u00edce podporovat ukrajinskou ekonomiku.<\/span><\/p>\n<p><span>Ru\u0161t\u00ed vtip\u00e1lci Vovan a Lexus p\u0159i mnoha p\u0159\u00edle\u017eitostech \u017eertovali se slavn\u00fdmi filma\u0159i, spisovateli a politiky. Ned\u00e1vno nap\u0159\u00edklad vystupovali jako b\u00fdval\u00fd americk\u00fd velvyslanec v Rusku Michael McFaul a hovo\u0159ili s b\u00fdvalou ukrajinskou ombudsmankou Ljudmilou Denisovou.\u00a0Prozradila jim, \u017ee p\u0159ipravila \u010detn\u00e9 pad\u011blky o rusk\u00fdch voj\u00e1c\u00edch, kter\u00e9 pak pomohli Ukrajin\u011b z\u00edskat zbran\u011b a pen\u00edze ze Z\u00e1padu.<\/span><\/p>\n<p><img decoding=\"async\" loading=\"lazy\" class=\"alignnone size-full wp-image-1185\" src=\"http:\/\/www.infokuryr.cz\/n\/wp-content\/uploads\/2021\/04\/kuryr-podpis.png\" alt=\"\" width=\"84\" height=\"24\" \/><\/p>\n<p>&nbsp;<\/p>\n","protected":false},"excerpt":{"rendered":"<p>Ukrajinsk\u00fd ministr zahrani\u010d\u00ed Dmitrij Kuleba p\u0159iznal, \u017ee za v\u00fdbuchy na rusk\u00e9m Krymu a v B\u011blgorodsk\u00e9&#8230;<\/p>\n","protected":false},"author":2,"featured_media":16695,"comment_status":"closed","ping_status":"closed","sticky":false,"template":"","format":"standard","meta":[],"categories":[7],"tags":[3147,458,2742,26,1863],"_links":{"self":[{"href":"https:\/\/www.infokuryr.cz\/n\/wp-json\/wp\/v2\/posts\/16694"}],"collection":[{"href":"https:\/\/www.infokuryr.cz\/n\/wp-json\/wp\/v2\/posts"}],"about":[{"href":"https:\/\/www.infokuryr.cz\/n\/wp-json\/wp\/v2\/types\/post"}],"author":[{"embeddable":true,"href":"https:\/\/www.infokuryr.cz\/n\/wp-json\/wp\/v2\/users\/2"}],"replies":[{"embeddable":true,"href":"https:\/\/www.infokuryr.cz\/n\/wp-json\/wp\/v2\/comments?post=16694"}],"version-history":[{"count":1,"href":"https:\/\/www.infokuryr.cz\/n\/wp-json\/wp\/v2\/posts\/16694\/revisions"}],"predecessor-version":[{"id":16696,"href":"https:\/\/www.infokuryr.cz\/n\/wp-json\/wp\/v2\/posts\/16694\/revisions\/16696"}],"wp:featuredmedia":[{"embeddable":true,"href":"https:\/\/www.infokuryr.cz\/n\/wp-json\/wp\/v2\/media\/16695"}],"wp:attachment":[{"href":"https:\/\/www.infokuryr.cz\/n\/wp-json\/wp\/v2\/media?parent=16694"}],"wp:term":[{"taxonomy":"category","embeddable":true,"href":"https:\/\/www.infokuryr.cz\/n\/wp-json\/wp\/v2\/categories?post=16694"},{"taxonomy":"post_tag","embeddable":true,"href":"https:\/\/www.infokuryr.cz\/n\/wp-json\/wp\/v2\/tags?post=16694"}],"curies":[{"name":"wp","href":"https:\/\/api.w.org\/{rel}","templated":true}]}}