{"id":16664,"date":"2022-10-14T00:59:27","date_gmt":"2022-10-13T22:59:27","guid":{"rendered":"http:\/\/www.infokuryr.cz\/n\/?p=16664"},"modified":"2022-10-13T16:04:00","modified_gmt":"2022-10-13T14:04:00","slug":"americka-media-americky-statni-dluh-poprve-presahl-31-bilionu-americkych-dolaru","status":"publish","type":"post","link":"https:\/\/www.infokuryr.cz\/n\/2022\/10\/14\/americka-media-americky-statni-dluh-poprve-presahl-31-bilionu-americkych-dolaru\/","title":{"rendered":"Americk\u00e1 m\u00e9dia: Americk\u00fd st\u00e1tn\u00ed dluh poprv\u00e9 p\u0159es\u00e1hl 31 bilion\u016f americk\u00fdch dolar\u016f"},"content":{"rendered":"<div id=\"fb-root\"><\/div>\n<p data-spm-anchor-id=\"C01140752918.PaZNIkA0prFD.0.i2\">Americk\u00fd web pro obchodn\u00ed zpravodajstv\u00ed Quartz 5. \u0159\u00edjna informoval, \u017ee nejnov\u011bj\u0161\u00ed \u00fadaje zve\u0159ejn\u011bn\u00e9 americk\u00fdm ministerstvem financ\u00ed uk\u00e1zaly, \u017ee celkov\u00fd st\u00e1tn\u00ed dluh Spojen\u00fdch st\u00e1t\u016f poprv\u00e9 v historii p\u0159es\u00e1hl 31 bilion\u016f dolar\u016f a p\u0159ibl\u00ed\u017eil se dluhov\u00e9 hranici ve v\u00fd\u0161i 31,4 bilionu americk\u00fdch dolar\u016f, kterou potvrdil americk\u00fd kongres.<\/p>\n<p>Podle zpr\u00e1vy za\u010dalo mnoho extr\u00e9mn\u00edch p\u016fj\u010dek, kdy\u017e se Spojen\u00e9 st\u00e1ty dostaly pod vliv epidemie COVID-19, a p\u0159esto\u017ee prezident Joseph Biden prohl\u00e1sil, \u017ee \u201eepidemie skon\u010dila\u201c, p\u016fj\u010dov\u00e1n\u00ed neskon\u010dilo. S rostouc\u00ed \u00farokovou sazbou budou n\u00e1klady na p\u016fj\u010dky st\u00e1le vy\u0161\u0161\u00ed a vy\u0161\u0161\u00ed.<\/p>\n<p data-spm-anchor-id=\"C01140752918.PaZNIkA0prFD.0.i1\">Nevl\u00e1dn\u00ed organizace bez p\u0159\u00edslu\u0161nosti k politick\u00e9 stran\u011b, kter\u00e1 usiluje o \u0161kolen\u00ed ob\u010dan\u016f v oblasti informac\u00ed o st\u00e1tn\u00edch finan\u010dn\u00edch politik\u00e1ch, uvedla, \u017ee nadm\u011brn\u00e9 zadlu\u017eov\u00e1n\u00ed vyvolalo p\u0159etrv\u00e1vaj\u00edc\u00ed tlak inflace. Do roku 2030 vytvo\u0159\u00ed americk\u00fd st\u00e1tn\u00ed dluh nov\u00fd historick\u00fd rekord a feder\u00e1ln\u00ed vl\u00e1da bude v p\u0159\u00ed\u0161t\u00edm desetilet\u00ed hradit trojn\u00e1sobn\u00e9 \u00faroky.<\/p>\n<p data-spm-anchor-id=\"C01140752918.PaZNIkA0prFD.0.i1\"><img decoding=\"async\" loading=\"lazy\" class=\"alignnone size-full wp-image-1185\" src=\"http:\/\/www.infokuryr.cz\/n\/wp-content\/uploads\/2021\/04\/kuryr-podpis.png\" alt=\"\" width=\"84\" height=\"24\" \/><\/p>\n<p data-spm-anchor-id=\"C01140752918.PaZNIkA0prFD.0.i1\">\n","protected":false},"excerpt":{"rendered":"<p>Americk\u00fd web pro obchodn\u00ed zpravodajstv\u00ed Quartz 5. \u0159\u00edjna informoval, \u017ee nejnov\u011bj\u0161\u00ed \u00fadaje zve\u0159ejn\u011bn\u00e9 americk\u00fdm ministerstvem&#8230;<\/p>\n","protected":false},"author":2,"featured_media":1892,"comment_status":"closed","ping_status":"closed","sticky":false,"template":"","format":"standard","meta":[],"categories":[7],"tags":[3568,604,683,37],"_links":{"self":[{"href":"https:\/\/www.infokuryr.cz\/n\/wp-json\/wp\/v2\/posts\/16664"}],"collection":[{"href":"https:\/\/www.infokuryr.cz\/n\/wp-json\/wp\/v2\/posts"}],"about":[{"href":"https:\/\/www.infokuryr.cz\/n\/wp-json\/wp\/v2\/types\/post"}],"author":[{"embeddable":true,"href":"https:\/\/www.infokuryr.cz\/n\/wp-json\/wp\/v2\/users\/2"}],"replies":[{"embeddable":true,"href":"https:\/\/www.infokuryr.cz\/n\/wp-json\/wp\/v2\/comments?post=16664"}],"version-history":[{"count":0,"href":"https:\/\/www.infokuryr.cz\/n\/wp-json\/wp\/v2\/posts\/16664\/revisions"}],"wp:featuredmedia":[{"embeddable":true,"href":"https:\/\/www.infokuryr.cz\/n\/wp-json\/wp\/v2\/media\/1892"}],"wp:attachment":[{"href":"https:\/\/www.infokuryr.cz\/n\/wp-json\/wp\/v2\/media?parent=16664"}],"wp:term":[{"taxonomy":"category","embeddable":true,"href":"https:\/\/www.infokuryr.cz\/n\/wp-json\/wp\/v2\/categories?post=16664"},{"taxonomy":"post_tag","embeddable":true,"href":"https:\/\/www.infokuryr.cz\/n\/wp-json\/wp\/v2\/tags?post=16664"}],"curies":[{"name":"wp","href":"https:\/\/api.w.org\/{rel}","templated":true}]}}