{"id":16619,"date":"2022-10-13T01:13:29","date_gmt":"2022-10-12T23:13:29","guid":{"rendered":"http:\/\/www.infokuryr.cz\/n\/?p=16619"},"modified":"2022-10-12T18:32:16","modified_gmt":"2022-10-12T16:32:16","slug":"za-zradu-na-ukrajine-byl-zatcen-metropolita-asketa-pravoslavi-v-sssr","status":"publish","type":"post","link":"https:\/\/www.infokuryr.cz\/n\/2022\/10\/13\/za-zradu-na-ukrajine-byl-zatcen-metropolita-asketa-pravoslavi-v-sssr\/","title":{"rendered":"Za \u201ezradu na Ukrajin\u011b\u201c byl zat\u010den metropolita \u2013 asketa pravoslav\u00ed v SSSR"},"content":{"rendered":"<div id=\"fb-root\"><\/div>\n<p class=\"lead\"><strong>V oblasti Vinnycja ukrajinsk\u00e1 tajn\u00e1 slu\u017eba SBU pron\u00e1sleduje pravoslavn\u00e9ho hodnost\u00e1\u0159e zn\u00e1m\u00e9ho mimo Ukrajinu, metropolitu Jonathana (Jeletsk\u00e9ho) z Tul\u010dinsk\u00e9ho. Pozd\u011b ve\u010der 11. \u0159\u00edjna agenti SBU vnikli do domu 73let\u00e9ho metropolity, spoutali ho, obr\u00e1tili d\u016fm vzh\u016fru nohama a hledali d\u016fkazy o \u201evelezrad\u011b\u201c.<\/strong><\/p>\n<p>V d\u016fsledku toho byl vladykovi Jonathanovi zabaven po\u010d\u00edta\u010d, mobiln\u00ed telefon a literatura v c\u00edrkevn\u00ed slovan\u0161tin\u011b a ru\u0161tin\u011b.\u00a0Jako d\u016fkaz \u201e\u00a0<strong>vysok\u00e9ho<\/strong> zr\u00e1dce\u201c biskupa . <strong>Hlavn\u00edm zabaven\u00fdm d\u016fkazem proti Vladykovi jsou d\u016fkazy, kter\u00e9 shroma\u017e\u010fuje od roku 2014 o brut\u00e1ln\u00edm pron\u00e1sledov\u00e1n\u00ed kyjevsk\u00e9ho re\u017eimu proti kanonick\u00e9mu pravoslav\u00ed na Ukrajin\u011b<\/strong>.<\/p>\n<p>Od roku 2014 metropolita Jonathan\u00a0<em>\u201eospravedl\u0148oval ozbrojenou agresi Rusk\u00e9 federace na Donbasu, podn\u011bcoval mezin\u00e1bo\u017eenskou nen\u00e1vist na Ukrajin\u011b,\u201c<\/em>\u00a0uvedlo v prohl\u00e1\u0161en\u00ed \u0159editelstv\u00ed SBU pro oblast Vinnyc.\u00a0<em>\u201eDokonce i po rusk\u00e9 invazi na Ukrajinu duchovn\u00ed pokra\u010doval v podpo\u0159e politiky Kremlu,\u201c<\/em>\u00a0\u00a0hl\u00e1s\u00ed ukrajinsk\u00e1 tajn\u00e1 policie.<\/p>\n<p>Narychlo proveden\u00e9 \u201evy\u0161et\u0159en\u00ed\u201c odhalilo \u00fadajn\u00e9\u00a0 \u201eaktivity nep\u0159\u00e1telsk\u00e9 Ukrajin\u011b\u201c metropolity. Hodnost\u00e1\u0159 byl obvin\u011bn z extremismu podle \u010dl\u00e1nku 161 ukrajinsk\u00e9ho trestn\u00edho z\u00e1kon\u00edku. Metropolitovi hroz\u00ed a\u017e osm let v\u011bzen\u00ed. <strong>P\u0159ipravuje se \u201ed\u016fkazn\u00ed z\u00e1kladna\u201c k obvin\u011bn\u00ed metropolity z \u201evelezrady\u201c, podle tohoto \u010dl\u00e1nku je trest odn\u011bt\u00ed svobody a\u017e na patn\u00e1ct let. S p\u0159ihl\u00e9dnut\u00edm k v\u00e1le\u010dn\u00fdm z\u00e1kon\u016fm platn\u00fdm na Ukrajin\u011b nesm\u00ed b\u00fdt metropolita propu\u0161t\u011bn ze sklepen\u00ed SBU \u017eiv\u00fd.<\/strong><\/p>\n<p>Biskup Jonathan je zn\u00e1m\u00fd autor c\u00edrkevn\u00ed hudby mimo Ukrajinu, p\u0159ekladatel liturgick\u00fdch text\u016f, teolog a st\u00e1l\u00fd \u010dlen Posv\u00e1tn\u00e9ho synodu Rusk\u00e9 pravoslavn\u00e9 c\u00edrkve. Zat\u010den\u00ed SBU na z\u00e1klad\u011b z\u00e1m\u011brn\u011b fale\u0161n\u00e9ho obvin\u011bn\u00ed nen\u00ed zdaleka prvn\u00ed politickou repres\u00ed v \u017eivot\u011b c\u00edrkevn\u00edho hodnost\u00e1\u0159e. Na konci SSSR exarcha Ukrajiny <strong>Filaret<\/strong>\u00a0(\u00a0<strong>Denisenko<\/strong> ) neodpustil biskupovi Jonathanovi, spr\u00e1vci z\u00e1le\u017eitost\u00ed ukrajinsk\u00e9ho exarch\u00e1tu, jeho nespokojenost s Filaretovou c\u00edrkevn\u00ed politikou.\u00a0Kdy\u017e Filaret p\u0159esv\u011bd\u010dil sv\u00e9 pomlouva\u010de, shrom\u00e1\u017edil proti Jonathanovi fale\u0161n\u00e9 d\u016fkazy, obvinil hierarchu ze \u201eschizmatu\u201c a vylou\u010dil ho z biskupsk\u00e9 hodnosti.\u00a0Filaretovy akce proti Jonathanovi byly automaticky anulov\u00e1ny, kdy\u017e v roce 1992 ukrajin\u0161t\u00ed hierarchov\u00e9 sesadili Filareta z funkce hlavy ukrajinsk\u00e9 pravoslavn\u00e9 c\u00edrkve.<\/p>\n<p>Jako mnich, u\u010dil na Leningradsk\u00e9 teologick\u00e9 akademii, Jonathan (Jeletskikh) byl sledov\u00e1n KGB SSSR jako podez\u0159el\u00fd z protisov\u011btsk\u00e9 \u010dinnosti. Budouc\u00ed metropolita \u010detl a distribuoval na teologick\u00e9 akademii Souostrov\u00ed Gulag <strong>Alexandra Sol\u017eenicyna<\/strong> . Pro knihu Gulag cht\u011bli Jonathana uv\u011bznit&#8230; v roce 1986, kdy u\u017e <strong>Michail Gorba\u010dov<\/strong> vyhl\u00e1sil kurz perestrojky, demokracie a glasnosti, a do vyd\u00e1n\u00ed Gulagu zb\u00fdvalo dva a p\u016fl roku v \u010dasopise Svaz spisovatel\u016f SSSR Nov\u00fd Mir. V t\u00e9 dob\u011b Jonathan nebyl ji\u017e odsouzen k trestu v\u011bzen\u00ed. Bylo mu ale zak\u00e1z\u00e1no slou\u017eit a pracovat v Leningradsk\u00e9 oblasti a byl vyhozen z Leningradsk\u00e9 teologick\u00e9 akademie. Budouc\u00ed biskup odjel do Kyjeva, aby se postaral o svou star\u0161\u00ed nemocnou matku.<\/p>\n<p>V roce 1987 jmenoval Filaret (Denisenko) Jonathana duchovn\u00edm Vladimirsk\u00e9 katedr\u00e1ly v Kyjev\u011b a o rok pozd\u011bji se stal vik\u00e1\u0159em Kyjevsko-pe\u010dersk\u00e9 l\u00e1vry, kter\u00e1 byla pr\u00e1v\u011b vr\u00e1cena v\u011b\u0159\u00edc\u00edm. V roce 1989 Denisenko poctil Jonathana biskupskou hodnost\u00ed. Filaret v t\u011bch letech st\u00e1le prokazoval svou loajalitu ke KSSS a sov\u011btsk\u00e9mu lidu, d\u00edval se do o\u010d\u00ed sv\u00e9ho okol\u00ed jako apar\u00e1t\u010d\u00edk n\u00e1bo\u017eensk\u00e9 nomenklaturn\u00ed strany a na Ukrajin\u011b krut\u011b pron\u00e1sledoval jak\u00e9koli n\u00e1znaky ukrajinsk\u00e9ho nacionalismu. Pam\u00e1tn\u00e1 jsou Filaretova prohl\u00e1\u0161en\u00ed z t\u011bch let, \u017ee \u201eukrajinsk\u00fd jazyk a ukrajinsk\u00e1 kultura neexistuj\u00ed\u201c. Filaret &#8211; pak v\u011bd\u011bl, \u017ee Patriarcha Moskvy\u00a0 a sou\u010dasn\u00e1 hlava rusk\u00e9 pravoslavn\u00e9 c\u00edrkve patriarcha <strong>Pimen<\/strong>\u00a0(\u00a0<strong>Izvekov<\/strong>) je nevyl\u00e9\u010diteln\u011b nemocn\u00fd.\u00a0Filaret se cht\u011bl po Pimenov\u011b smrti st\u00e1t patriarchou.\u00a0Filaret si byl zcela jist\u00fd sv\u00fdm zvolen\u00edm patriarchou v Biskupsk\u00e9 rad\u011b Rusk\u00e9 pravoslavn\u00e9 c\u00edrkve.\u00a0Budouc\u00ed \u201eprvn\u00ed hierarcha\u201c rozkolu se p\u0159\u00e1telil s prvn\u00edm tajemn\u00edkem \u00dast\u0159edn\u00edho v\u00fdboru Komunistick\u00e9 strany Ukrajiny\u00a0<strong>Volodymyrem Shcherbitskym<\/strong>\u00a0, byl \u010dlenem p\u0159edsedy prezidia Nejvy\u0161\u0161\u00edho sov\u011btu SSSR\u00a0<strong>Anatolijem Lukyanovem<\/strong>\u00a0, pracoval pro mnoh\u00e9 let jako tajn\u00fd agent s \u00fast\u0159edn\u00edm apar\u00e1tem KGB SSSR.\u00a0Filaret\u016fv odchod do schizmatu a ukrajinsk\u00e9ho nacismu je z velk\u00e9 \u010d\u00e1sti d\u016fsledkem toho, \u017ee m\u00edsto Filareta byl v roce 1990 moskevsk\u00fdm patriarchou zvolen metropolita\u00a0<strong>Alexij<\/strong>\u00a0(\u00a0<strong>Ridiger<\/strong> ) z Leningradu jako <strong>Alexij II<\/strong>\u00a0.\u00a0Filaretova sov\u011btsko-stranick\u00e1 konexe z hlediska jeho patriarch\u00e1tu na konci perestrojky u\u017e nemohla Filaretovi nijak pomoci.<\/p>\n<p>Jonathan (Eletskikh) poznal pravou \u2013 lstivou a po moci prahnouc\u00ed \u2013 tv\u00e1\u0159 Filaretu a\u017e po Denisenkov\u011b ne\u00fasp\u011bchu ve volb\u011b moskevsk\u00e9ho patriarchy. Formace Jonathana jako kn\u011bze se neuskute\u010dnila na Ukrajin\u011b, ale v Leningradu, kde byl budouc\u00ed metropolita studentem v semin\u00e1\u0159i, pot\u00e9 na teologick\u00e9 akademii. Budouc\u00ed biskup se narodil v roce 1949 u Voron\u011b\u017ee, pot\u00e9 ode\u0161el s rodi\u010di do Murmansk\u00e9 oblasti, kam byl posl\u00e1n slou\u017eit jeho otec coby d\u016fstojn\u00edk. Jeletsk\u00e9ho prvn\u00ed sezn\u00e1men\u00ed s Ukrajinou prob\u011bhlo, kdy\u017e byl jeho otec p\u0159elo\u017een do Kyjeva. V roce 1961 p\u0159ijal budouc\u00ed hierarcha jako 12let\u00fd \u0161kol\u00e1k tajn\u00fd pravoslavn\u00fd k\u0159est v Kyjev\u011b od slavn\u00e9ho kyjevsk\u00e9ho arcikn\u011bze <strong>Alexeje Glagoleva .<\/strong>&#8211; v\u011bze\u0148 Gulagu b\u011bhem \u201ebezbo\u017en\u00fdch p\u011btiletek\u201c, zachr\u00e1nce ukrajinsk\u00fdch \u017did\u016f b\u011bhem holocaustu, hrdina Velk\u00e9 vlasteneck\u00e9 v\u00e1lky. V roce 1966 Jeletsky absolvoval st\u0159edn\u00ed \u0161kolu a ode\u0161el slou\u017eit do sov\u011btsk\u00e9 arm\u00e1dy. Po arm\u00e1d\u011b se budouc\u00ed asketa ukrajinsk\u00e9ho pravoslav\u00ed na dlouhou dobu spojil s Leningradem. V Leningradu slou\u017eil zpov\u011bdn\u00edk Jeletsk\u00fdch, metropolita <strong>Nikodim<\/strong>\u00a0(\u00a0<strong>Rotov<\/strong> ), \u200b\u200bduchovn\u00ed otec sou\u010dasn\u00e9ho moskevsk\u00e9ho patriarchy Kirilla. Vladyka Nikodim p\u0159ijal\u00a0 studenta Leningradsk\u00e9 teologick\u00e9 akademie do mni\u0161sk\u00e9ho stavu. Biskup <strong>Kirill<\/strong>\u00a0z Vyborgu (\u00a0<strong>Gundyaev<\/strong> ) vysv\u011btil Jonathana v roce 1978 na kn\u011bze.<\/p>\n<p>Krom\u011b teologie Jonathan (Jeletsky) v\u00e1\u017en\u011b studoval hudbu v Leningradu, studoval zp\u011bv v Leningradsk\u00e9 akademick\u00e9 kapli Glinka. V kulturn\u00edch kruz\u00edch severn\u00edho hlavn\u00edho m\u011bsta komunikoval mlad\u00fd kn\u011bz a mnich s disidentsk\u00fdmi um\u011blci. Od t\u00e9 doby budouc\u00ed metropolita tvo\u0159il nejost\u0159ej\u0161\u00ed odm\u00edtnut\u00ed vm\u011b\u0161ov\u00e1n\u00ed st\u00e1tn\u00edho represivn\u00edho apar\u00e1tu do duchovn\u00edho \u017eivota \u010dlov\u011bka. V mnohem hor\u0161\u00ed podob\u011b, ne\u017e tomu bylo v SSSR, to te\u010f Jonathan vid\u00ed na Ukrajin\u011b, nehodl\u00e1 se s t\u00edm sm\u00ed\u0159it. V SSSR bylo autorit\u00e1\u0159stv\u00ed komunistick\u00e9 strany, na Ukrajin\u011b je to nyn\u00ed skute\u010dn\u00fd st\u00e1tn\u00ed nacismus. Vladyka od sov\u011btsk\u00e9ho d\u011btstv\u00ed nen\u00e1vid\u00ed nacisty, jeho otec i matka byli veter\u00e1ny Velk\u00e9 vlasteneck\u00e9 v\u00e1lky.<\/p>\n<p><strong>Represe kyjevsk\u00e9ho re\u017eimu proti metropolitovi Jonathanovi , c\u00edrkevn\u00edho hodnost\u00e1\u0159i p\u0159ekro\u010dili ji\u017e ve\u0161ker\u00e9 hranice a dokazuj\u00ed, jak se tento re\u017eim stav\u00ed k duchovn\u00edm a ke sv\u00e9mu lidu! Bude zaj\u00edmav\u00e9 sledovat, co na to op\u011bt \u0159eknou evrop\u0161t\u00ed politici! Samoz\u0159ejm\u011b budou ml\u010det a to nejen oni, ale i v\u0161echna jejich dezinforma\u010dn\u00ed m\u00e9dia!<\/strong><\/p>\n<p><img decoding=\"async\" loading=\"lazy\" class=\"alignnone size-full wp-image-1185\" src=\"http:\/\/www.infokuryr.cz\/n\/wp-content\/uploads\/2021\/04\/kuryr-podpis.png\" alt=\"\" width=\"84\" height=\"24\" \/><\/p>\n<p>&nbsp;<\/p>\n","protected":false},"excerpt":{"rendered":"<p>V oblasti Vinnycja ukrajinsk\u00e1 tajn\u00e1 slu\u017eba SBU pron\u00e1sleduje pravoslavn\u00e9ho hodnost\u00e1\u0159e zn\u00e1m\u00e9ho mimo Ukrajinu, metropolitu Jonathana&#8230;<\/p>\n","protected":false},"author":2,"featured_media":16620,"comment_status":"closed","ping_status":"closed","sticky":false,"template":"","format":"standard","meta":[],"categories":[7],"tags":[3557,3559,250,2014,36,26,3558],"_links":{"self":[{"href":"https:\/\/www.infokuryr.cz\/n\/wp-json\/wp\/v2\/posts\/16619"}],"collection":[{"href":"https:\/\/www.infokuryr.cz\/n\/wp-json\/wp\/v2\/posts"}],"about":[{"href":"https:\/\/www.infokuryr.cz\/n\/wp-json\/wp\/v2\/types\/post"}],"author":[{"embeddable":true,"href":"https:\/\/www.infokuryr.cz\/n\/wp-json\/wp\/v2\/users\/2"}],"replies":[{"embeddable":true,"href":"https:\/\/www.infokuryr.cz\/n\/wp-json\/wp\/v2\/comments?post=16619"}],"version-history":[{"count":0,"href":"https:\/\/www.infokuryr.cz\/n\/wp-json\/wp\/v2\/posts\/16619\/revisions"}],"wp:featuredmedia":[{"embeddable":true,"href":"https:\/\/www.infokuryr.cz\/n\/wp-json\/wp\/v2\/media\/16620"}],"wp:attachment":[{"href":"https:\/\/www.infokuryr.cz\/n\/wp-json\/wp\/v2\/media?parent=16619"}],"wp:term":[{"taxonomy":"category","embeddable":true,"href":"https:\/\/www.infokuryr.cz\/n\/wp-json\/wp\/v2\/categories?post=16619"},{"taxonomy":"post_tag","embeddable":true,"href":"https:\/\/www.infokuryr.cz\/n\/wp-json\/wp\/v2\/tags?post=16619"}],"curies":[{"name":"wp","href":"https:\/\/api.w.org\/{rel}","templated":true}]}}