{"id":16570,"date":"2022-10-12T04:49:58","date_gmt":"2022-10-12T02:49:58","guid":{"rendered":"http:\/\/www.infokuryr.cz\/n\/?p=16570"},"modified":"2022-10-12T04:49:58","modified_gmt":"2022-10-12T02:49:58","slug":"ze-solidarity-k-zenam-v-iranu-ktere-protestuji-proti-povinnemu-zahalovani-noste-muslimske-satky-vyzyva-rakousky-prezident-van-bellen","status":"publish","type":"post","link":"https:\/\/www.infokuryr.cz\/n\/2022\/10\/12\/ze-solidarity-k-zenam-v-iranu-ktere-protestuji-proti-povinnemu-zahalovani-noste-muslimske-satky-vyzyva-rakousky-prezident-van-bellen\/","title":{"rendered":"\u201eZe solidarity k \u017een\u00e1m v Ir\u00e1nu, kter\u00e9 protestuj\u00ed proti povinn\u00e9mu zahalov\u00e1n\u00ed, noste muslimsk\u00e9 \u0161\u00e1tky\u201c, vyz\u00fdv\u00e1 rakousk\u00fd prezident van Bellen"},"content":{"rendered":"<div id=\"fb-root\"><\/div>\n<h2 class=\"entry-title\">Z\u00e1padn\u00ed \u201eelity\u201c se zcela odtrhly od sv\u00fdch zem\u00ed<\/h2>\n<p><strong>V Ir\u00e1nu prob\u00edhaj\u00ed protesty \u017een proti tam\u011bj\u0161\u00edmu isl\u00e1msk\u00e9mu re\u017eimu, kter\u00fd mimo jin\u00e9 zavedl druho\u0159ad\u00e9 postaven\u00ed \u017een ve spole\u010dnosti. \u017deny v Ir\u00e1nu se mus\u00ed povinn\u011b zahalovat, nesm\u00ed sami chodit na ve\u0159ejnost a vztahuj\u00ed se na n\u011b i dal\u0161\u00ed omezen\u00ed podle isl\u00e1msk\u00e9ho pr\u00e1va.<\/strong>\u00a0Protesty vyvolaly vlnu solidarity po cel\u00e9m sv\u011bt\u011b a to i\u00a0<strong>mezi liber\u00e1ln\u011b demokratick\u00fdmi politiky, kter\u00e9 norm\u00e1ln\u011b \u00fatlak \u017een nap\u0159\u00edklad v saudsk\u00e9 Ar\u00e1bii, Kataru, \u010di Kuvajtu nevzru\u0161uje. Jen n\u011bkte\u0159\u00ed z nich si ob\u010das popletou \u00fakoly, kter\u00e9 mus\u00ed plnit pro glob\u00e1ln\u00ed finan\u010dn\u00ed oligarchii<\/strong>, kter\u00e1 je dosadila k moci a umo\u017enila jim pohodln\u00fd parazituj\u00edc\u00ed \u017eivot.\u00a0<strong>Jedn\u00edm z t\u011bch \u00fakol\u016f je islamizace Evropy.<\/strong><\/p>\n<p><strong>Rakousk\u00fd prezident van Bellen pojal podporu pro ir\u00e1nsk\u00e9 \u017eeny \u201evelmi origin\u00e1ln\u011b\u201c. Vyzval Raku\u0161anky, aby na\u00a0<a href=\"https:\/\/www.unzensuriert.at\/content\/156558-im-islamischen-staat-wird-gegen-das-kopftuch-protestiert-bei-billa-plus-arbeiten-frauen-mit-kopftuch\/\">podporu \u017een v Ir\u00e1nu za\u010daly nosit muslimsk\u00e9 \u0161\u00e1tky<\/a>! \u017deny v Ir\u00e1nu sice protestuj\u00ed pr\u00e1v\u011b proti povinn\u00e9mu no\u0161en\u00ed muslimsk\u00fdch \u0161\u00e1tk\u016f a liber\u00e1ln\u011b demokratick\u00fd prezident vyzve naopak k jejich no\u0161en\u00ed?!\u00a0<\/strong>Je to biz\u00e1r? Pro van Bellena patrn\u011b nikoliv!\u00a0<strong>On pln\u00ed zadan\u00e9 \u00fakoly a tak zabil dv\u011b mouchy jednou ranou. Jeho hlavn\u00edm \u00fakolem je p\u0159ece islamizace Rakouska a k tomu on p\u0159isp\u00edv\u00e1 ze v\u0161ech sil.<\/strong><\/p>\n<p>Rakousk\u00fd prezident van Bellen byl p\u0159ed p\u00e1r dny op\u011bt zvolen prezidentem zem\u011b,\u00a0<strong>sice p\u0159ed 4 roky vyhr\u00e1l pomoc\u00ed masivn\u00edch volebn\u00edch podvod\u016f a volit se muselo 3kr\u00e1t!, ale tentokr\u00e1t ho pr\u00fd voli\u010di zvolili rovnou v prvn\u00edm kole. V liber\u00e1ln\u00edch demokraci\u00edch je mo\u017en\u00e9 \u00fapln\u011b v\u0161echno!<\/strong><\/p>\n<p><a href=\"https:\/\/ceskavec.com\/2022\/10\/ze-solidarity-k-zenam-v-iranu-ktere-protestuji-proti-povinnemu-zahalovani-noste-muslimske-satky-vyzyva-rakousky-prezident-van-bellen-islamizace-rakouska-postupuje-dal\">\u010cesk\u00e1 v\u011bc<\/a><\/p>\n<p>&nbsp;<\/p>\n","protected":false},"excerpt":{"rendered":"<p>Z\u00e1padn\u00ed \u201eelity\u201c se zcela odtrhly od sv\u00fdch zem\u00ed V Ir\u00e1nu prob\u00edhaj\u00ed protesty \u017een proti tam\u011bj\u0161\u00edmu&#8230;<\/p>\n","protected":false},"author":2,"featured_media":16571,"comment_status":"closed","ping_status":"closed","sticky":false,"template":"","format":"standard","meta":[],"categories":[7],"tags":[38,91,44,120,2518],"_links":{"self":[{"href":"https:\/\/www.infokuryr.cz\/n\/wp-json\/wp\/v2\/posts\/16570"}],"collection":[{"href":"https:\/\/www.infokuryr.cz\/n\/wp-json\/wp\/v2\/posts"}],"about":[{"href":"https:\/\/www.infokuryr.cz\/n\/wp-json\/wp\/v2\/types\/post"}],"author":[{"embeddable":true,"href":"https:\/\/www.infokuryr.cz\/n\/wp-json\/wp\/v2\/users\/2"}],"replies":[{"embeddable":true,"href":"https:\/\/www.infokuryr.cz\/n\/wp-json\/wp\/v2\/comments?post=16570"}],"version-history":[{"count":0,"href":"https:\/\/www.infokuryr.cz\/n\/wp-json\/wp\/v2\/posts\/16570\/revisions"}],"wp:featuredmedia":[{"embeddable":true,"href":"https:\/\/www.infokuryr.cz\/n\/wp-json\/wp\/v2\/media\/16571"}],"wp:attachment":[{"href":"https:\/\/www.infokuryr.cz\/n\/wp-json\/wp\/v2\/media?parent=16570"}],"wp:term":[{"taxonomy":"category","embeddable":true,"href":"https:\/\/www.infokuryr.cz\/n\/wp-json\/wp\/v2\/categories?post=16570"},{"taxonomy":"post_tag","embeddable":true,"href":"https:\/\/www.infokuryr.cz\/n\/wp-json\/wp\/v2\/tags?post=16570"}],"curies":[{"name":"wp","href":"https:\/\/api.w.org\/{rel}","templated":true}]}}