{"id":16553,"date":"2022-10-12T00:59:52","date_gmt":"2022-10-11T22:59:52","guid":{"rendered":"http:\/\/www.infokuryr.cz\/n\/?p=16553"},"modified":"2022-10-11T15:24:20","modified_gmt":"2022-10-11T13:24:20","slug":"peter-haisenko-kyjev-prilis-intenzivne-prosil-o-zniceni","status":"publish","type":"post","link":"https:\/\/www.infokuryr.cz\/n\/2022\/10\/12\/peter-haisenko-kyjev-prilis-intenzivne-prosil-o-zniceni\/","title":{"rendered":"Peter Haisenko: Kyjev p\u0159\u00edli\u0161 intenzivn\u011b prosil o zni\u010den\u00ed"},"content":{"rendered":"<div id=\"fb-root\"><\/div>\n<p class=\"bodytext\"><span>Nikdo nem\u016f\u017ee tvrdit, \u017ee nev\u00ed, jak\u00e9 by byly d\u016fsledky, kdyby Kyjev za\u00fato\u010dil na rusk\u00e9 \u00fazem\u00ed.\u00a0Putin nenechal na pochyb\u00e1ch, \u017ee jakmile bude tato \u010derven\u00e1 \u010d\u00e1ra p\u0159ekro\u010dena, budou n\u00e1sledovat siln\u00e9 reakce.\u00a0Po \u00fatoku na Ker\u010dsk\u00fd most nyn\u00ed nastal \u010das.\u00a0Chyb\u00ed pouze ofici\u00e1ln\u00ed vyhl\u00e1\u0161en\u00ed v\u00e1lky.<\/span><\/p>\n<p class=\"bodytext\"><span>Kyjev u\u017e osm let beztrestn\u011b vra\u017ed\u00ed rusk\u00e9 obyvatele v\u00fdchodn\u00ed Ukrajiny.\u00a0Nem\u011blo by tedy b\u00fdt p\u0159ekvapen\u00edm, \u017ee tamn\u00ed referenda skon\u010dila ve prosp\u011bch p\u0159ipojen\u00ed k Rusku s drtivou v\u011bt\u0161inou.\u00a0\u010cty\u0159i spr\u00e1vn\u00ed oblasti jsou nyn\u00ed \u010dleny Rusk\u00e9 federace, tak\u017ee jak\u00fdkoli \u00fatok Kyjeva na tyto oblasti je p\u0159\u00edm\u00fdm \u00fatokem na Rusko.\u00a0Krym je osm let sou\u010d\u00e1st\u00ed Ruska.\u00a0Lid\u00e9 se tam nyn\u00ed maj\u00ed dob\u0159e, a\u010dkoli Kyjev ud\u011blal v\u0161e, aby tomu zabr\u00e1nil.\u00a0Byla zni\u010dena d\u016fle\u017eit\u00e1 p\u0159ehrada a zastavena dod\u00e1vka vody.\u00a0Rusko to ji\u017e napravilo svou speci\u00e1ln\u00ed operac\u00ed.\u00a0Ale a\u017e dosud byla tato speci\u00e1ln\u00ed operace ve sv\u00fdch c\u00edlech \u00fazce omezena, co\u017e bylo chv\u00e1leno nejen v samotn\u00e9m Rusku.\u00a0Ale Moskva, Putin osobn\u011b, na tom zat\u00edm trval\u00a0zp\u016fsobit co nejmen\u0161\u00ed \u00fajmu ukrajinsk\u00fdm civilist\u016fm.\u00a0Tomu je ode dne\u0161ka konec.<\/span><\/p>\n<p class=\"bodytext\"><span>Putin \u0159ekl, \u017ee Rusko svou operaci je\u0161t\u011b neza\u010dalo.\u00a0R\u00e1no 10. \u0159\u00edjna dalo p\u0159edstavu, co t\u00edm myslel.\u00a0Oblast Kyjeva a cel\u00e1 z\u00e1padn\u00ed Ukrajina nebyly v posledn\u00edch m\u011bs\u00edc\u00edch napadeny.\u00a0Nyn\u00ed v\u0161ak mnoho rusk\u00fdch raket na\u0161lo sv\u00e9 c\u00edle i v t\u011bchto oblastech.\u00a0Z\u00e1kladn\u00ed infrastruktura byla zni\u010dena a byly hl\u00e1\u0161eny z\u00e1sahy na velitelsk\u00e1 centra arm\u00e1dy a ukrajinsk\u00e9 tajn\u00e9 slu\u017eby SBU nebo velmi bl\u00edzko nich.\u00a0V\u00fdsledkem byly rozs\u00e1hl\u00e9 v\u00fdpadky proudu a t\u00edm p\u00e1dem i v\u00fdpadky internetu.\u00a0Varov\u00e1n\u00ed Kyjeva p\u0159ed n\u00e1lety bylo poprv\u00e9 opr\u00e1vn\u011bn\u00e9.\u00a0Stejn\u011b jako Kyjev sv\u00fdm terorem na v\u00fdchod\u011b vystavuje lidi neust\u00e1l\u00e9mu stresu, nyn\u00ed zasahuje p\u0159\u00edmo Kyjev.\u00a0Po m\u011bs\u00edc\u00edch, kdy cht\u011bl Kyjev neust\u00e1l\u00fdm ost\u0159elov\u00e1n\u00edm zni\u010dit jadern\u00fd komplex v Z\u00e1poro\u017e\u00ed,<\/span><\/p>\n<p class=\"bodytext\"><span style=\"font-size: 18pt;\"><strong>M\u011bl v \u00fatoku na Ker\u010dsk\u00fd most prsty Z\u00e1pad?<\/strong><\/span><\/p>\n<p class=\"bodytext\"><span>Sv\u00fdm \u00fatokem na Ker\u010dsk\u00fd most cht\u011bl Kyjev p\u0159eru\u0161it dod\u00e1vky na Krym.\u00a0Nejen vojensk\u00e9 z\u00e1soby.\u00a0Stejn\u011b jako byl p\u0159eru\u0161en p\u0159\u00edvod vody.\u00a0Kolektivn\u00ed Z\u00e1pad se samoz\u0159ejm\u011b sna\u017eil z tohoto \u00fatoku obvinit i Rusko, a\u010dkoli reakce z Kyjeva byly jednozna\u010dn\u00e9.\u00a0Rusko v\u0161ak pe\u010dliv\u011b vysledovalo cel\u00fd dodavatelsk\u00fd \u0159et\u011bzec v\u00fdbu\u0161nin pro v\u00fdbuch a vede a\u017e do Bulharska, kde byly v\u00fdbu\u0161niny um\u00edst\u011bny do n\u00e1kladu.\u00a0To znamen\u00e1, \u017ee \u201eZ\u00e1pad\u201c byl p\u0159inejmen\u0161\u00edm zapojen do tohoto \u00fatoku.\u00a0Jak\u00e9 to v\u0161ak bude m\u00edt d\u016fsledky, je zat\u00edm zcela otev\u0159en\u00e9.\u00a0Zat\u00edm to poc\u00edtil pouze Kyjev.\u00a0Ale co kdy\u017e Rusko v reakci na to p\u0159eru\u0161\u00ed ve\u0161ker\u00e9 dod\u00e1vky energie na Z\u00e1pad?\u00a0Dobrou, tmu, noc N\u011bmecko!<\/span><\/p>\n<p class=\"bodytext\"><span>Putin m\u00e1 s Kyjevem trp\u011blivost u\u017e mnoho let.\u00a0Varoval, \u017ee to skon\u010d\u00ed.\u00a0Nikdo ho nebral v\u00e1\u017en\u011b.\u00a0To byla chyba, proto\u017ee jsem p\u0159esv\u011bd\u010den, \u017ee Putin a jeho t\u00fdm jsou te\u010f opravdu nevrl\u00ed a u\u017e se ke sv\u00e9mu opatrn\u00e9mu p\u0159\u00edstupu nevr\u00e1t\u00ed.\u00a0Jak spr\u00e1vn\u011b \u0159ekl Putin, nez\u00e1le\u017e\u00ed na tom, co ud\u011bl\u00e1 Moskva, proto\u017ee Z\u00e1pad ani nebude uva\u017eovat o ukon\u010den\u00ed sank\u010dn\u00edho re\u017eimu proti Rusku.\u00a0Mus\u00edte si p\u0159ipomenout, \u017ee n\u011bmeck\u00fd ministr zahrani\u010d\u00ed nebyl jedin\u00fd, kdo otev\u0159en\u011b formuloval c\u00edl zni\u010dit ruskou ekonomiku, aby mohl v Moskv\u011b dosadit novou vl\u00e1du.\u00a0Co je to jin\u00e9ho ne\u017e trochu z\u00e1hadn\u00e9 vyhl\u00e1\u0161en\u00ed v\u00e1lky?<\/span><\/p>\n<p class=\"bodytext\"><span style=\"font-size: 18pt;\"><strong>Je to st\u00e1le omezen\u00e1 akce<\/strong><\/span><\/p>\n<p class=\"bodytext\"><span>V sou\u010dasn\u00e9 dob\u011b je sou\u010dasn\u00e9 rusk\u00e9 ost\u0159elov\u00e1n\u00ed Kyjeva op\u011bt omezenou akc\u00ed.\u00a0Kreml ozn\u00e1mil, \u017ee v\u0161ech c\u00edl\u016f bylo dosa\u017eeno.\u00a0Nota bene: na civilisty se nest\u0159\u00edlelo, pouze na infrastrukturn\u00ed spole\u010dnosti.\u00a0Civiln\u00ed ob\u011bti nebyly t\u00e9m\u011b\u0159 \u017e\u00e1dn\u00e9.\u00a0Je to tedy posledn\u00ed varovn\u00fd v\u00fdst\u0159el a lze jen doufat, \u017ee to Kyjev kone\u010dn\u011b vezme v\u00e1\u017en\u011b.\u00a0\u017de Kyjev si uv\u011bdomuje, \u017ee ho Z\u00e1pad nem\u016f\u017ee ochr\u00e1nit.\u00a0Ani z NATO, proto\u017ee Kyjev nen\u00ed \u010dlenem t\u00e9to teroristick\u00e9 organizace.\u00a0Moskva tedy p\u0159ijala taktiku pou\u017e\u00edvanou Z\u00e1padem proti Rusku a nyn\u00ed ji pou\u017e\u00edv\u00e1 proti Kyjevu.\u00a0Ov\u0161em s t\u00edm rozd\u00edlem, \u017ee postup Moskvy je \u00fa\u010dinn\u00fd.\u00a0\u00dadery na ukrajinskou infrastrukturu z\u00e1padn\u00ed Ukrajince skute\u010dn\u011b bol\u00ed.\u00a0V\u00fdsledkem budou v\u00fdpadky proudu a studen\u00e9 byty.\u00a0To by zase mohlo v\u00e9st k tomu, \u017ee se z\u00e1padn\u00ed Ukrajinci obr\u00e1t\u00ed proti gambler\u016fm v Kyjev\u011b a svrhnou zlo\u010dince kolem Zelensk\u00e9ho.\u00a0Co jin\u00e9ho m\u016f\u017eete d\u011blat bez elekt\u0159iny, ne\u017e vyj\u00edt do ulic a protestovat?\u00a0Pozor, to plat\u00ed i pro N\u011bmecko.<\/span><\/p>\n<p class=\"bodytext\"><span>Skute\u010dnost, \u017ee plyn je\u0161t\u011b nebyl uzav\u0159en, ukazuje, \u017ee Moskva je\u0161t\u011b nevy\u0161la s \u00fadery, kter\u00e9 byly zasazeny.\u00a0Nelze v\u0161ak zapom\u00ednat, \u017ee p\u0159i v\u011bt\u0161\u00edm v\u00fdpadku elekt\u0159iny p\u0159estane fungovat i plyn a voda.\u00a0R\u00e1dio, televize, internet, (i naftov\u00e9) topen\u00ed&#8230; Ach ano, bez elekt\u0159iny nefunguj\u00ed ani \u010derpac\u00ed stanice.\u00a0Ahoj N\u011bmecko, nezapome\u0148 na to!\u00a0P\u00e1nov\u00e9 v Kremlu maj\u00ed navrch.\u00a0Maj\u00ed pod kontrolou \u017eivotn\u011b d\u016fle\u017eit\u00e9 komodity, bez kter\u00fdch se Z\u00e1pad neobejde.\u00a0Nepom\u00e1haj\u00ed ani peti\u010dn\u00ed pr\u016fvody do Ar\u00e1bie, proto\u017ee Sa\u00fadov\u00e9 omezuj\u00ed produkci ropy.\u00a0U\u017e d\u00e1vno v\u011bd\u00ed, na koho se mohou spolehnout&#8230; a na koho ne.\u00a0Kdo je chce m\u00edt pod kontrolou a kdo to nepl\u00e1nuje.\u00a0Nezapome\u0148me: USA, Z\u00e1pad,<\/span><\/p>\n<p class=\"bodytext\"><span style=\"font-size: 18pt;\"><strong>Jak dlouho bude ministerstvo v\u00e1lky v Kyjev\u011b?<\/strong><\/span><\/p>\n<p class=\"bodytext\"><span>V\u0161e se zm\u011bnilo s \u00fasp\u011b\u0161n\u00fdmi referendy na v\u00fdchodn\u00ed Ukrajin\u011b.\u00a0Rusko nyn\u00ed br\u00e1n\u00ed \u010d\u00e1sti Rusk\u00e9 federace a \u017eivoty tamn\u00edch obyvatel.\u00a0Rusk\u00e9 ozbrojen\u00e9 s\u00edly a lidov\u00e9 republiky Don\u011bck a Lugansk jsou nyn\u00ed pod spole\u010dn\u00fdm velen\u00edm a budou moci jednat je\u0161t\u011b efektivn\u011bji.\u00a0Stejn\u011b jako zbran\u011b a z\u00e1soby lze nyn\u00ed tak\u00e9 dod\u00e1vat.\u00a0Faktem je, \u017ee vystudovan\u00fd pr\u00e1vn\u00edk Putina dost na\u0161tval, proto\u017ee se v\u017edy sna\u017e\u00ed d\u011blat v\u0161e spr\u00e1vn\u011b podle mezin\u00e1rodn\u00edho pr\u00e1va.\u00a0To mu zak\u00e1zalo d\u0159\u00edv\u011bj\u0161\u00ed z\u00e1sah a dod\u00e1vky zbran\u00ed.\u00a0Te\u010f je to jin\u00e9 a ukrajinsk\u00e9 ozbrojen\u00e9 s\u00edly to poc\u00edt\u00ed.\u00a0Co bylo dosud patrn\u00e9, je\u00a0\u017ee v p\u0159edchoz\u00ed speci\u00e1ln\u00ed operaci nebyly vid\u011bt \u017e\u00e1dn\u00e9 p\u0159\u00edklady nejnov\u011bj\u0161\u00ed rusk\u00e9 vojensk\u00e9 techniky.\u00a0\u017d\u00e1dn\u00e9 \u201etanky Armata\u201c a \u017e\u00e1dn\u00e9 nadzvukov\u00e9 bombard\u00e9ry dlouh\u00e9ho doletu.\u00a0I to se nyn\u00ed zm\u011bn\u00ed.<\/span><\/p>\n<p class=\"bodytext\"><span>Moskva poskytla mal\u00fd pohled na to, co dok\u00e1\u017ee.\u00a0Na druhou stranu NATO u\u017e sv\u016fj pr\u00e1\u0161ek odp\u00e1lilo.\u00a0Experti na Z\u00e1pad\u011b varuj\u00ed, \u017ee pokud budou dod\u00e1vky do Kyjeva pokra\u010dovat v tomto rozsahu, dojde k odzbrojen\u00ed.\u00a0Na sou\u010dasn\u00e9 situaci je zaj\u00edmav\u00e9, \u017ee se situace obr\u00e1tila.\u00a0Dosud v\u017edy platilo, \u017ee USA svou neru\u0161enou produkc\u00ed dok\u00e1zaly v\u00e1l\u010d\u00edc\u00edm stran\u00e1m dod\u00e1vat t\u00e9m\u011b\u0159 neomezen\u00e9 mno\u017estv\u00ed zbran\u00ed a materi\u00e1lu, to u\u017e neplat\u00ed.<\/span><\/p>\n<p class=\"bodytext\"><span style=\"font-size: 18pt;\"><strong>Moskva p\u0159ijala opat\u0159en\u00ed<\/strong><\/span><\/p>\n<p class=\"bodytext\"><span>V\u0161eobecn\u00e1 v\u00fdroba byla zastavena a ani USA v sou\u010dasnosti nejsou schopny vyr\u00e1b\u011bt tak rychle, jak Kyjev po\u017eaduje.\u00a0V Rusku jinak.\u00a0Nejpozd\u011bji s p\u0159evratem na Majdanu bylo Kremlu jasn\u00e9, \u017ee Z\u00e1pad chce v\u00e1lku proti Rusku, a\u017e do posledn\u00edho Ukrajince.\u00a0Moskva relativn\u011b nepozorovan\u011b buduje sv\u016fj v\u00fdvoj a v\u00fdrobu zbran\u00ed a buduje obrovsk\u00e9 rezervy nejm\u00e9n\u011b osm let.\u00a0Sou\u010dasn\u00e1 v\u00fdroba tak\u00e9 b\u011b\u017e\u00ed na nezvykle vysok\u00e9 \u00farovni, se kterou Z\u00e1pad aktu\u00e1ln\u011b nem\u016f\u017ee dr\u017eet krok.\u00a0Ne\u017e se to znovu rozb\u011bhne, uplynou roky.\u00a0Tot\u00e9\u017e plat\u00ed pro hloup\u00e9 sliby obej\u00edt se bez rusk\u00e9 energie.\u00a0I kdyby to bylo dosa\u017eiteln\u00e9, dokon\u010den\u00ed p\u0159echodu by trvalo n\u011bkolik let.\u00a0Do t\u00e9 doby: Dobrou noc N\u011bmecko.<\/span><\/p>\n<p class=\"bodytext\"><span>Jak to bude pokra\u010dovat se zbytkem Ukrajiny nyn\u00ed z\u00e1vis\u00ed na tom, jak se zachov\u00e1 Kyjev.\u00a0Bude i nad\u00e1le otrocky poslouchat rozkazy z Washingtonu a Lond\u00fdna a podporovat \u00faplnou demolici struktur toho, co zbylo, nebo se vr\u00e1t\u00ed k rozumn\u00e9mu chov\u00e1n\u00ed?\u00a0Chov\u00e1n\u00ed, kter\u00e9 slou\u017e\u00ed m\u00edru, bez ohledu na to, co NATO chce.\u00a0T\u00edm skon\u010d\u00ed zab\u00edjen\u00ed, kter\u00e9 Kyjev nemilosrdn\u011b prov\u00e1d\u011bl osm let a st\u00e1le v tom pokra\u010duje, neust\u00e1l\u00fdm ost\u0159elov\u00e1n\u00edm Don\u011bcka a dal\u0161\u00edch civiln\u00edch za\u0159\u00edzen\u00ed na v\u00fdchod\u011b.<\/span><\/p>\n<p class=\"bodytext\"><span style=\"font-size: 18pt;\"><strong>Doposud jde st\u00e1le o omezen\u00fd provoz<\/strong><\/span><\/p>\n<p class=\"bodytext\"><span>Rusko zat\u00edm nevyhl\u00e1silo v\u00e1lku Ukrajin\u011b, Kyjevu.\u00a0Jako pevn\u00e9 varov\u00e1n\u00ed provedla omezenou odvetu.\u00a0Pokud to srovn\u00e1te s t\u00edm, co si Izrael dovoluje v\u016f\u010di Palestinc\u016fm a nen\u00ed za to obvi\u0148ov\u00e1n, nem\u011bla by b\u00fdt vznesena \u017e\u00e1dn\u00e1 obvin\u011bn\u00ed proti Rusku.\u00a0Ale jedna v\u011bc by nyn\u00ed m\u011bla b\u00fdt jasn\u00e1 i Zelensk\u00e9mu.\u00a0Pokud bude pokra\u010dovat ve sv\u00e9 \u0161\u00edlen\u00e9 politice v\u016f\u010di Rusku, brzy se ocitne v temn\u00e9 studen\u00e9 d\u00ed\u0159e.\u00a0Bez elekt\u0159iny a topen\u00ed, ale s rozdrcen\u00fdm v\u00e1le\u010dn\u00fdm odd\u011blen\u00edm.\u00a0Jeho sv\u011b\u0159enci budou ve stejn\u00e9m stavu jako on a je p\u0159edv\u00eddateln\u00e9, jak dlouho ho budou cht\u00edt sledovat.\u00a0Vojensk\u00e1 infrastruktura tak\u00e9 spol\u00e9h\u00e1 na elekt\u0159inu a gener\u00e1lov\u00e9 to v\u011bd\u00ed.\u00a0Jak dlouho je\u0161t\u011b budou sn\u00e1\u0161et nesmysln\u00e9 vra\u017ed\u011bn\u00ed sv\u00fdch chlapc\u016f?\u00a0Uspo\u0159\u00e1daj\u00ed pu\u010d proti Zelensk\u00e9mu, pokud Rusko vyhl\u00e1s\u00ed v\u00e1lku a \u0159ekne, \u017ee \u00fapln\u011b odpoj\u00ed elekt\u0159inu?\u00a0V\u011bd\u00ed, \u017ee Rusko to m\u016f\u017ee ud\u011blat a oni s t\u00edm nemohou nic d\u011blat.<\/span><\/p>\n<p class=\"bodytext\"><span>Putin od za\u010d\u00e1tku \u0159\u00edkal, \u017ee nechce ubli\u017eovat ukrajinsk\u00fdm ob\u010dan\u016fm.\u00a0Toho se rusk\u00e1 arm\u00e1da v r\u00e1mci mo\u017enost\u00ed dr\u017eela, i kdy\u017e to znamenalo vy\u0161\u0161\u00ed vlastn\u00ed ztr\u00e1ty.\u00a0Sv\u00fdm nelidsk\u00fdm chov\u00e1n\u00edm a nyn\u00ed bombov\u00fdm \u00fatokem na most p\u0159es Ker\u010d, Kyjev dostate\u010dn\u011b intenzivn\u011b prosil, aby se dozv\u011bd\u011bl n\u011bco m\u00e1lo o rusk\u00fdch vojensk\u00fdch schopnostech.\u00a0Jak se nyn\u00ed uk\u00e1zalo, Rusko m\u016f\u017ee b\u011bhem n\u011bkolika hodin deelektrifikovat celou Ukrajinu a t\u00edm ji zcela odstavit.\u00a0To ostatn\u011b plat\u00ed i pro celou Evropu.<\/span><\/p>\n<p class=\"bodytext\"><span>Pou\u010den\u00ed z dne\u0161n\u00edch rusk\u00fdch \u00fatok\u016f by m\u011blo zn\u00edt: nezahr\u00e1vej si s velk\u00fdm medv\u011bdem, kdy\u017e jsi s\u00e1m kr\u00e1l\u00edk, jeho\u017e pel\u00ed\u0161ek je tepl\u00fd a osv\u011btlen\u00fd, jen kdy\u017e to medv\u011bd chce.\u00a0A \u010das uk\u00e1\u017ee, jak\u00fd to bude m\u00edt efekt, pokud nyn\u00ed obyvatel\u00e9 Kyjeva sami poc\u00edt\u00ed, jak\u00e9 to je b\u00fdt pod palbou.\u00a0Stejn\u011b jako museli obyvatel\u00e9 v Don\u011bcku a jinde na v\u00fdchod\u011b sn\u00e1\u0161et posledn\u00edch osm let.\u00a0Snad nejtvrd\u0161\u00ed nacionalist\u00e9 a fa\u0161ist\u00e9 na z\u00e1padn\u00ed Ukrajin\u011b si nyn\u00ed uv\u011bdom\u00ed, jak zavr\u017een\u00edhodn\u00ed byli v\u016f\u010di sv\u00fdm bratr\u016fm na v\u00fdchod\u011b, a dostanou rozum.\u00a0Ale to je asi jen hezk\u00fd sen, proto\u017ee jejich nen\u00e1vist ke v\u0161emu rusk\u00e9mu byla p\u011bstov\u00e1na a praktikov\u00e1na p\u0159\u00edli\u0161 dlouho.\u00a0NATO toho vyu\u017eilo a pos\u00edlilo.\u00a0P\u0159esto douf\u00e1m\u00a0\u017ee sou\u010dasnou demonstrac\u00ed moci ze strany Ruska lze ukon\u010dit um\u00edr\u00e1n\u00ed na Ukrajin\u011b.\u00a0Jak \u0159ekl Putin: My jsme v\u00e1lku neza\u010dali, ale te\u010f ji ukon\u010d\u00edme.\u00a0V\u00e1lka, kterou Kyjev p\u0159ed osmi lety zah\u00e1jil s podporou Z\u00e1padu a vedl ji barbarsky.<\/span><\/p>\n<p><strong>Peter Haisenko<\/strong><\/p>\n<p>&nbsp;<\/p>\n","protected":false},"excerpt":{"rendered":"<p>Nikdo nem\u016f\u017ee tvrdit, \u017ee nev\u00ed, jak\u00e9 by byly d\u016fsledky, kdyby Kyjev za\u00fato\u010dil na rusk\u00e9 \u00fazem\u00ed.\u00a0Putin&#8230;<\/p>\n","protected":false},"author":2,"featured_media":13739,"comment_status":"closed","ping_status":"closed","sticky":false,"template":"","format":"standard","meta":[],"categories":[7],"tags":[29,3147,22,26,365],"_links":{"self":[{"href":"https:\/\/www.infokuryr.cz\/n\/wp-json\/wp\/v2\/posts\/16553"}],"collection":[{"href":"https:\/\/www.infokuryr.cz\/n\/wp-json\/wp\/v2\/posts"}],"about":[{"href":"https:\/\/www.infokuryr.cz\/n\/wp-json\/wp\/v2\/types\/post"}],"author":[{"embeddable":true,"href":"https:\/\/www.infokuryr.cz\/n\/wp-json\/wp\/v2\/users\/2"}],"replies":[{"embeddable":true,"href":"https:\/\/www.infokuryr.cz\/n\/wp-json\/wp\/v2\/comments?post=16553"}],"version-history":[{"count":0,"href":"https:\/\/www.infokuryr.cz\/n\/wp-json\/wp\/v2\/posts\/16553\/revisions"}],"wp:featuredmedia":[{"embeddable":true,"href":"https:\/\/www.infokuryr.cz\/n\/wp-json\/wp\/v2\/media\/13739"}],"wp:attachment":[{"href":"https:\/\/www.infokuryr.cz\/n\/wp-json\/wp\/v2\/media?parent=16553"}],"wp:term":[{"taxonomy":"category","embeddable":true,"href":"https:\/\/www.infokuryr.cz\/n\/wp-json\/wp\/v2\/categories?post=16553"},{"taxonomy":"post_tag","embeddable":true,"href":"https:\/\/www.infokuryr.cz\/n\/wp-json\/wp\/v2\/tags?post=16553"}],"curies":[{"name":"wp","href":"https:\/\/api.w.org\/{rel}","templated":true}]}}