{"id":1651,"date":"2021-05-14T04:55:30","date_gmt":"2021-05-14T02:55:30","guid":{"rendered":"http:\/\/www.infokuryr.cz\/n\/?p=1651"},"modified":"2021-05-14T04:55:30","modified_gmt":"2021-05-14T02:55:30","slug":"intifada-v-evrope-imigranti-utoci-na-synagogy","status":"publish","type":"post","link":"https:\/\/www.infokuryr.cz\/n\/2021\/05\/14\/intifada-v-evrope-imigranti-utoci-na-synagogy\/","title":{"rendered":"Intif\u00e1da v Evrop\u011b: Imigranti \u00fato\u010d\u00ed na synagogy"},"content":{"rendered":"<div id=\"fb-root\"><\/div>\n<p>S rozpout\u00e1n\u00edm izraelsko-palestinsk\u00e9ho konfliktu se jeho n\u00e1boj p\u0159en\u00e1\u0161\u00ed i do evropsk\u00fdch metropol\u00ed a m\u011bst &#8211; tedy t\u011bch proimigrovan\u00fdch. Imigranti se na protest proti izraelsk\u00e9 obran\u011b srocuj\u00ed a bou\u0159\u00ed, p\u00e1l\u00ed izraelsk\u00e9 vlajky, p\u0159edm\u011btem jejich \u00fatoku jsou zejm\u00e9na synagogy.<\/p>\n<p>Policie je mus\u00ed pacifikovat. N\u011bmeck\u00fd ministr zahrani\u010d\u00ed Heiko Mass ji\u017e vyhl\u00e1sil nulovou toleranci proti imigrantsk\u00fdm \u00fatok\u016fm na \u017eidovsk\u00e9 objekty v N\u011bmecku. Stejn\u011b tak francouzsk\u00fd ministr vnitra G\u00e9rald Darmanin dnes zak\u00e1zal palestinsk\u00e9 manifestace a p\u0159ik\u00e1zal prefektur\u00e1m a jejich kontrarozv\u011bdk\u00e1m\u00a0sledovat d\u011bn\u00ed a zamezit &#8222;vyb\u0159e\u017een\u00ed&#8220;, zejm\u00e9na v sobotn\u00ed ve\u010der.<\/p>\n<p>Na politic\u00edch v Bruselu protestuj\u00edc\u00ed imigranti po\u017eaduj\u00ed odsouzen\u00ed &#8222;izraelsk\u00e9ho apartheidu proti palestinsk\u00e9mu lidu&#8220;. Na stranu Ham\u00e1su proti Izraeli se postavila i samotn\u00e1 klimatick\u00e1 aktivistka Greta.<\/p>\n<p><a href=\"https:\/\/www.welt.de\/politik\/deutschland\/article231108267\/Gelsenkirchen-Polizei-stoppt-antisemitische-Demonstration-vor-Synagoge.html\">ZDROJ<\/a><\/p>\n<p>&nbsp;<\/p>\n","protected":false},"excerpt":{"rendered":"<p>S rozpout\u00e1n\u00edm izraelsko-palestinsk\u00e9ho konfliktu se jeho n\u00e1boj p\u0159en\u00e1\u0161\u00ed i do evropsk\u00fdch metropol\u00ed a m\u011bst &#8211;&#8230;<\/p>\n","protected":false},"author":2,"featured_media":1652,"comment_status":"closed","ping_status":"closed","sticky":false,"template":"","format":"standard","meta":[],"categories":[7],"tags":[41,119,351,107,313],"_links":{"self":[{"href":"https:\/\/www.infokuryr.cz\/n\/wp-json\/wp\/v2\/posts\/1651"}],"collection":[{"href":"https:\/\/www.infokuryr.cz\/n\/wp-json\/wp\/v2\/posts"}],"about":[{"href":"https:\/\/www.infokuryr.cz\/n\/wp-json\/wp\/v2\/types\/post"}],"author":[{"embeddable":true,"href":"https:\/\/www.infokuryr.cz\/n\/wp-json\/wp\/v2\/users\/2"}],"replies":[{"embeddable":true,"href":"https:\/\/www.infokuryr.cz\/n\/wp-json\/wp\/v2\/comments?post=1651"}],"version-history":[{"count":0,"href":"https:\/\/www.infokuryr.cz\/n\/wp-json\/wp\/v2\/posts\/1651\/revisions"}],"wp:featuredmedia":[{"embeddable":true,"href":"https:\/\/www.infokuryr.cz\/n\/wp-json\/wp\/v2\/media\/1652"}],"wp:attachment":[{"href":"https:\/\/www.infokuryr.cz\/n\/wp-json\/wp\/v2\/media?parent=1651"}],"wp:term":[{"taxonomy":"category","embeddable":true,"href":"https:\/\/www.infokuryr.cz\/n\/wp-json\/wp\/v2\/categories?post=1651"},{"taxonomy":"post_tag","embeddable":true,"href":"https:\/\/www.infokuryr.cz\/n\/wp-json\/wp\/v2\/tags?post=1651"}],"curies":[{"name":"wp","href":"https:\/\/api.w.org\/{rel}","templated":true}]}}