{"id":16479,"date":"2022-10-11T01:03:02","date_gmt":"2022-10-10T23:03:02","guid":{"rendered":"http:\/\/www.infokuryr.cz\/n\/?p=16479"},"modified":"2022-10-10T17:14:12","modified_gmt":"2022-10-10T15:14:12","slug":"john-bolton-vyzyva-k-zavrazdeni-putina-a-zmene-rezimu","status":"publish","type":"post","link":"https:\/\/www.infokuryr.cz\/n\/2022\/10\/11\/john-bolton-vyzyva-k-zavrazdeni-putina-a-zmene-rezimu\/","title":{"rendered":"John Bolton vyz\u00fdv\u00e1 k zavra\u017ed\u011bn\u00ed Putina a zm\u011bn\u011b re\u017eimu"},"content":{"rendered":"<div id=\"fb-root\"><\/div>\n<div class=\"elementor-element elementor-element-1fb4c2c elementor-widget elementor-widget-theme-post-content\" data-id=\"1fb4c2c\" data-element_type=\"widget\" data-widget_type=\"theme-post-content.default\">\n<div class=\"elementor-widget-container\">\n<p>B\u00fdval\u00fd poradce B\u00edl\u00e9ho domu pro n\u00e1rodn\u00ed bezpe\u010dnost John Bolton na s\u00edt\u00edch vyz\u00fdv\u00e1 k zavra\u017ed\u011bn\u00ed rusk\u00e9ho prezidenta Vladimira Putina.\u00a0\u201eMysl\u00edm, \u017ee bychom m\u011bli d\u00e1t ve\u0159ejn\u011b najevo, \u017ee nejen Putin, ale cel\u00e9 rusk\u00e9 veden\u00ed&#8230; pokud Putin povol\u00ed pou\u017eit\u00ed jadern\u00e9 zbran\u011b, podep\u00ed\u0161e svou vlastn\u00ed sebevra\u017eednou pozn\u00e1mku,\u201c uvedl zn\u00e1m\u00fd neokonzervativn\u00ed jest\u0159\u00e1b ve vystoupen\u00ed na CBS v p\u00e1tek.<\/p>\n<p>Bolton popsal, \u017ee Putin vel\u00ed a \u0159\u00edd\u00ed v\u0161echny rusk\u00e9 ozbrojen\u00e9 s\u00edly \u2013 v\u010detn\u011b jadern\u00fdch \u2013 a vysv\u011btlil, co by podle n\u011bj m\u011blo b\u00fdt ofici\u00e1ln\u00ed politikou USA: \u201eJe to legitimn\u00ed vojensk\u00fd c\u00edl&#8230; pot\u0159ebuje v\u011bd\u011bt, \u017ee je, n\u00e1\u0161 c\u00edlov\u00fd seznam v tomto bod\u011b.\u201c Bolton v podstat\u011b vyzval USA, aby zavra\u017edily rusk\u00e9ho v\u016fdce, pokud se naskytne p\u0159\u00edle\u017eitost.<\/p>\n<div class=\"twitter-tweet twitter-tweet-rendered\"><iframe id=\"twitter-widget-0\" class=\"\" title=\"Twitter tweet\" src=\"https:\/\/platform.twitter.com\/embed\/Tweet.html?creatorScreenName=uncutnewsCH&amp;dnt=false&amp;embedId=twitter-widget-0&amp;features=eyJ0ZndfdGltZWxpbmVfbGlzdCI6eyJidWNrZXQiOlsibGlua3RyLmVlIiwidHIuZWUiLCJ0ZXJyYS5jb20uYnIiLCJ3d3cubGlua3RyLmVlIiwid3d3LnRyLmVlIiwid3d3LnRlcnJhLmNvbS5iciJdLCJ2ZXJzaW9uIjpudWxsfSwidGZ3X2hvcml6b25fdGltZWxpbmVfMTIwMzQiOnsiYnVja2V0IjoidHJlYXRtZW50IiwidmVyc2lvbiI6bnVsbH0sInRmd190d2VldF9lZGl0X2JhY2tlbmQiOnsiYnVja2V0Ijoib24iLCJ2ZXJzaW9uIjpudWxsfSwidGZ3X3JlZnNyY19zZXNzaW9uIjp7ImJ1Y2tldCI6Im9uIiwidmVyc2lvbiI6bnVsbH0sInRmd19jaGluX3BpbGxzXzE0NzQxIjp7ImJ1Y2tldCI6ImNvbG9yX2ljb25zIiwidmVyc2lvbiI6bnVsbH0sInRmd190d2VldF9yZXN1bHRfbWlncmF0aW9uXzEzOTc5Ijp7ImJ1Y2tldCI6InR3ZWV0X3Jlc3VsdCIsInZlcnNpb24iOm51bGx9LCJ0Zndfc2Vuc2l0aXZlX21lZGlhX2ludGVyc3RpdGlhbF8xMzk2MyI6eyJidWNrZXQiOiJpbnRlcnN0aXRpYWwiLCJ2ZXJzaW9uIjpudWxsfSwidGZ3X2V4cGVyaW1lbnRzX2Nvb2tpZV9leHBpcmF0aW9uIjp7ImJ1Y2tldCI6MTIwOTYwMCwidmVyc2lvbiI6bnVsbH0sInRmd19kdXBsaWNhdGVfc2NyaWJlc190b19zZXR0aW5ncyI6eyJidWNrZXQiOiJvbiIsInZlcnNpb24iOm51bGx9LCJ0ZndfdmlkZW9faGxzX2R5bmFtaWNfbWFuaWZlc3RzXzE1MDgyIjp7ImJ1Y2tldCI6InRydWVfYml0cmF0ZSIsInZlcnNpb24iOm51bGx9LCJ0ZndfdHdlZXRfZWRpdF9mcm9udGVuZCI6eyJidWNrZXQiOiJvbiIsInZlcnNpb24iOm51bGx9fQ%3D%3D&amp;frame=false&amp;hideCard=false&amp;hideThread=false&amp;id=1578601485432418304&amp;lang=de&amp;origin=https%3A%2F%2Funcutnews.ch%2Fjohn-bolton-ruft-zu-putins-ermordung-und-regimewechsel-auf%2F&amp;sessionId=1a02aaf1f906227389a32d85cc82b1350107b497&amp;theme=light&amp;widgetsVersion=1c23387b1f70c%3A1664388199485&amp;width=550px\" frameborder=\"0\" scrolling=\"no\" allowfullscreen=\"allowfullscreen\" data-tweet-id=\"1578601485432418304\" data-mce-fragment=\"1\"><\/iframe><\/div>\n<p>Bolton se pot\u00e9 vyj\u00e1d\u0159il k n\u00e1zoru, kter\u00fd o p\u00e1r dn\u00ed d\u0159\u00edve publikoval v online vojensk\u00e9m \u010dasopise 1945, kter\u00fd pojedn\u00e1val o zm\u011bn\u011b re\u017eimu v Rusku.<\/p>\n<p>\u201eBez zm\u011bny re\u017eimu v Rusku nen\u00ed v Evrop\u011b dlouhodob\u00e1 vyhl\u00eddka na m\u00edr a bezpe\u010dnost.\u00a0Rusov\u00e9 u\u017e o tom diskutuj\u00ed, potichu, z pochopiteln\u00fdch d\u016fvod\u016f.\u00a0Pokud se Spojen\u00e9 st\u00e1ty a ostatn\u00ed budou chovat, jako by tento probl\u00e9m neexistoval, zp\u016fsob\u00ed to mnohem v\u00edce \u0161kody ne\u017e u\u017eitku,\u201c uvedl Bolton ve sv\u00e9m stanovisku.<\/p>\n<p>\u201eAbychom zabr\u00e1nili tomu, aby se v\u00e1lka vlekla donekone\u010dna, mus\u00edme zm\u011bnit dne\u0161n\u00ed kalkul.\u00a0Odpov\u011bd\u00ed m\u016f\u017ee b\u00fdt obez\u0159etn\u00e1 podpora rusk\u00fdch disident\u016f usiluj\u00edc\u00edch o zm\u011bnu re\u017eimu, \u0159ekl Bolton.\u00a0&#8222;Rusko je samoz\u0159ejm\u011b jadern\u00e1 velmoc, ale to nen\u00ed o nic v\u00edc argumentem proti zm\u011bn\u011b re\u017eimu, jako je to proti podpo\u0159e ukrajinsk\u00e9 sebeobrany.&#8220;<\/p>\n<p>Bolton obhajoval p\u0159evrat ve stylu barevn\u00e9 revoluce nebo snahy o rozvr\u00e1cen\u00ed vl\u00e1dy zevnit\u0159 a napsal:<\/p>\n<p><em>Proveden\u00ed zm\u011bny re\u017eimu je bezpochyby nejobt\u00ed\u017en\u011bj\u0161\u00edm probl\u00e9mem, ale nevy\u017eaduje ciz\u00ed s\u00edly.\u00a0Kl\u00ed\u010dov\u00e9 je, \u017ee sami Rusov\u00e9 prohlubuj\u00ed rozd\u011blen\u00ed mezi skute\u010dn\u011b odpov\u011bdn\u00e9, siloviky, \u201emu\u017ee moci\u201c.\u00a0Stejn\u011b jako ve v\u0161ech autorit\u00e1\u0159sk\u00fdch re\u017eimech ji\u017e existuj\u00ed neshody a nep\u0159\u00e1telstv\u00ed, kter\u00fdch mohou disidenti vyu\u017e\u00edt, pokud se rozhodnou.\u00a0Kdy\u017e v roce 1991 st\u00e1l Boris Jelcin na tanku p\u0159ed rusk\u00fdm B\u00edl\u00fdm domem, byl to d\u016fkaz rozt\u0159\u00ed\u0161t\u011bnosti sov\u011btsk\u00e9ho veden\u00ed.\u00a0Jakmile se soudr\u017enost a solidarita re\u017eimu rozpadne, je mo\u017en\u00e1 zm\u011bna.<\/em><\/p>\n<div class=\"twitter-tweet twitter-tweet-rendered\"><iframe id=\"twitter-widget-1\" class=\"\" title=\"Twitter tweet\" src=\"https:\/\/platform.twitter.com\/embed\/Tweet.html?creatorScreenName=uncutnewsCH&amp;dnt=false&amp;embedId=twitter-widget-1&amp;features=eyJ0ZndfdGltZWxpbmVfbGlzdCI6eyJidWNrZXQiOlsibGlua3RyLmVlIiwidHIuZWUiLCJ0ZXJyYS5jb20uYnIiLCJ3d3cubGlua3RyLmVlIiwid3d3LnRyLmVlIiwid3d3LnRlcnJhLmNvbS5iciJdLCJ2ZXJzaW9uIjpudWxsfSwidGZ3X2hvcml6b25fdGltZWxpbmVfMTIwMzQiOnsiYnVja2V0IjoidHJlYXRtZW50IiwidmVyc2lvbiI6bnVsbH0sInRmd190d2VldF9lZGl0X2JhY2tlbmQiOnsiYnVja2V0Ijoib24iLCJ2ZXJzaW9uIjpudWxsfSwidGZ3X3JlZnNyY19zZXNzaW9uIjp7ImJ1Y2tldCI6Im9uIiwidmVyc2lvbiI6bnVsbH0sInRmd19jaGluX3BpbGxzXzE0NzQxIjp7ImJ1Y2tldCI6ImNvbG9yX2ljb25zIiwidmVyc2lvbiI6bnVsbH0sInRmd190d2VldF9yZXN1bHRfbWlncmF0aW9uXzEzOTc5Ijp7ImJ1Y2tldCI6InR3ZWV0X3Jlc3VsdCIsInZlcnNpb24iOm51bGx9LCJ0Zndfc2Vuc2l0aXZlX21lZGlhX2ludGVyc3RpdGlhbF8xMzk2MyI6eyJidWNrZXQiOiJpbnRlcnN0aXRpYWwiLCJ2ZXJzaW9uIjpudWxsfSwidGZ3X2V4cGVyaW1lbnRzX2Nvb2tpZV9leHBpcmF0aW9uIjp7ImJ1Y2tldCI6MTIwOTYwMCwidmVyc2lvbiI6bnVsbH0sInRmd19kdXBsaWNhdGVfc2NyaWJlc190b19zZXR0aW5ncyI6eyJidWNrZXQiOiJvbiIsInZlcnNpb24iOm51bGx9LCJ0ZndfdmlkZW9faGxzX2R5bmFtaWNfbWFuaWZlc3RzXzE1MDgyIjp7ImJ1Y2tldCI6InRydWVfYml0cmF0ZSIsInZlcnNpb24iOm51bGx9LCJ0ZndfdHdlZXRfZWRpdF9mcm9udGVuZCI6eyJidWNrZXQiOiJvbiIsInZlcnNpb24iOm51bGx9fQ%3D%3D&amp;frame=false&amp;hideCard=false&amp;hideThread=false&amp;id=1577444341114494976&amp;lang=de&amp;origin=https%3A%2F%2Funcutnews.ch%2Fjohn-bolton-ruft-zu-putins-ermordung-und-regimewechsel-auf%2F&amp;sessionId=1a02aaf1f906227389a32d85cc82b1350107b497&amp;theme=light&amp;widgetsVersion=1c23387b1f70c%3A1664388199485&amp;width=550px\" frameborder=\"0\" scrolling=\"no\" allowfullscreen=\"allowfullscreen\" data-tweet-id=\"1577444341114494976\" data-mce-fragment=\"1\"><\/iframe><\/div>\n<p>Extr\u00e9mn\u011b provokativn\u00ed v\u00fdzva ke zm\u011bn\u011b re\u017eimu od prominentn\u00edho b\u00fdval\u00e9ho vl\u00e1dn\u00edho \u00fa\u0159edn\u00edka, jako je Bolton, jist\u011b upout\u00e1 pozornost Moskvy v dob\u011b, kdy roste nap\u011bt\u00ed kv\u016fli prohl\u00e1\u0161en\u00edm prezidenta Bidena o jadern\u00e9m \u201eArmagedonu\u201c, kter\u00fd vyhro\u017euje \u00fadajn\u011b Kreml, kter\u00fd je rovn\u011b\u017e p\u0159ekvapen a rozru\u0161en t\u00edm vyj\u00e1d\u0159en\u00edm do bodu varu .<\/p>\n<p><em>Foto: Bolton s Putinem<\/em><\/p>\n<\/div>\n<\/div>\n<div class=\"elementor-element elementor-element-8c57238 quelle dc-has-condition dc-condition-empty elementor-widget elementor-widget-heading\" data-id=\"8c57238\" data-element_type=\"widget\" data-widget_type=\"heading.default\">\n<div class=\"elementor-widget-container\">\n<h3 class=\"elementor-heading-title elementor-size-default\"><span style=\"font-size: 8pt;\"><a href=\"https:\/\/www.zerohedge.com\/geopolitical\/watch-john-bolton-calls-putin-assassination-regime-change\" target=\"_blank\" rel=\"nofollow noopener\">ZDROJ<\/a><\/span><\/h3>\n<p>&nbsp;<\/p>\n<\/div>\n<\/div>\n","protected":false},"excerpt":{"rendered":"<p>B\u00fdval\u00fd poradce B\u00edl\u00e9ho domu pro n\u00e1rodn\u00ed bezpe\u010dnost John Bolton na s\u00edt\u00edch vyz\u00fdv\u00e1 k zavra\u017ed\u011bn\u00ed rusk\u00e9ho&#8230;<\/p>\n","protected":false},"author":2,"featured_media":16480,"comment_status":"closed","ping_status":"closed","sticky":false,"template":"","format":"standard","meta":[],"categories":[7],"tags":[3538,102,1009,184],"_links":{"self":[{"href":"https:\/\/www.infokuryr.cz\/n\/wp-json\/wp\/v2\/posts\/16479"}],"collection":[{"href":"https:\/\/www.infokuryr.cz\/n\/wp-json\/wp\/v2\/posts"}],"about":[{"href":"https:\/\/www.infokuryr.cz\/n\/wp-json\/wp\/v2\/types\/post"}],"author":[{"embeddable":true,"href":"https:\/\/www.infokuryr.cz\/n\/wp-json\/wp\/v2\/users\/2"}],"replies":[{"embeddable":true,"href":"https:\/\/www.infokuryr.cz\/n\/wp-json\/wp\/v2\/comments?post=16479"}],"version-history":[{"count":1,"href":"https:\/\/www.infokuryr.cz\/n\/wp-json\/wp\/v2\/posts\/16479\/revisions"}],"predecessor-version":[{"id":16481,"href":"https:\/\/www.infokuryr.cz\/n\/wp-json\/wp\/v2\/posts\/16479\/revisions\/16481"}],"wp:featuredmedia":[{"embeddable":true,"href":"https:\/\/www.infokuryr.cz\/n\/wp-json\/wp\/v2\/media\/16480"}],"wp:attachment":[{"href":"https:\/\/www.infokuryr.cz\/n\/wp-json\/wp\/v2\/media?parent=16479"}],"wp:term":[{"taxonomy":"category","embeddable":true,"href":"https:\/\/www.infokuryr.cz\/n\/wp-json\/wp\/v2\/categories?post=16479"},{"taxonomy":"post_tag","embeddable":true,"href":"https:\/\/www.infokuryr.cz\/n\/wp-json\/wp\/v2\/tags?post=16479"}],"curies":[{"name":"wp","href":"https:\/\/api.w.org\/{rel}","templated":true}]}}