{"id":16394,"date":"2022-10-09T01:05:26","date_gmt":"2022-10-08T23:05:26","guid":{"rendered":"http:\/\/www.infokuryr.cz\/n\/?p=16394"},"modified":"2022-10-08T19:18:10","modified_gmt":"2022-10-08T17:18:10","slug":"sergej-surovikin-byl-jmenovan-velitelem-uskupeni-spojenych-sil-v-oblasti-nvo","status":"publish","type":"post","link":"https:\/\/www.infokuryr.cz\/n\/2022\/10\/09\/sergej-surovikin-byl-jmenovan-velitelem-uskupeni-spojenych-sil-v-oblasti-nvo\/","title":{"rendered":"Sergej Surovikin byl jmenov\u00e1n velitelem uskupen\u00ed Spojen\u00fdch sil v oblasti NVO"},"content":{"rendered":"<div id=\"fb-root\"><\/div>\n<p class=\"lead\"><strong>Rusk\u00e9 ministerstvo obrany ozn\u00e1milo zm\u011bnu velitele skupiny vojsk v oblasti speci\u00e1ln\u00ed vojensk\u00e9 operace.\u00a0Stali se gener\u00e1lem arm\u00e1dy Sergejem Surovikinem.<\/strong><\/p>\n<p><span>P\u0159\u00edslu\u0161n\u00e9 informace byly zve\u0159ejn\u011bny 8. \u0159\u00edjna o ofici\u00e1ln\u00edch zdroj\u00edch vojensk\u00e9ho odd\u011blen\u00ed.<\/span><\/p>\n<p><em>\u201eRozhodnut\u00edm ministra obrany Rusk\u00e9 federace byl gener\u00e1l arm\u00e1dy Sergej Surovikin jmenov\u00e1n velitelem Spole\u010dn\u00e9ho seskupen\u00ed vojsk (sil) v oblasti speci\u00e1ln\u00ed vojensk\u00e9 operace,\u201c<span class=\"after-quote\">\u00a0prohl\u00e1\u0161en\u00ed \u0159\u00edk\u00e1.<\/span><\/em><\/p>\n<p><span>Sergej Surovikin je od listopadu 2017 vrchn\u00edm velitelem leteck\u00fdch sil (VKS) Ruska.\u00a0Od ledna do dubna 2019 byl velitelem seskupen\u00ed vojsk rusk\u00fdch ozbrojen\u00fdch sil v S\u00fdrii.\u00a0V \u010dervnu 2022 vy\u0161lo najevo, \u017ee velel ji\u017en\u00ed skupin\u011b rusk\u00fdch sil v r\u00e1mci speci\u00e1ln\u00ed operace.<\/span><\/p>\n<p><span>Ji\u017e d\u0159\u00edve\u00a0<\/span><strong><span>EADaily<\/span><\/strong><span> informoval, \u017ee ve sm\u011bru na jih Don\u011bcka rusk\u00e9 jednotky <\/span><span>\u00fasp\u011b\u0161n\u011b odrazily<\/span><span>\u00a0pokus o proti\u00fatok jednotek 115. mechanizovan\u00e9 brig\u00e1dy ozbrojen\u00fdch sil Ukrajiny a 1. brig\u00e1dy prezidenta Ukrajiny.\u00a0Bylo zni\u010deno v\u00edce ne\u017e 90 ukrajinsk\u00fdch voj\u00e1k\u016f, dva tanky, osm bojov\u00fdch obrn\u011bn\u00fdch vozidel a \u0161est vozidel.<\/span><\/p>\n<p><img decoding=\"async\" loading=\"lazy\" class=\"alignnone size-full wp-image-1185\" src=\"http:\/\/www.infokuryr.cz\/n\/wp-content\/uploads\/2021\/04\/kuryr-podpis.png\" alt=\"\" width=\"84\" height=\"24\" \/><\/p>\n<p>&nbsp;<\/p>\n","protected":false},"excerpt":{"rendered":"<p>Rusk\u00e9 ministerstvo obrany ozn\u00e1milo zm\u011bnu velitele skupiny vojsk v oblasti speci\u00e1ln\u00ed vojensk\u00e9 operace.\u00a0Stali se gener\u00e1lem&#8230;<\/p>\n","protected":false},"author":2,"featured_media":16395,"comment_status":"closed","ping_status":"closed","sticky":false,"template":"","format":"standard","meta":[],"categories":[7],"tags":[22,26,40,3526],"_links":{"self":[{"href":"https:\/\/www.infokuryr.cz\/n\/wp-json\/wp\/v2\/posts\/16394"}],"collection":[{"href":"https:\/\/www.infokuryr.cz\/n\/wp-json\/wp\/v2\/posts"}],"about":[{"href":"https:\/\/www.infokuryr.cz\/n\/wp-json\/wp\/v2\/types\/post"}],"author":[{"embeddable":true,"href":"https:\/\/www.infokuryr.cz\/n\/wp-json\/wp\/v2\/users\/2"}],"replies":[{"embeddable":true,"href":"https:\/\/www.infokuryr.cz\/n\/wp-json\/wp\/v2\/comments?post=16394"}],"version-history":[{"count":1,"href":"https:\/\/www.infokuryr.cz\/n\/wp-json\/wp\/v2\/posts\/16394\/revisions"}],"predecessor-version":[{"id":16396,"href":"https:\/\/www.infokuryr.cz\/n\/wp-json\/wp\/v2\/posts\/16394\/revisions\/16396"}],"wp:featuredmedia":[{"embeddable":true,"href":"https:\/\/www.infokuryr.cz\/n\/wp-json\/wp\/v2\/media\/16395"}],"wp:attachment":[{"href":"https:\/\/www.infokuryr.cz\/n\/wp-json\/wp\/v2\/media?parent=16394"}],"wp:term":[{"taxonomy":"category","embeddable":true,"href":"https:\/\/www.infokuryr.cz\/n\/wp-json\/wp\/v2\/categories?post=16394"},{"taxonomy":"post_tag","embeddable":true,"href":"https:\/\/www.infokuryr.cz\/n\/wp-json\/wp\/v2\/tags?post=16394"}],"curies":[{"name":"wp","href":"https:\/\/api.w.org\/{rel}","templated":true}]}}