{"id":16391,"date":"2022-10-09T01:14:31","date_gmt":"2022-10-08T23:14:31","guid":{"rendered":"http:\/\/www.infokuryr.cz\/n\/?p=16391"},"modified":"2022-10-08T19:11:16","modified_gmt":"2022-10-08T17:11:16","slug":"krymsky-most-znovu-otevren-v-den-utoku","status":"publish","type":"post","link":"https:\/\/www.infokuryr.cz\/n\/2022\/10\/09\/krymsky-most-znovu-otevren-v-den-utoku\/","title":{"rendered":"Krymsk\u00fd most znovu otev\u0159en v den \u00fatoku"},"content":{"rendered":"<div id=\"fb-root\"><\/div>\n<p><span style=\"font-size: 18pt;\"><strong>R\u00e1no 8. \u0159\u00edjna byl proveden pumov\u00fd \u00fatok na Krymsk\u00fd most.\u00a0Most byl znovu otev\u0159en ve\u010der t\u00e9ho\u017e dne.<\/strong><\/span><\/p>\n<p>R\u00e1no 8. \u0159\u00edjna vybuchl na krymsk\u00e9m most\u011b z\u0159ejm\u011b kamion nalo\u017een\u00fd spoustou v\u00fdbu\u0161nin.\u00a0Byli t\u0159i mrtv\u00ed, vlak p\u0159ev\u00e1\u017eej\u00edc\u00ed palivo vzpl\u00e1l a vozovka se propadla.\u00a0Vzhledem k tomu, \u017ee Kyjev u\u017e m\u011bs\u00edce naz\u00fdv\u00e1 Krymsk\u00fd most \u201e\u00a0<a href=\"https:\/\/tass.ru\/mezhdunarodnaya-panorama\/14921837\" target=\"_blank\" rel=\"noreferrer noopener\">c\u00edlem \u010d\u00edslo jedna<\/a>\u00a0\u201c, je z\u0159ejm\u00e9, kdo provedl teroristick\u00fd \u00fatok.\u00a0Proto\u017ee\u00a0<a href=\"https:\/\/www.anti-spiegel.ru\/2022\/die-usa-und-grossbritannien-sind-in-der-ukraine-de-facto-kriegsparteien-gegen-russland\/\" target=\"_blank\" rel=\"noreferrer noopener\">Z\u00e1pad masivn\u011b podporuje Kyjev<\/a>\u00a0, tak\u00e9 s pl\u00e1ny na vojensk\u00e9 operace a dokonce i p\u0159i v\u00fdb\u011bru ukrajinsk\u00fdch c\u00edl\u016f\u00a0, lze p\u0159edpokl\u00e1dat, \u017ee z\u00e1padn\u00ed tajn\u00e9 slu\u017eby byly do pl\u00e1n\u016f p\u0159inejmen\u0161\u00edm zasv\u011bceny, mo\u017en\u00e1 se dokonce pod\u00edlely na jejich realizaci\u00a0<a href=\"https:\/\/www.anti-spiegel.ru\/2022\/kiew-die-usa-haben-bei-der-zielwahl-der-himars-raketen-das-letzte-wort\/\" target=\"_blank\" rel=\"noreferrer noopener\">.<\/a><\/p>\n<p>Krymsk\u00fd most byl postaven v rekordn\u00edm \u010dase po sjednocen\u00ed Krymu s Ruskem, aby zajistil z\u00e1sobov\u00e1n\u00ed Krymu a umo\u017enil tak\u00e9 p\u0159\u00edmou osobn\u00ed dopravu mezi Ruskem a Krymem.\u00a0Most je d\u016fle\u017eit\u00fdm symbolem pro ruskou vl\u00e1du a tak\u00e9 pro obyvatele Ruska a reakce v Rusku na teroristick\u00fd \u00fatok jsou odpov\u00eddaj\u00edc\u00edm zp\u016fsobem n\u00e1siln\u00e9.<\/p>\n<p>Z\u00e1padn\u00ed m\u00e9dia a politici se otev\u0159en\u011b raduj\u00ed z teroristick\u00e9ho \u00fatoku.\u00a0Estonsk\u00fd ministr zahrani\u010d\u00ed Urmas Reinsalu blahop\u0159\u00e1l ukrajinsk\u00e9 tajn\u00e9 slu\u017eb\u011b a prohl\u00e1sil, \u017ee teroristick\u00fd \u00fatok v\u00edt\u00e1.\u00a0Z\u00e1padn\u00ed m\u00e9dia jako Der Spiegel byla pot\u011b\u0161ena\u00a0teroristick\u00fdm \u00fatokem v \u010dl\u00e1nc\u00edch s titulky jako \u201e\u00a0<a href=\"https:\/\/www.spiegel.de\/ausland\/krim-bruecke-mit-der-explosion-zerstoert-russische-bruecke-auf-die-krim-a-c2dd3491-9ba3-49cf-accf-38edcad7811f\" target=\"_blank\" rel=\"noreferrer noopener\">V\u00fdbuch v presti\u017en\u00ed budov\u011b \u2013 Pro\u010d je Krymsk\u00fd most pro Putina tak d\u016fle\u017eit\u00fd<\/a>\u00a0\u201c nebo \u201e\u00a0<a href=\"https:\/\/www.spiegel.de\/ausland\/kertsch-bruecke-in-flammen-die-versorgung-der-russischen-truppen-wird-schwierig-a-8ef0115e-3c8d-4f52-a14c-a4cf7ef7aacc\" target=\"_blank\" rel=\"noreferrer noopener\">Ker\u010dsk\u00fd most v plamenech \u2013 \u201eZ\u00e1sobov\u00e1n\u00ed rusk\u00fdch voj\u00e1k\u016f je st\u00e1le obt\u00ed\u017en\u00e9\u201c .<\/a><\/p>\n<h3><span style=\"font-size: 18pt;\">N\u00e1sledky \u00fatoku<\/span><\/h3>\n<p>Zat\u00edmco lid\u00e9 v Kyjev\u011b a na Z\u00e1pad\u011b se raduj\u00ed z teroristick\u00e9ho \u00fatoku a spekuluj\u00ed, \u017ee by to omezilo dod\u00e1vky na Krym a nov\u00e1 rusk\u00e1 \u00fazem\u00ed v Chersonu, Rusko d\u00e1v\u00e1 v\u0161e jasn\u00e9.\u00a0Na Krymu a na nov\u00fdch rusk\u00fdch \u00fazem\u00edch jsou z\u00e1soby potravin, paliva a tak d\u00e1le dostate\u010dn\u00e9 na mnoho t\u00fddn\u016f.<\/p>\n<p>Po\u0161kozen\u00ed mostu je velk\u00e9, propadl se minim\u00e1ln\u011b jeden j\u00edzdn\u00ed pruh, ale po\u0161kozen\u00ed nen\u00ed tak velk\u00e9, aby most u\u017e nebyl pou\u017eiteln\u00fd.\u00a0V pozdn\u00edm odpoledni t\u00e9ho\u017e dne byl pro auta znovu zprovozn\u011bn zb\u00fdvaj\u00edc\u00ed j\u00edzdn\u00ed pruh mostu.\u00a0U vjezd\u016f na most se v\u0161ak vytvo\u0159ily dlouh\u00e9 fronty, proto\u017ee nyn\u00ed je ka\u017ed\u00e9 vozidlo, kter\u00e9 chce most p\u0159ejet, pe\u010dliv\u011b kontrolov\u00e1no.<\/p>\n<p>V\u00fdbuch nezp\u016fsobil v\u00e1\u017en\u00e9 \u0161kody na \u017eelezni\u010dn\u00ed trati Krymsk\u00e9ho mostu, i kdy\u017e sn\u00edmky po\u017e\u00e1ru na most\u011b nazna\u010dovaly opak.\u00a0Po\u017e\u00e1r vypukl, proto\u017ee v\u00fdbuch zap\u00e1lil palivov\u00fd vlak, ale koleje jsou nepo\u0161kozen\u00e9 a vlakov\u00e1 doprava by m\u011bla b\u00fdt obnovena ve stejn\u00fd den, co\u017e znamen\u00e1, \u017ee teroristick\u00fd \u00fatok na Krymsk\u00fd most neovlivn\u00ed dod\u00e1vky civilist\u016fm a rusk\u00e9 arm\u00e1d\u011b.<\/p>\n<p>Kdy bude po\u0161kozen\u00e1 vozovka opravena, ur\u010d\u00ed skupina odborn\u00edk\u016f v nejbli\u017e\u0161\u00edch dnech, ale p\u0159edpokl\u00e1d\u00e1 se, \u017ee tak bude provedeno rychle.<\/p>\n<h3><span style=\"font-size: 18pt;\">Reakce v Rusku<\/span><\/h3>\n<p>Exploze vedla k panice nakupov\u00e1n\u00ed v supermarketech a \u010derpac\u00edch stanic\u00edch, zejm\u00e9na na Krymu, proto\u017ee rozsah po\u0161kozen\u00ed mostu a jeho n\u00e1sledky byly zpo\u010d\u00e1tku nejasn\u00e9.<\/p>\n<p>V Rusku jako celku je st\u00e1le m\u00e9n\u011b pochopen\u00ed pro opatrn\u00fd p\u0159\u00edstup rusk\u00e9 arm\u00e1dy.\u00a0Pro\u010d m\u00e1 rusk\u00e1 arm\u00e1da v sou\u010dasnosti pot\u00ed\u017ee , jsem\u00a0ji\u017e vysv\u011btlil v\u00a0<a href=\"https:\/\/www.anti-spiegel.ru\/2022\/warum-russland-militaerisch-derzeit-schwierigkeiten-hat\/\" target=\"_blank\" rel=\"noreferrer noopener\">tomto \u010dl\u00e1nku .\u00a0<\/a>P\u0159esto je n\u00e1zor v\u0161ech odborn\u00edk\u016f, se kter\u00fdmi jsem v Moskv\u011b mluvil, takov\u00fd, \u017ee rusk\u00e1 arm\u00e1da by mohla ud\u011blat v\u00edc, ne\u017e d\u011bl\u00e1.<\/p>\n<p>Neochota rusk\u00e9 arm\u00e1dy mezit\u00edm vyvolala rostouc\u00ed hn\u011bv mezi rusk\u00fdmi odborn\u00edky, proto\u017ee ne\u00fasp\u011bchy v Charkov\u011b a n\u00e1sledn\u00e9\u00a0<a href=\"https:\/\/www.anti-spiegel.ru\/2022\/die-kiewer-regierung-droht-kollaborateuren-offiziell-mit-dem-tod\/\" target=\"_blank\" rel=\"noreferrer noopener\">masakry<\/a>\u00a0civilist\u016f tamn\u00ed ukrajinskou arm\u00e1dou vyvol\u00e1vaj\u00ed hn\u011bv a ot\u00e1zky, pro\u010d se to stalo.<\/p>\n<p>Rusk\u00e1 arm\u00e1da nevyu\u017e\u00edv\u00e1 v\u0161echny vojensk\u00e9 prost\u0159edky, kter\u00e9 m\u00e1 v podm\u00ednk\u00e1ch \u201evojensk\u00e9 operace\u201c k dispozici.\u00a0Rusk\u00e1 arm\u00e1da se nav\u00edc vyh\u00fdb\u00e1 \u00fatok\u016fm na civiln\u00ed c\u00edle na Ukrajin\u011b, proto\u017ee se st\u00e1le nec\u00edt\u00ed ve v\u00e1lce s Ukrajinou ani s Ukrajinci, ale pouze s ukrajinskou vl\u00e1dou.\u00a0Tato omezen\u00ed svazuj\u00ed ruce rusk\u00fdm ozbrojen\u00fdm sil\u00e1m.<\/p>\n<p>Mezi rusk\u00fdmi odborn\u00edky a novin\u00e1\u0159i proto roste hn\u011bv.\u00a0Jako p\u0159\u00edklad p\u0159ekl\u00e1d\u00e1m\u00a0<a href=\"https:\/\/t.me\/SolovievLive\/132592\" target=\"_blank\" rel=\"noreferrer noopener\">telegramov\u00fd p\u0159\u00edsp\u011bvek<\/a>\u00a0zn\u00e1m\u00e9ho rusk\u00e9ho novin\u00e1\u0159e Vladimira Soloveva.<\/p>\n<p><em><span style=\"font-size: 18pt;\"><strong>Za\u010d\u00e1tek p\u0159ekladu:<\/strong><\/span><\/em><\/p>\n<p><em>24. \u00fanora se b\u00e1li vystr\u010dit nos na ulici.\u00a0Nyn\u00ed se fot\u00ed v ulic\u00edch Kyjeva p\u0159ed plak\u00e1tem s ho\u0159\u00edc\u00edm Krymsk\u00fdm mostem.\u00a0Z\u00e1pad tlesk\u00e1 ukrajinsk\u00fdm terorist\u016fm.<\/em><\/p>\n<p><em>Velen\u00ed NATO bylo zjevn\u011b zapojeno do pl\u00e1nov\u00e1n\u00ed tohoto aktu sabot\u00e1\u017ee.\u00a0V\u0161e o pl\u00e1nu, kter\u00fd Ukro Reich realizuje od poloviny l\u00e9ta, funguje.\u00a0\u00datoky na skladi\u0161t\u011b, velitelstv\u00ed, p\u0159\u00edprava z\u00e1loh, p\u0159echod k aktivn\u00edm \u00fato\u010dn\u00fdm akc\u00edm.\u00a0Zni\u010den\u00ed dopravn\u00ed logistiky.\u00a0Jej\u00ed dal\u0161\u00ed kroky jsou tak\u00e9 z\u0159ejm\u00e9 a podrobn\u00e9 od Evgenyho Poddubn\u00e9ho.\u00a0C\u00edlem je prorazit na\u0161e uskupen\u00ed.\u00a0\u00datoky na Cherson a mimo n\u011bj.<\/em><\/p>\n<p><em>A jak\u00e1 je na\u0161e odpov\u011b\u010f?<\/em><\/p>\n<p><em>Vzdali jsme se iniciativy a nyn\u00ed reagujeme na jejich \u00fatoky a hrozby.<\/em><\/p>\n<p><em>Jak\u00fd je n\u00e1\u0161 pl\u00e1n?<\/em><\/p>\n<p><em>Cel\u00e1 tato \u201ehra na humanismus\u201c je vn\u00edm\u00e1na jako slabost a je jen z\u00e1minkou k tomu, abychom si n\u00e1s vysm\u00edvali.<\/em><\/p>\n<p><em>Pro \u201ez\u00e1padn\u00ed sv\u011bt\u201c u\u017e jsme stejn\u011b ti \u0161patn\u00ed.\u00a0Pak a\u0165 se n\u00e1s rad\u011bji boj\u00ed, ne\u017e aby se n\u00e1m posm\u00edvali.<\/em><\/p>\n<p><em>Je \u010das jednat.\u00a0Se v\u0161\u00ed silou a v\u0161emi prost\u0159edky.<\/em><\/p>\n<p><em>Je \u010das si p\u0159ipomenout sov\u011btskou vojenskou \u0161kolu a jednat rozhodn\u011b a kreativn\u011b.\u00a0Ne n\u00e1sledov\u00e1n\u00edm nep\u0159\u00e1telsk\u00e9ho sc\u00e9n\u00e1\u0159e, ale ma\u0159en\u00edm jejich pl\u00e1n\u016f ne\u010dekan\u00fdmi \u00fadery v oblastech, kter\u00e9 nep\u0159\u00edtel neo\u010dek\u00e1v\u00e1.<\/em><\/p>\n<p><em>Pro Ukrajinu nast\u00e1vaj\u00ed temn\u00e9 \u010dasy.\u00a0Na cel\u00e9 Ukrajin\u011b mus\u00ed b\u00fdt zni\u010deny mosty, p\u0159ehrady, \u017eelezni\u010dn\u00ed trat\u011b, tepeln\u00e9 elektr\u00e1rny a dal\u0161\u00ed infrastruktura.<\/em><\/p>\n<p><em>V Kyjev\u011b ani ve Lvov\u011b by nem\u011bly b\u00fdt \u017e\u00e1dn\u00e9 spr\u00e1vn\u00ed obvody.\u00a0A nejen to.<\/em><\/p>\n<p><em>Reakce Z\u00e1padu nesm\u00ed z\u016fstat bez odezvy.\u00a0A nejde o prohl\u00e1\u0161en\u00ed ministerstva zahrani\u010d\u00ed.\u00a0Nejde o propou\u0161t\u011bn\u00ed velvyslanc\u016f.\u00a0A nejde o senza\u010dn\u00ed prohl\u00e1\u0161en\u00ed.<\/em><\/p>\n<p><em>Jde o konkr\u00e9tn\u00ed ekonomick\u00e1 opat\u0159en\u00ed.<\/em><\/p>\n<p><em>Lenin m\u011bl pravdu: \u201eV\u00e1lka se opravdu mus\u00ed v\u00e9st, nebo se nesm\u00ed v\u00e9st v\u016fbec.\u00a0Tady neexistuje \u017e\u00e1dn\u00e1 st\u0159edn\u00ed cesta.&#8220;<\/em><\/p>\n<p><em>A pokud to n\u011bkdo st\u00e1le nech\u00e1pe, mus\u00ed ho nahradit n\u011bkdo, kdo jasn\u011b ch\u00e1pe, \u017ee vlast je v nebezpe\u010d\u00ed.\u00a0A rozkazy vrchn\u00edho velitele je t\u0159eba uposlechnout.\u00a0A to bezpodm\u00edne\u010dn\u011b.<\/em><\/p>\n<p><em>Zem\u011b mus\u00ed p\u0159ej\u00edt na v\u00e1le\u010dn\u00fd kurz.<\/em><\/p>\n<p><em>Cel\u00e1 zem\u011b.<\/em><\/p>\n<p><em><span style=\"font-size: 18pt;\"><strong>konec p\u0159ekladu<\/strong><\/span><\/em><\/p>\n<h3><span style=\"font-size: 18pt;\">Byl jmenov\u00e1n nov\u00fd velitel<\/span><\/h3>\n<p>Brzy se uk\u00e1\u017ee, zda teroristick\u00fd \u00fatok na krymsk\u00fd most zm\u011bn\u00ed ruskou strategii, proto\u017ee brzy uvid\u00edme, zda 200 000 ji\u017e mobilizovan\u00fdch rusk\u00fdch voj\u00e1k\u016f zm\u011bn\u00ed situaci na front\u011b.\u00a0A co v\u00edc, shodou okolnost\u00ed \u010di nikoli se v den \u00fatoku na most vym\u011bnil i velitel rusk\u00fdch jednotek v konfliktn\u00ed oblasti.\u00a0Jeliko\u017e se v posledn\u00ed dob\u011b objevily zpr\u00e1vy o v\u00fdm\u011bn\u011b n\u011bkter\u00fdch rusk\u00fdch velitel\u016f, je v dohledn\u00e9 dob\u011b pravd\u011bpodobn\u00e1 zm\u011bna rusk\u00e9 strategie.<\/p>\n<p><a href=\"https:\/\/www.anti-spiegel.ru\/2022\/krimbruecke-wird-schon-einen-tag-nach-anschlag-wieder-geoeffnet\/\">Thomas R\u00f6per<\/a><\/p>\n<p>&nbsp;<\/p>\n","protected":false},"excerpt":{"rendered":"<p>R\u00e1no 8. \u0159\u00edjna byl proveden pumov\u00fd \u00fatok na Krymsk\u00fd most.\u00a0Most byl znovu otev\u0159en ve\u010der t\u00e9ho\u017e&#8230;<\/p>\n","protected":false},"author":2,"featured_media":16392,"comment_status":"closed","ping_status":"closed","sticky":false,"template":"","format":"standard","meta":[],"categories":[7],"tags":[1042,29,3147],"_links":{"self":[{"href":"https:\/\/www.infokuryr.cz\/n\/wp-json\/wp\/v2\/posts\/16391"}],"collection":[{"href":"https:\/\/www.infokuryr.cz\/n\/wp-json\/wp\/v2\/posts"}],"about":[{"href":"https:\/\/www.infokuryr.cz\/n\/wp-json\/wp\/v2\/types\/post"}],"author":[{"embeddable":true,"href":"https:\/\/www.infokuryr.cz\/n\/wp-json\/wp\/v2\/users\/2"}],"replies":[{"embeddable":true,"href":"https:\/\/www.infokuryr.cz\/n\/wp-json\/wp\/v2\/comments?post=16391"}],"version-history":[{"count":1,"href":"https:\/\/www.infokuryr.cz\/n\/wp-json\/wp\/v2\/posts\/16391\/revisions"}],"predecessor-version":[{"id":16393,"href":"https:\/\/www.infokuryr.cz\/n\/wp-json\/wp\/v2\/posts\/16391\/revisions\/16393"}],"wp:featuredmedia":[{"embeddable":true,"href":"https:\/\/www.infokuryr.cz\/n\/wp-json\/wp\/v2\/media\/16392"}],"wp:attachment":[{"href":"https:\/\/www.infokuryr.cz\/n\/wp-json\/wp\/v2\/media?parent=16391"}],"wp:term":[{"taxonomy":"category","embeddable":true,"href":"https:\/\/www.infokuryr.cz\/n\/wp-json\/wp\/v2\/categories?post=16391"},{"taxonomy":"post_tag","embeddable":true,"href":"https:\/\/www.infokuryr.cz\/n\/wp-json\/wp\/v2\/tags?post=16391"}],"curies":[{"name":"wp","href":"https:\/\/api.w.org\/{rel}","templated":true}]}}