{"id":16381,"date":"2022-10-09T01:09:55","date_gmt":"2022-10-08T23:09:55","guid":{"rendered":"http:\/\/www.infokuryr.cz\/n\/?p=16381"},"modified":"2022-10-08T15:56:41","modified_gmt":"2022-10-08T13:56:41","slug":"srbsko-postavi-ropovod-do-madarska-prohlasil-vucic","status":"publish","type":"post","link":"https:\/\/www.infokuryr.cz\/n\/2022\/10\/09\/srbsko-postavi-ropovod-do-madarska-prohlasil-vucic\/","title":{"rendered":"Srbsko postav\u00ed ropovod do Ma\u010farska, prohl\u00e1sil Vu\u010di\u0107"},"content":{"rendered":"<div id=\"fb-root\"><\/div>\n<p><strong>Podle smlouvy s Ma\u010farskem postav\u00ed Srbsko 128 kilometr\u016f dlouh\u00fd ropovod pro spojen\u00ed s ma\u010farsk\u00fdmi ropovody, prohl\u00e1sil srbsk\u00fd prezident Aleksandar Vu\u010di\u0107.<\/strong><\/p>\n<p>Ji\u017e d\u0159\u00edve ozn\u00e1mil, \u017ee srbsk\u00e1 vl\u00e1da investuje v nejbli\u017e\u0161\u00edch \u0161esti letech 12 miliard eur do energetick\u00e9 infrastruktury. Srbsk\u00e9 ministerstvo energetiky v\u010dera ozn\u00e1milo, \u017ee jsou posuzov\u00e1ny dv\u011b varianty polo\u017een\u00ed ropovodu pro spojen\u00ed s ropovodem Dru\u017eba v Ma\u010farsku.<\/p>\n<p>\u201eSrbsk\u00e1 republika podle smlouvy s premi\u00e9rem Ma\u010farska Viktorem Orb\u00e1nem zah\u00e1j\u00ed v\u00fdstavbu 128 kilometr\u016f dlouh\u00e9ho ropovodu do obce Algy\u0151, to znamen\u00e1 Novi Sad \u2013 Ma\u010farsko, abychom se napojili na ma\u010farsk\u00e9 ropovody, a kdy\u017e u\u017e m\u00e1me spojen\u00ed s Chorvatskem, budeme moci volit men\u0161\u00ed tranzitn\u00ed da\u0148 a v\u00fdhodn\u011bj\u0161\u00ed variantu pro Srbsko,\u201c \u0159ekl srbsk\u00fd prezident.<\/p>\n<p>Podle jeho slov by st\u00e1l tento projekt maxim\u00e1ln\u011b 100 milion\u016f eur a uva\u017euje se tak\u00e9 o v\u00fdstavb\u011b ropovodu p\u0159es Severn\u00ed Makedonii a\u017e do p\u0159\u00edstavu Dra\u010d v Alb\u00e1nii.<\/p>\n<p>\u201eNa\u0161e ropn\u00e9 rezervy \u010din\u00ed v sou\u010dasn\u00e9 dob\u011b 506 tis\u00edc tun dieselov\u00e9ho paliva a 119 tis\u00edc tun benz\u00ednu, z toho hotov\u00e9ho dieselov\u00e9ho paliva v dan\u00e9m okam\u017eiku 287 tis\u00edc tun, a ropy zpracov\u00e1van\u00e9 pro diesel 220 tis\u00edc tun, co\u017e n\u00e1m sta\u010d\u00ed na 75 dn\u016f, kdyby n\u00e1m n\u011bkdo zastavil dod\u00e1vky ropy, a z\u00e1soby benz\u00ednu m\u00e1me na 59 dn\u016f,\u201c podotkl Vu\u010di\u0107.<\/p>\n<p>Srbsk\u00fd prezident b\u011bhem sv\u00e9ho projevu k n\u00e1rodu rovn\u011b\u017e prohl\u00e1sil, \u017ee Kosovo nevstoup\u00ed do OSN, dokud on bude srbsk\u00fdm prezidentem Podle jeho slov Z\u00e1pad v posledn\u00ed dob\u011b zes\u00edlil n\u00e1tlak na ofici\u00e1ln\u00ed B\u011blehrad, aby \u201evyrazil argument Kosova z rukou Vladimira Putina a Rusk\u00e9 federace, kter\u00e1 se na tento precedens m\u016f\u017ee odvol\u00e1vat\u201c v p\u0159\u00edpad\u011b situace na Ukrajin\u011b.<\/p>\n<p>\u201eA\u0165 je to, jak chce, moment\u00e1ln\u011b nen\u00ed v\u016fle, hovo\u0159ili jsme o tom i s p\u0159edsedkyn\u00ed vl\u00e1dy (Anou Brnabi\u010dovou \u2013 pozn. red.), srbsk\u00e9 veden\u00ed takovou v\u016fli nem\u00e1, a dokud jsem prezidentem, v\u00fdkonn\u00e1 moc nebude m\u00edt v\u016fli p\u0159ijmout nez\u00e1vislost Kosova a \u010dlenstv\u00ed Kosova v OSN,\u201c \u0159ekl Vu\u010di\u0107 b\u011bhem sv\u00e9ho projevu.<\/p>\n<p>Vu\u010di\u010d rovn\u011b\u017e \u0159ekl, \u017ee americk\u00fd prezident Bill Clinton po\u017eadoval, aby Ma\u010farsko za\u00fato\u010dilo na Srbsko po sou\u0161i ze severu b\u011bhem agrese NATO v roce 1999.<\/p>\n<p>\u201ePokud jde o Kosovo, te\u010f v\u00e1m \u0159eknu n\u011bco, co jste nev\u011bd\u011bli. V roce 1999 m\u011blo Ma\u010farsko za\u00fato\u010dit pozemn\u00edmi silami na Srbsko, co\u017e mi [premi\u00e9r Ma\u010farska] Viktor Orb\u00e1n potvrdil a dovolil mi to \u0159\u00edct ve\u0159ejnosti. Americk\u00fd prezident Bill Clinton, stejn\u011b jako Britov\u00e9, od n\u011bj po\u017eadoval, aby za\u00fato\u010dili na Republiku Srbsko ze severu, abychom rozt\u00e1hli sv\u00e9 s\u00edly do Vojvodiny, co\u017e Viktor Orb\u00e1n odm\u00edtl a byl pod velk\u00fdm tlakem. Vyrovnat se s t\u00edmto tlakem v B\u00edl\u00e9m dom\u011b mu pomohl [n\u011bmeck\u00fd kancl\u00e9\u0159] Gerhard Schr\u00f6der,\u201c \u0159ekl Vu\u010di\u010d.<\/p>\n<p>Margaret Thatcherov\u00e1 podle n\u011bj n\u00e1sledn\u011b Orb\u00e1novi vy\u010detla, \u017ee \u201akv\u016fli jeho odm\u00edtnut\u00ed padlo v\u00edce britsk\u00fdch voj\u00e1k\u016f\u2018. To je cel\u00e1 jejich l\u00e1ska, o kter\u00e9 se d\u00e1 mluvit,\u201c \u0159ekl na z\u00e1v\u011br srbsk\u00fd prezident.<\/p>\n<p><img decoding=\"async\" loading=\"lazy\" class=\"alignnone size-full wp-image-1185\" src=\"http:\/\/www.infokuryr.cz\/n\/wp-content\/uploads\/2021\/04\/kuryr-podpis.png\" alt=\"\" width=\"84\" height=\"24\" \/><\/p>\n<p>&nbsp;<\/p>\n","protected":false},"excerpt":{"rendered":"<p>Podle smlouvy s Ma\u010farskem postav\u00ed Srbsko 128 kilometr\u016f dlouh\u00fd ropovod pro spojen\u00ed s ma\u010farsk\u00fdmi ropovody,&#8230;<\/p>\n","protected":false},"author":2,"featured_media":13965,"comment_status":"closed","ping_status":"closed","sticky":false,"template":"","format":"standard","meta":[],"categories":[7],"tags":[393,78,3008,139],"_links":{"self":[{"href":"https:\/\/www.infokuryr.cz\/n\/wp-json\/wp\/v2\/posts\/16381"}],"collection":[{"href":"https:\/\/www.infokuryr.cz\/n\/wp-json\/wp\/v2\/posts"}],"about":[{"href":"https:\/\/www.infokuryr.cz\/n\/wp-json\/wp\/v2\/types\/post"}],"author":[{"embeddable":true,"href":"https:\/\/www.infokuryr.cz\/n\/wp-json\/wp\/v2\/users\/2"}],"replies":[{"embeddable":true,"href":"https:\/\/www.infokuryr.cz\/n\/wp-json\/wp\/v2\/comments?post=16381"}],"version-history":[{"count":0,"href":"https:\/\/www.infokuryr.cz\/n\/wp-json\/wp\/v2\/posts\/16381\/revisions"}],"wp:featuredmedia":[{"embeddable":true,"href":"https:\/\/www.infokuryr.cz\/n\/wp-json\/wp\/v2\/media\/13965"}],"wp:attachment":[{"href":"https:\/\/www.infokuryr.cz\/n\/wp-json\/wp\/v2\/media?parent=16381"}],"wp:term":[{"taxonomy":"category","embeddable":true,"href":"https:\/\/www.infokuryr.cz\/n\/wp-json\/wp\/v2\/categories?post=16381"},{"taxonomy":"post_tag","embeddable":true,"href":"https:\/\/www.infokuryr.cz\/n\/wp-json\/wp\/v2\/tags?post=16381"}],"curies":[{"name":"wp","href":"https:\/\/api.w.org\/{rel}","templated":true}]}}