{"id":1633,"date":"2021-05-13T05:55:46","date_gmt":"2021-05-13T03:55:46","guid":{"rendered":"http:\/\/www.infokuryr.cz\/n\/?p=1633"},"modified":"2021-05-13T06:06:01","modified_gmt":"2021-05-13T04:06:01","slug":"klaus-schwab-jako-sef-svetoveho-ekonomickeho-fora-oznamil-jiz-v-roce-2016-implantovani-podkoznich-a-neuralnich-mozkovych-cipu-ktere-umozni-trvale-pripojeni-cloveka-do-komunikacni-site","status":"publish","type":"post","link":"https:\/\/www.infokuryr.cz\/n\/2021\/05\/13\/klaus-schwab-jako-sef-svetoveho-ekonomickeho-fora-oznamil-jiz-v-roce-2016-implantovani-podkoznich-a-neuralnich-mozkovych-cipu-ktere-umozni-trvale-pripojeni-cloveka-do-komunikacni-site\/","title":{"rendered":"Klaus Schwab jako \u0161\u00e9f Sv\u011btov\u00e9ho ekonomick\u00e9ho f\u00f3ra ozn\u00e1mil ji\u017e v roce 2016 implantov\u00e1n\u00ed podko\u017en\u00edch a neur\u00e1ln\u00edch mozkov\u00fdch \u010dip\u016f, kter\u00e9 umo\u017en\u00ed trval\u00e9 p\u0159ipojen\u00ed \u010dlov\u011bka do komunika\u010dn\u00ed s\u00edt\u011b!"},"content":{"rendered":"<div id=\"fb-root\"><\/div>\n<h4>Klaus Schwab jako \u0161\u00e9f Sv\u011btov\u00e9ho ekonomick\u00e9ho f\u00f3ra ozn\u00e1mil ji\u017e v roce 2016 implantov\u00e1n\u00ed podko\u017en\u00edch a neur\u00e1ln\u00edch mozkov\u00fdch \u010dip\u016f, kter\u00e9 umo\u017en\u00ed trval\u00e9 p\u0159ipojen\u00ed \u010dlov\u011bka do komunika\u010dn\u00ed s\u00edt\u011b! Sou\u010d\u00e1st\u00ed permanentn\u00edch lockdown\u016f, covidov\u00fdch pas\u016f a soci\u00e1ln\u00edch kredit\u016f bude postupn\u00e9 p\u0159ipojov\u00e1n\u00ed populace do glob\u00e1ln\u00ed s\u00edt\u011b! Z\u00e1nik hotovosti je ot\u00e1zkou n\u011bkolika p\u0159\u00ed\u0161t\u00edch let, novou sm\u011bnnou jednotkou se stane digit\u00e1ln\u00ed kredit! Jakmile dojde k propojen\u00ed o\u010dkovac\u00edch, testovac\u00edch a bankovn\u00edch datab\u00e1z\u00ed, bez covidov\u00e9ho pasu u\u017e pivo v hospod\u011b nekoup\u00edte!<\/h4>\n<p>\u010cesk\u00fd ministr zdravotnictv\u00ed Petr Arenberger ve st\u0159edu pro m\u00e9dia uvedl, \u017ee\u00a0<strong>od p\u0159\u00ed\u0161t\u00edho pond\u011bl\u00ed 17. kv\u011btna by nem\u011bli majitel\u00e9 hospod a restaurac\u00ed vyhazovat neo\u010dkovan\u00e9 a netestovan\u00e9 hosty, proto\u017ee k tomu (zat\u00edm) nemaj\u00ed z\u00e1konn\u00e9 opr\u00e1vn\u011bn\u00ed, ale nem\u011bli by je obsluhovat [<a href=\"https:\/\/href.li\/?https:\/\/www.idnes.cz\/zpravy\/domaci\/zahradky-restaurace-testy-arenberger-dohoda.A210512_154408_domaci_remy\" target=\"_blank\" rel=\"nofollow noopener\">1<\/a>].<\/strong>\u00a0Ministr pro m\u00e9dia vysv\u011btlil, \u017ee hospod\u0161t\u00ed by m\u011bli jednat t\u00edm zp\u016fsobem, \u017ee netestovan\u00e9ho a neo\u010dkovan\u00e9ho hosta prost\u011b odm\u00edtnou obslou\u017eit, ale jinak host m\u00e1 pr\u00e1vo na to, aby mohl sed\u011bt v restauraci.<\/p>\n<p>Tenhle bizarn\u00ed pl\u00e1n se zd\u00e1nliv\u011b zd\u00e1 jako typick\u00fd \u010desk\u00fd nesmysl z hlavy byrokrata, jen\u017ee pouze na prvn\u00ed pohled. Ve skute\u010dnosti nejde o nic jin\u00e9ho, ne\u017e o plo\u0161n\u00fd laboratorn\u00ed test na obyvatelstvo, jak bude reagovat na postupn\u00e9 a pl\u00e1novan\u00e9 zav\u00e1d\u011bn\u00ed covidov\u00fdch pas\u016f a pozd\u011bji modelu soci\u00e1ln\u00edho kreditu z d\u00edlny globalist\u016f. Nen\u00ed toti\u017e v\u016fbec jasn\u00e9, jak\u00fdm zp\u016fsobem zap\u016fsobila rok a p\u016fl dlouh\u00e1 koronavirov\u00e1 diktatura a totalita, jestli obyvatelstvo rezignovalo, anebo se radikalizovalo.<\/p>\n<figure id=\"attachment_46656\" class=\"wp-caption aligncenter\" style=\"width: 485px;\"><a href=\"https:\/\/aeronet.cz\/news\/wp-content\/uploads\/DAVOS_WEF_Guard.jpg\"><img decoding=\"async\" loading=\"lazy\" class=\"wp-image-46656 \" src=\"https:\/\/aeronet.cz\/news\/wp-content\/uploads\/DAVOS_WEF_Guard-1024x576.jpg\" sizes=\"(max-width: 700px) 100vw, 700px\" srcset=\"https:\/\/aeronet.cz\/news\/wp-content\/uploads\/DAVOS_WEF_Guard-1024x576.jpg 1024w, https:\/\/aeronet.cz\/news\/wp-content\/uploads\/DAVOS_WEF_Guard-300x169.jpg 300w, https:\/\/aeronet.cz\/news\/wp-content\/uploads\/DAVOS_WEF_Guard-768x432.jpg 768w, https:\/\/aeronet.cz\/news\/wp-content\/uploads\/DAVOS_WEF_Guard-700x394.jpg 700w, https:\/\/aeronet.cz\/news\/wp-content\/uploads\/DAVOS_WEF_Guard-635x357.jpg 635w, https:\/\/aeronet.cz\/news\/wp-content\/uploads\/DAVOS_WEF_Guard-859x483.jpg 859w, https:\/\/aeronet.cz\/news\/wp-content\/uploads\/DAVOS_WEF_Guard.jpg 1600w\" alt=\"\" width=\"485\" height=\"273\" \/><\/a><figcaption class=\"wp-caption-text\">Ka\u017edoro\u010dn\u00ed konference Sv\u011btov\u00e9ho ekonomick\u00e9ho f\u00f3ra v Davosu jsou hlavn\u00ed pl\u00e1novac\u00ed akc\u00ed globalist\u016f, kter\u00e9 \u0161\u00e9fuje Klaus Schwab. Konferenci hl\u00edd\u00e1 \u0161v\u00fdcarsk\u00e1 n\u00e1rodn\u00ed garda.<\/figcaption><\/figure>\n<p>Nejv\u011bt\u0161\u00edm probl\u00e9mem globalist\u016f v t\u00e9to chv\u00edli je hotovost. Platebn\u00ed hotovost toti\u017e br\u00e1n\u00ed nasazen\u00ed pln\u011b rozvinut\u00e9ho Total Control mechanismu a zaveden\u00ed soci\u00e1ln\u00edho kreditu. Kdyby neexistovala hotovost, tak by restrikce uplatn\u011bn\u00e9 na neo\u010dkovan\u00e9 a netestovan\u00e9 hosty v hospod\u00e1ch a restaurac\u00edch byly velmi snadno uplatniteln\u00e9.<\/p>\n<p><strong>Pokud by host nem\u011bl platn\u00fd testy nebo o\u010dkov\u00e1n\u00ed, potom by platebn\u00ed br\u00e1na banky na to upozornila majitele restaurace, \u017ee platba kartou hosta byla zam\u00edtnuta, a \u017ee ve\u0161ker\u00e9 n\u00e1klady a ztr\u00e1ty nese majitel restaurace<\/strong>, proto\u017ee na vlastn\u00ed riziko anebo vlastn\u00ed chybou nezkontroloval hosta p\u0159ed vstupem do restaurace, \u017ee nen\u00ed testovan\u00fd a ani o\u010dkovan\u00fd. Platebn\u00ed br\u00e1ny \u010d\u00ednsk\u00fdch bank u\u017e dnes v r\u00e1mci \u010d\u00ednsk\u00e9ho soci\u00e1ln\u00edho kreditu odm\u00edtaj\u00ed p\u0159ij\u00edmat platby kartami za zbo\u017e\u00ed a slu\u017eby t\u011bch osob, kter\u00e9 k tomu nemaj\u00ed opr\u00e1vn\u011bn\u00ed z hlediska n\u00edzk\u00e9ho kreditn\u00edho soci\u00e1ln\u00edho sk\u00f3re.<\/p>\n<h6><span style=\"font-size: 14pt;\">Nezaplat\u00ed\u0161 za pivo v hospod\u011b, pokud nem\u00e1\u0161 o\u010dkov\u00e1n\u00ed nebo test. Platba neprojde!<\/span><\/h6>\n<p>Na internetu to funguje jednodu\u0161e, kdy\u017e si chcete n\u011bco koupit, a nem\u00e1te na to dostate\u010dn\u00e9 soci\u00e1ln\u00ed sk\u00f3re, tak v\u00e1m platebn\u00ed br\u00e1na ozn\u00e1m\u00ed, \u017ee platba neprob\u011bhla a byla zam\u00edtnuta s pozn\u00e1mkou, \u017ee z\u00e1kazn\u00edk m\u00e1 zkontrolovat sv\u00e9 Soci\u00e1ln\u00ed kreditn\u00ed sk\u00f3re, co\u017e je neklamn\u00fdm znamen\u00edm pro ob\u010dana, \u017ee platba nepro\u0161la ne kv\u016fli tomu, \u017ee by na kart\u011b nebo na \u00fa\u010dtu m\u011bl m\u00e1lo pen\u011bz, ale pr\u00e1v\u011b kv\u016fli tomu, \u017ee\u00a0<strong>prodejce nesm\u00ed z\u00e1kazn\u00edka obslou\u017eit a prodat mu zbo\u017e\u00ed \u010di slu\u017ebu, proto\u017ee z\u00e1kazn\u00edk nem\u00e1 odpov\u00eddaj\u00edc\u00ed kreditn\u00ed soci\u00e1ln\u00ed sk\u00f3re.<\/strong>\u00a0A pokud jde o placen\u00ed na\u017eivo n\u011bkde v obchod\u011b nebo v restauraci, tak povinnost\u00ed provozovatele podniku je neobslou\u017eit a p\u0159\u00edpadn\u011b ani nevpustit z\u00e1kazn\u00edka dovnit\u0159 prodejny \u010di hospody,<\/p>\n<figure id=\"attachment_44636\" class=\"wp-caption aligncenter\" style=\"width: 599px;\"><a href=\"https:\/\/aeronet.cz\/news\/wp-content\/uploads\/HospodaKonec.png\"><img decoding=\"async\" loading=\"lazy\" class=\"wp-image-44636 \" src=\"https:\/\/aeronet.cz\/news\/wp-content\/uploads\/HospodaKonec-1024x538.png\" sizes=\"(max-width: 700px) 100vw, 700px\" srcset=\"https:\/\/aeronet.cz\/news\/wp-content\/uploads\/HospodaKonec-1024x538.png 1024w, https:\/\/aeronet.cz\/news\/wp-content\/uploads\/HospodaKonec-300x158.png 300w, https:\/\/aeronet.cz\/news\/wp-content\/uploads\/HospodaKonec-768x403.png 768w, https:\/\/aeronet.cz\/news\/wp-content\/uploads\/HospodaKonec-700x368.png 700w, https:\/\/aeronet.cz\/news\/wp-content\/uploads\/HospodaKonec-680x357.png 680w, https:\/\/aeronet.cz\/news\/wp-content\/uploads\/HospodaKonec-920x483.png 920w\" alt=\"\" width=\"599\" height=\"315\" \/><\/a><figcaption class=\"wp-caption-text\">N\u011bkter\u00e9 hospody to ji\u017e zabalily<\/figcaption><\/figure>\n<p>A to proto, \u017ee provozovatel m\u00e1 kontrolovat vstup p\u0159\u00edmo u dve\u0159\u00ed. Pokud to majitel hospody ned\u011bl\u00e1, potom mu hroz\u00ed, \u017ee pohost\u00ed z\u00e1kazn\u00edka zadarmo a na n\u00e1klad hospody, proto\u017ee platebn\u00ed br\u00e1na banky odm\u00edtne p\u0159ijmout platebn\u00ed kartu hosta a nestrhne obnos z \u00fa\u010dtu a nep\u0159evede na \u00fa\u010det hospody.\u00a0<strong>Tenhle bi\u010d na hostinsk\u00e9 v \u010c\u00edn\u011b funguje na 100% a jedinou v\u00fdjimkou jsou hospody v men\u0161\u00edch m\u011bstech v provinci\u00edch, kde st\u00e1le akceptuj\u00ed hotovost, a kdy\u017e neprojde platebn\u00ed karta kv\u016fli soci\u00e1ln\u00edmu kreditu, host m\u016f\u017ee zaplatit hotovost\u00ed.<\/strong>\u00a0Jen\u017ee, jakmile i v \u010c\u00edn\u011b bude hotovost jednoho dne zru\u0161ena, nastane teror a totalita, jakou si mnoho z v\u00e1s ani v nejhor\u0161\u00edm snu nedok\u00e1\u017ee p\u0159edstavit.<\/p>\n<h6><span style=\"font-size: 14pt;\">Kdo plat\u00ed v hospod\u011b kartou bez testu a o\u010dkov\u00e1n\u00ed, zad\u011bl\u00e1v\u00e1 si na velk\u00fd mal\u00e9r v budoucnu<\/span><\/h6>\n<p>Od pond\u011bl\u00ed to v \u010cR bude fungovat tak, \u017ee hospod\u0161t\u00ed vyv\u011bs\u00ed tabule, \u017ee do hospody sm\u00ed jen testovan\u00ed a o\u010dkov\u00e1n\u00ed host\u00e9, ale t\u00edm to zhasne a nikdo z person\u00e1lu to asi nebude kontrolovat, a\u017e na aktivistick\u00e9 majitele hospod. Lid\u00e9 si prost\u011b objednaj\u00ed pivo nebo j\u00eddlo, bez ohledu na testy a vakc\u00edny, a potom norm\u00e1ln\u011b zaplat\u00ed, hotovost\u00ed nebo kartou. Jen\u017ee, tady bych si d\u00e1val obrovsk\u00fd pozor.\u00a0<strong>Vsad\u00edm se, \u017ee se jedn\u00e1 o trik a pl\u00e1n, kdy potaj\u00ed vl\u00e1da bude kontrolovat od jednotliv\u00fdch bank platebn\u00ed transakce hospod a restaurac\u00ed, p\u0159i\u010dem\u017e se to potom bude porovn\u00e1vat s centr\u00e1ln\u00ed st\u00e1tn\u00ed datab\u00e1z\u00ed o\u010dkovan\u00fdch osob.<\/strong>\u00a0Zat\u00edm se v \u010cR vede jenom centr\u00e1ln\u00ed a st\u00e1tem \u0159\u00edzen\u00e1 evidence o\u010dkovan\u00fdch lid\u00ed, ale nikoliv evidence testovan\u00fdch osob.<\/p>\n<figure id=\"attachment_44941\" class=\"wp-caption aligncenter\" style=\"width: 594px;\"><a href=\"https:\/\/aeronet.cz\/news\/wp-content\/uploads\/CovidPassCZ.jpg\"><img decoding=\"async\" loading=\"lazy\" class=\"wp-image-44941 \" src=\"https:\/\/aeronet.cz\/news\/wp-content\/uploads\/CovidPassCZ.jpg\" sizes=\"(max-width: 879px) 100vw, 879px\" srcset=\"https:\/\/aeronet.cz\/news\/wp-content\/uploads\/CovidPassCZ.jpg 879w, https:\/\/aeronet.cz\/news\/wp-content\/uploads\/CovidPassCZ-300x212.jpg 300w, https:\/\/aeronet.cz\/news\/wp-content\/uploads\/CovidPassCZ-768x543.jpg 768w, https:\/\/aeronet.cz\/news\/wp-content\/uploads\/CovidPassCZ-700x495.jpg 700w, https:\/\/aeronet.cz\/news\/wp-content\/uploads\/CovidPassCZ-505x357.jpg 505w, https:\/\/aeronet.cz\/news\/wp-content\/uploads\/CovidPassCZ-684x483.jpg 684w\" alt=\"\" width=\"594\" height=\"420\" \/><\/a><figcaption class=\"wp-caption-text\">Bez covidov\u00e9ho pasu jenom na n\u00e1kup nezbytn\u00fdch potravin, jinak nikam jinam!<\/figcaption><\/figure>\n<p><strong>St\u00e1t tak nebude moci odvodit, jestli osoba, kter\u00e1 platila kartou v hospod\u011b, byla testovan\u00e1, proto\u017ee o\u010dkovan\u00e1 nebyla, ale nen\u00ed mo\u017en\u00e9 zjistit, jestli byla testov\u00e1na.<\/strong>\u00a0To je zat\u00edm takov\u00e1 d\u00edra v syst\u00e9mu, kter\u00e1 je zp\u016fsobena t\u00edm, \u017ee zat\u00edm neexistuj\u00ed funk\u010dn\u00ed covidov\u00e9 pasy s centr\u00e1ln\u00edmi evidencemi jak o\u010dkov\u00e1n\u00ed, tak testov\u00e1n\u00ed. Jakmile testy i o\u010dkov\u00e1n\u00ed budou uvedeny do covidov\u00fdch pas\u016f a st\u00e1tn\u00ed datab\u00e1ze, v tom okam\u017eiku bude mo\u017en\u00e9 zah\u00e1jit razie v hospod\u00e1ch a j\u00edt adresn\u011b podle v\u00fdpis\u016f karetn\u00edch transakc\u00ed od host\u016f, kte\u0159\u00ed platili kartami, ale p\u0159itom prokazateln\u011b v den platby nebyli ani testovan\u00ed, ani o\u010dkovan\u00ed, proto\u017ee nejsou dr\u017eiteli covidov\u00e9ho pasu, anebo maj\u00ed tento pas, ale test maj\u00ed propadl\u00fd a o\u010dkovan\u00ed nejsou.<\/p>\n<h6><span style=\"font-size: 14pt;\">Hotovostn\u00ed platby budou postupn\u011b ozna\u010deny za vin\u00edka nekon\u010d\u00edc\u00edch k\u0159ivek r\u016fstu n\u00e1kazy<\/span><\/h6>\n<p>Jakmile se tento zp\u016fsob digit\u00e1ln\u00edho \u0161m\u00edrov\u00e1n\u00ed osv\u011bd\u010d\u00ed, lid\u00e9 hromadn\u011b p\u0159ejdou na hotovost, a\u00a0<strong>garantuji v\u00e1m, \u017ee v tom okam\u017eiku se v \u010desk\u00e9m Knessetu objev\u00ed n\u00e1vrh na z\u00e1kon, aby provozovatel\u00e9 \u017eivnost\u00ed, kde se shroma\u017e\u010fuje v\u00edce ne\u017e X lid\u00ed, nesm\u011bli p\u0159ij\u00edmat platby v hotovosti.<\/strong>\u00a0A n\u00e1sledn\u011b kr\u00e1tce pot\u00e9 dojde k \u00fapln\u00e9mu vy\u0159azen\u00ed hotovosti ve spole\u010dnosti s od\u016fvodn\u011bn\u00edm, \u017ee lid\u00e9 ji\u017e hotovost\u00ed neplat\u00ed, a \u017ee hotovost\u00ed plat\u00ed jen terorist\u00e9 a nep\u0159izp\u016fsobiv\u00ed lid\u00e9, kte\u0159\u00ed ohro\u017euj\u00ed ostatn\u00ed sv\u00fdm odm\u00edt\u00e1n\u00edm o\u010dkov\u00e1n\u00ed a testov\u00e1n\u00ed. Jakmile bude eliminov\u00e1na hotovost, bude nakro\u010deno k zaveden\u00ed soci\u00e1ln\u00edho kreditu se v\u0161\u00edm v\u0161udy. Lid\u00e9, kte\u0159\u00ed dlu\u017e\u00ed pen\u00edze za odvoz odpadu, si nebudou moci koupit pivo platebn\u00ed kartou. Lid\u00e9, kte\u0159\u00ed se odm\u00edtaj\u00ed testovat, nebudou moci nakoupit l\u00edstek na MHD, autobus, na vlak, ani na metro.<\/p>\n<figure id=\"attachment_44206\" class=\"wp-caption aligncenter\" style=\"width: 561px;\"><a href=\"https:\/\/aeronet.cz\/news\/wp-content\/uploads\/Covid_Lab.jpg\"><img decoding=\"async\" loading=\"lazy\" class=\"wp-image-44206 \" src=\"https:\/\/aeronet.cz\/news\/wp-content\/uploads\/Covid_Lab.jpg\" sizes=\"(max-width: 770px) 100vw, 770px\" srcset=\"https:\/\/aeronet.cz\/news\/wp-content\/uploads\/Covid_Lab.jpg 770w, https:\/\/aeronet.cz\/news\/wp-content\/uploads\/Covid_Lab-300x168.jpg 300w, https:\/\/aeronet.cz\/news\/wp-content\/uploads\/Covid_Lab-768x430.jpg 768w, https:\/\/aeronet.cz\/news\/wp-content\/uploads\/Covid_Lab-700x392.jpg 700w, https:\/\/aeronet.cz\/news\/wp-content\/uploads\/Covid_Lab-638x357.jpg 638w\" alt=\"\" width=\"561\" height=\"314\" \/><\/a><figcaption class=\"wp-caption-text\">Chce\u0161 do hospody? Tak si nejprve ud\u011blej cestu na test do laborato\u0159e!<\/figcaption><\/figure>\n<p>Kdo bude demonstrovat proti testov\u00e1n\u00ed \u0161kol\u00e1k\u016f, nezaplat\u00ed kartou za l\u00edstek na fotbalov\u00fd z\u00e1pad nebo na koncert.\u00a0<strong>Lid\u00e9, kte\u0159\u00ed nebudou o\u010dkov\u00e1ni \u010di testov\u00e1ni, nenakoup\u00ed nic, co je spojen\u00e9 s m\u00edsty s velkou koncentrac\u00ed lid\u00ed, co\u017e je prakticky v\u0161echno, v\u0161echny obchody, ve\u0161ker\u00e1 doprava, \u010dlov\u011bku z\u016fstane jen pr\u00e1vo na n\u00e1kup potravin, ale s v\u00fdjimkou alkoholu a cigaret.<\/strong><\/p>\n<p>Proto\u017ee, kdy\u017e nejsi dobr\u00fd, ob\u010dane, nedostane\u0161 mo\u017enost nakoupit si to, na \u010dem jsi z\u00e1visl\u00fd. Jen\u017ee spolu se soci\u00e1ln\u00edm kreditem je spojena jedna v\u011bc, kter\u00e1 je mnohem d\u016fle\u017eit\u011bj\u0161\u00ed pro globalisty, a to je \u010dipov\u00e1n\u00ed obyvatelstva. Probl\u00e9m s bezhotovostn\u00ed spole\u010dnost\u00ed je v tom, \u017ee kdy\u017e si nem\u016f\u017eete na svoji kartu koupit to, co pot\u0159ebujete, koup\u00edte to na kartu man\u017eelky, rodi\u010de, dosp\u011bl\u00e9ho d\u00edt\u011bte, kamar\u00e1da. Bezhotovostn\u00ed spole\u010dnost je toti\u017e jen instrument pro p\u0159\u00edstup ke zbo\u017e\u00ed a slu\u017eb\u00e1m.<\/p>\n<h6><span style=\"font-size: 14pt;\">Pla\u0165te mobilem a zaho\u010fte platebn\u00ed kartu? Za chv\u00edli v\u00e1m \u0159eknou, abyste zahodili mobil a platili \u010dipem pod k\u016f\u017e\u00ed na ruce nebo na hlav\u011b<\/span><\/h6>\n<p>A globalist\u00e9 usiluj\u00ed u\u017e del\u0161\u00ed dobu o zahozen\u00ed plastov\u00fdch karet a jejich nahrazen\u00ed n\u011b\u010d\u00edm, co nelze jen tak p\u016fj\u010dit jin\u00e9 neopr\u00e1vn\u011bn\u00e9 osob\u011b do ruky. P\u016fj\u010dit platebn\u00ed kartu d\u00edt\u011bti nebo rodi\u010dovi nen\u00ed nijak t\u011b\u017ek\u00e9, aby mohlo doj\u00edt k obejit\u00ed restrikc\u00ed Soci\u00e1ln\u00edho kreditu, ale p\u016fj\u010dit n\u011bkomu sv\u016fj soukrom\u00fd mobiln\u00ed telefon, kde je platebn\u00ed aplikace vyu\u017e\u00edvaj\u00edc\u00ed NFC \u010dip a platbu je pot\u0159eba potvrdit otiskem prstu na mobilu, anebo obli\u010dejem p\u0159es kameru telefonu, to u\u017e tak samoz\u0159ejm\u00e9 nen\u00ed.<\/p>\n<p><strong>Mobil u\u017e jen tak do ruky n\u011bkomu nep\u016fj\u010d\u00edte, a p\u0159esn\u011b toto je hlavn\u00ed d\u016fvod, pro\u010d nosat\u00ed usiluj\u00ed o to, abyste za\u010dali platit mobilem.<\/strong>\u00a0V\u0161imn\u011bte si, jak v\u00e1m v\u0161ude rvou do hlav, abyste za\u010dali platit chytr\u00fdm telefonem. Ano, p\u0159esn\u011b o to jde, \u017ee telefon jen tak nep\u016fj\u010d\u00edte n\u011bkomu, kdo by cht\u011bl obej\u00edt restrikce Soci\u00e1ln\u00edho kreditu. Jen\u017ee, to nen\u00ed dokonal\u00e9. I ten telefon lze n\u011bkomu p\u016fj\u010dit, \u010dist\u011b \u00fa\u010delov\u011b.<\/p>\n<figure id=\"attachment_44498\" class=\"wp-caption aligncenter\" style=\"width: 548px;\"><a href=\"https:\/\/aeronet.cz\/news\/wp-content\/uploads\/NeedleVaccineShow.jpg\"><img decoding=\"async\" loading=\"lazy\" class=\"wp-image-44498 \" src=\"https:\/\/aeronet.cz\/news\/wp-content\/uploads\/NeedleVaccineShow.jpg\" sizes=\"(max-width: 750px) 100vw, 750px\" srcset=\"https:\/\/aeronet.cz\/news\/wp-content\/uploads\/NeedleVaccineShow.jpg 750w, https:\/\/aeronet.cz\/news\/wp-content\/uploads\/NeedleVaccineShow-300x184.jpg 300w, https:\/\/aeronet.cz\/news\/wp-content\/uploads\/NeedleVaccineShow-700x430.jpg 700w, https:\/\/aeronet.cz\/news\/wp-content\/uploads\/NeedleVaccineShow-581x357.jpg 581w\" alt=\"\" width=\"548\" height=\"337\" \/><\/a><figcaption class=\"wp-caption-text\">A kdy\u017e chod\u00ed\u0161 na pivo pravideln\u011b, donut\u00ed t\u011b k o\u010dkov\u00e1n\u00ed, anebo p\u0159estane\u0161 chodit do hospody a bude\u0161 p\u00edt lahv\u00e1\u010de doma, bez kontaktu a v izolaci. A to globalist\u00e9 cht\u011bj\u00ed!<\/figcaption><\/figure>\n<p>A tak globalist\u00e9 usiluj\u00ed o \u010dipov\u00e1n\u00ed obyvatelstva. Nast\u0159elov\u00e1n\u00ed podko\u017en\u00edch \u010dip\u016f je v pl\u00e1nu a sv\u011btov\u00e9 banky ji\u017e p\u0159ipravuj\u00ed prvn\u00ed bal\u00ed\u010dky s podko\u017en\u00edmi \u010dipy, prvn\u00ed by se m\u011bly podle informac\u00ed objevit od roku 2025, kdy \u010dip bude um\u00edst\u011bn pod k\u016f\u017e\u00ed a nebude vyj\u00edmateln\u00fd, p\u0159i pokusu o vyjmut\u00ed se znehodnot\u00ed. Lid\u00e9 budou platit p\u0159ilo\u017een\u00edm ruky ke \u010dte\u010dce. A svoji ruku u\u017e logicky nikomu nep\u016fj\u010d\u00edte, s v\u00fdjimkou, \u017ee p\u0159\u00edmo p\u0159ijdete k osob\u011b a za n\u00ed zaplat\u00edte, co\u017e sice je mo\u017en\u00e9 v restauraci, kdy\u017e osobu pozvete, ale pokud nejde o rodinn\u00e9ho p\u0159\u00edslu\u0161n\u00edka, nebude existovat zp\u016fsob, jak restrikce obej\u00edt za pomoci n\u011bkoho druh\u00e9ho.\u00a0<strong>A v kone\u010dn\u00e9 f\u00e1zi jsou v pl\u00e1nu neur\u00e1ln\u00ed implant\u00e1ty p\u0159\u00edmo do mozku, kde prvn\u00ed prototypy ji\u017e testuje Elon Musk [<a href=\"https:\/\/aeronet.cz\/news\/video-singularita-pred-branami-se-jmenuje-neuralink-elon-musk-predstavil-prvni-neuronovy-implantat-ktery-cloveku-umozni-ovladat-stroje-a-komunikovat-s-umelou-inteligenci-bionicke-rozhrani-cloveka\/\">2<\/a>].<\/strong><\/p>\n<h6><span style=\"font-size: 14pt;\">VIDEO: Klaus Schwab v roce 2016 prohl\u00e1sil, \u017ee do 10 let budou \u010dipy realitou. Nejprve \u010dipy v mobilech, pozd\u011bji pod k\u016f\u017e\u00ed a nakonec v mozku<\/span><\/h6>\n<p>Implant\u00e1t se jmenuje Neuralink a umo\u017en\u00ed p\u0159ipojen\u00ed neocortexu na z\u00e1kaznick\u00e9 bezdr\u00e1tov\u00e9 rozhran\u00ed, kter\u00e9 bude komunikovat s mobiln\u00edm telefonem, s po\u010d\u00edta\u010dem, s automobilem Tesla, s dom\u00e1c\u00edmi spot\u0159ebi\u010di v r\u00e1mci IoT, ale p\u0159edev\u0161\u00edm si \u010dlov\u011bk bude moci vyhled\u00e1vat informace na internet p\u0159\u00edmo v mysli a \u010dip p\u0159elo\u017e\u00ed texty z internetu do hlasov\u00e9 podoby a p\u0159ehraje v\u00e1m text skrze nervov\u00e1 vl\u00e1kna p\u0159\u00edmo do ucha, resp. do podoby sign\u00e1l\u016f pro sluchov\u00fd nerv.\u00a0<strong>Doslova se bude jednat o dataelektroimpulzn\u00ed p\u0159evodn\u00edk z digit\u00e1ln\u00ed podoby textu do podoby elektrick\u00fdch impulz\u016f sluchov\u00e9ho nervu, kter\u00fd p\u0159ev\u00e1d\u00ed elektromechanick\u00e9 kmity z ucha na elektrick\u00e9 sign\u00e1ly putuj\u00edc\u00ed do mozku.<\/strong>\u00a0T\u011bmto za\u0159\u00edzen\u00edm se \u0159\u00edk\u00e1 z\u00e1kaznick\u00e9 bionick\u00e9 obvody. A tyto obvody budou napojeny bezdr\u00e1tov\u011b na internet, na datab\u00e1ze, na servery shroma\u017e\u010fuj\u00edc\u00ed dotazy, rozum\u011bj my\u0161lenky na dotazy.<\/p>\n<p>&nbsp;<\/p>\n<div id=\"rumble_vebprz\">\n<div id=\"vid_vebprz\" class=\"rumble_vebprz-Rumble-cls\">\n<div class=\"bigPlayUI ctp\">\n<div class=\"bigPlayUIInner ctp\"><div class='videoWrapper'>\r\n\t            <iframe src='https:\/\/rumble.com\/embed\/pj.vebprz\/' frameborder='0' allowfullscreen><\/iframe>\r\n\t        <\/div><\/div>\n<\/div>\n<\/div>\n<\/div>\n<p>&nbsp;<\/p>\n<p>A pr\u00e1v\u011b o t\u011bchto pl\u00e1nech hovo\u0159il ji\u017e v lednu 2016 na \u0161v\u00fdcarsk\u00e9 televizi RTS \u0161\u00e9f Sv\u011btov\u00e9ho ekonomick\u00e9ho f\u00f3ra Klaus Schwab, kter\u00fd kategoricky uvedl, \u017ee do 10 let, tedy do roku 2026, budou podko\u017en\u00ed a neur\u00e1ln\u00ed \u010dipy sou\u010d\u00e1st\u00ed vysp\u011bl\u00e9 spole\u010dnost v r\u00e1mci 4. pr\u016fmyslov\u00e9 revoluce. Otv\u00edr\u00e1n\u00ed zahr\u00e1dek \u010desk\u00fdch hospod je pouze laboratorn\u00edm testem, nejde o \u017e\u00e1dnou ochranu p\u0159ed virem, tomu u\u017e nev\u011b\u0159\u00ed ani ti nejv\u011bt\u0161\u00ed truhl\u00edci. Pomalu za\u010dne l\u00e9to a hledaj\u00ed se cesty, jak lidi l\u00e9pe kontrolovat, ale p\u0159itom jim d\u00e1t pocit n\u011bjak\u00e9 svobody.<\/p>\n<p><strong>Ve skute\u010dnosti se hledaj\u00ed z\u00e1minky pro nalezen\u00ed vin\u00edk\u016f za neust\u00e1l\u00e9 n\u00e1r\u016fsty \u010d\u00edsel naka\u017een\u00fdch, a uvid\u00edte, \u017ee d\u0159\u00edve \u010di pozd\u011bji za toho vin\u00edka ozna\u010d\u00ed hotovost a nezodpov\u011bdn\u00e9 restaurat\u00e9ry, kte\u0159\u00ed za hotovost nal\u00e9vaj\u00ed netestovan\u00e9 a neo\u010dkovan\u00e9 \u201cch\u00e1t\u0159e\u201d, kter\u00e1 \u0161\u00ed\u0159\u00ed ten zl\u00fd virus.<\/strong>\u00a0V t\u00e9to chv\u00edli jim nejde o nic jin\u00e9ho, ne\u017e je postupn\u00e9 vy\u0159azen\u00ed hotovosti z ob\u011bhu pod r\u016fzn\u00fdmi z\u00e1minkami a d\u016fvody. A ty restaurace budou jedn\u00edm z nich. Prorock\u00e9 video Klause Schwaba by se m\u011blo zar\u00e1movat, tam je to p\u0159esn\u011b uveden\u00e9, co maj\u00ed global\u010diky v pl\u00e1nu do roku 2026.<\/p>\n<p>-VK- \u0160\u00e9fredaktor AE News<\/p>\n<p><a href=\"https:\/\/aeronet.cz\/news\/video-klaus-schwab-jako-sef-svetoveho-ekonomickeho-fora-oznamil-jiz-v-roce-2016-implantovani-podkoznich-a-neuralnich-mozkovych-cipu-ktere-umozni-trvale-pripojeni-cloveka-do-komunikacni-site\/\">ZDROJ<\/a><\/p>\n<p>&nbsp;<\/p>\n","protected":false},"excerpt":{"rendered":"<p>Klaus Schwab jako \u0161\u00e9f Sv\u011btov\u00e9ho ekonomick\u00e9ho f\u00f3ra ozn\u00e1mil ji\u017e v roce 2016 implantov\u00e1n\u00ed podko\u017en\u00edch a&#8230;<\/p>\n","protected":false},"author":2,"featured_media":1634,"comment_status":"closed","ping_status":"closed","sticky":false,"template":"","format":"standard","meta":[],"categories":[7],"tags":[341,23,279,291,219,340,339,242,342,48],"_links":{"self":[{"href":"https:\/\/www.infokuryr.cz\/n\/wp-json\/wp\/v2\/posts\/1633"}],"collection":[{"href":"https:\/\/www.infokuryr.cz\/n\/wp-json\/wp\/v2\/posts"}],"about":[{"href":"https:\/\/www.infokuryr.cz\/n\/wp-json\/wp\/v2\/types\/post"}],"author":[{"embeddable":true,"href":"https:\/\/www.infokuryr.cz\/n\/wp-json\/wp\/v2\/users\/2"}],"replies":[{"embeddable":true,"href":"https:\/\/www.infokuryr.cz\/n\/wp-json\/wp\/v2\/comments?post=1633"}],"version-history":[{"count":0,"href":"https:\/\/www.infokuryr.cz\/n\/wp-json\/wp\/v2\/posts\/1633\/revisions"}],"wp:featuredmedia":[{"embeddable":true,"href":"https:\/\/www.infokuryr.cz\/n\/wp-json\/wp\/v2\/media\/1634"}],"wp:attachment":[{"href":"https:\/\/www.infokuryr.cz\/n\/wp-json\/wp\/v2\/media?parent=1633"}],"wp:term":[{"taxonomy":"category","embeddable":true,"href":"https:\/\/www.infokuryr.cz\/n\/wp-json\/wp\/v2\/categories?post=1633"},{"taxonomy":"post_tag","embeddable":true,"href":"https:\/\/www.infokuryr.cz\/n\/wp-json\/wp\/v2\/tags?post=1633"}],"curies":[{"name":"wp","href":"https:\/\/api.w.org\/{rel}","templated":true}]}}