{"id":16321,"date":"2022-10-07T03:45:27","date_gmt":"2022-10-07T01:45:27","guid":{"rendered":"http:\/\/www.infokuryr.cz\/n\/?p=16321"},"modified":"2022-10-07T03:45:27","modified_gmt":"2022-10-07T01:45:27","slug":"reditel-potravinarske-firmy-varuje-ze-novy-svetovy-rad-pouziva-inflaci-na-zotroceni-lidstva","status":"publish","type":"post","link":"https:\/\/www.infokuryr.cz\/n\/2022\/10\/07\/reditel-potravinarske-firmy-varuje-ze-novy-svetovy-rad-pouziva-inflaci-na-zotroceni-lidstva\/","title":{"rendered":"\u0158editel potravin\u00e1\u0159sk\u00e9 firmy varuje, \u017ee \u201eNov\u00fd sv\u011btov\u00fd \u0159\u00e1d\u201c pou\u017e\u00edv\u00e1 inflaci na zotro\u010den\u00ed lidstva"},"content":{"rendered":"<div id=\"fb-root\"><\/div>\n<p><span>\u00a0Zakladatel a \u0159editel potravin\u00e1\u0159sk\u00e9 firmy p\u0159edn\u00ed hisp\u00e1nsk\u00e9 zna\u010dky \u0159\u00edk\u00e1, \u017ee z\u00e1padn\u00ed globalistick\u00e1 elita rozpoutala pekeln\u00fd pl\u00e1n v\u016f\u010di miliard\u00e1m lid\u00ed, aby nad nimi mohla nekone\u010dn\u011b vl\u00e1dnout.<\/span><\/p>\n<p><span>Bob Unanue, gener\u00e1ln\u00ed \u0159editel spole\u010dnosti Goya Foods, b\u011bhem rozhovoru se zn\u00e1m\u00fdm americk\u00fdm moder\u00e1torem Tuckerem Carlsonem z Fox News \u0159ekl, \u017ee \u010dlenov\u00e9 kultu \u201eNov\u00e9ho sv\u011btov\u00e9ho \u0159\u00e1du\u201c pou\u017e\u00edvaj\u00ed \u010f\u00e1belskou inflaci k \u201ezotro\u010den\u00ed lidstva\u201c.<\/span><\/p>\n<p><em><span>\u201eJ\u00e1drem inflace, kter\u00e1 se dnes u\u017e vymkla zpod kontroly \u2013 zejm\u00e9na u potravin \u2013 je \u010f\u00e1belsk\u00e1 touha ovl\u00e1dat n\u00e1s,\u201c<\/span><\/em><span>\u00a0\u0159ekl Unanue.<\/span><\/p>\n<p><em><span>\u201eKdy\u017e jsem byl d\u00edt\u011b, moji rodi\u010de \u0159\u00edkali: \u201anikdy jsi neber sladkosti od ciz\u00edho \u010dlov\u011bka&#8216;.\u00a0A oni dnes rozd\u00e1vaj\u00ed bonb\u00f3ny zdarma, \u010d\u00edm\u017e motivuj\u00ed lidi, aby nepracovali.<\/span><\/em><\/p>\n<p><em><span>Berou n\u00e1m n\u00e1\u0161 smysl \u017eivota, na\u0161eho ducha, d\u016fvod vst\u00e1vat ka\u017ed\u00fd den.\u00a0Dokonce to d\u011blaj\u00ed bez vlastn\u00edho bonb\u00f3nu.\u00a0Berou na\u0161e bonb\u00f3ny a pou\u017e\u00edvaj\u00ed je k tomu, aby n\u00e1s upl\u00e1celi, abychom nepracovali.\u00a0To je extr\u00e9mn\u00ed infla\u010dn\u00ed chov\u00e1n\u00ed.\u201c<\/span><\/em><\/p>\n<p><span>TV stanice Fox News d\u00e1le poznamenala, \u017ee inflace b\u011bhem Bidenova re\u017eimu a kontroly Kongresu demokraty nad\u00e1le su\u017euje velkou v\u011bt\u0161inu ob\u010dan\u016f:<\/span><\/p>\n<p><em><span>\u201eRostouc\u00ed ceny potravin byly jedn\u00edm z nejcitliv\u011bj\u0161\u00edch t\u00e9mat hork\u00e9 inflace, kter\u00e1 vytvo\u0159ila v\u00e1\u017en\u00e9 finan\u010dn\u00ed tlaky na v\u011bt\u0161inu dom\u00e1cnost\u00ed.<\/span><\/em><\/p>\n<p><em><span>Ceny potravin se toto l\u00e9to vysko\u010dily nejvy\u0161\u0161\u00ed \u00farove\u0148 za posledn\u00ed \u010dty\u0159i dek\u00e1dy, co\u017e p\u0159im\u011blo lidi vynech\u00e1vat mnoh\u00e9 ka\u017edodenn\u00ed polo\u017eky, kter\u00e9 si u\u017e nemohou dovolit.<\/span><\/em><\/p>\n<p><em><span>Podle ministerstva pr\u00e1ce plat\u00ed spot\u0159ebitel\u00e9 v obchodech s potravinami v\u00edce za mno\u017estv\u00ed polo\u017eek, jejich\u017e ceny za posledn\u00ed rok v\u00fdrazn\u011b vzrostly.\u00a0To zahrnuje z\u00e1kladn\u00ed potraviny jako vejce (38 %), ku\u0159ec\u00ed maso (16,6%), ml\u00e9ko (15,6%), brambory (13,3%), r\u00fd\u017ei (12,7%) a \u010derstv\u00e9 ovoce a zeleninu (8 ,0%).\u201c<\/span><\/em><\/p>\n<h2><span>Vysok\u00e9 ceny \u017eivotn\u00edch pot\u0159eb a velk\u00fd nedostatek pracovn\u00edk\u016f<\/span><\/h2>\n<p><span>Zem\u011b nav\u00edc za\u017e\u00edv\u00e1 jeden z nejhor\u0161\u00edch nedostatk\u016f pracovn\u00edk\u016f v historii USA, p\u0159esto\u017ee d\u00edky krok\u016fm Feder\u00e1ln\u00edho rezervn\u00edho syst\u00e9mu (FED) p\u0159i zvy\u0161ov\u00e1n\u00ed \u00farokov\u00fdch sazeb s c\u00edlem zpomalit ekonomiku bude brzy propu\u0161t\u011bno mnoho pracovn\u00edk\u016f.<\/span><\/p>\n<p><span>V Evrop\u011b je situace v podstat\u011b identick\u00e1.<\/span><\/p>\n<p><span>Unanue d\u00e1le \u0159ekl, \u017ee b\u011bhem\u00a0<\/span><a href=\"https:\/\/www.badatel.net\/medzinarodna-skupina-platena-billom-gatesom-varuje-pred-11-virusmi-novej-pandemie\/\"><span>pandemie<\/span><\/a><span>\u00a0Covid-19 jeho spole\u010dnost nikdy nep\u0159estala pracovat, proto\u017ee jejich pracovn\u00ed m\u00edsta byla pova\u017eov\u00e1na za nezbytn\u00e1 pro chod st\u00e1tu.\u00a0Av\u0161ak jeho spole\u010dnost od t\u00e9 doby ve velk\u00e9m poci\u0165uje d\u016fsledky nedostatku pracovn\u00edk\u016f.<\/span><\/p>\n<p><em><span>\u201ePr\u00e1ce je nezbytn\u00e1.\u00a0D\u00e1v\u00e1 n\u00e1m smysl \u017eivota\u2026 ka\u017ed\u00fd z n\u00e1s je stvo\u0159en k podob\u011b Boha s na\u0161\u00ed vlastn\u00ed identitou,\u201c<\/span><\/em><span> \u0159ekl.<\/span><\/p>\n<p><em><span>\u201eOby\u010dejn\u00ed lid\u00e9 byli zbaveni smyslu \u017eivota, napl\u0148ov\u00e1n\u00ed pot\u0159eby vlastn\u00ed seberealizace, kter\u00e1 je vlastn\u00ed pracuj\u00edc\u00edm jednotlivc\u016fm.\u00a0A provedli to elit\u00e1\u0159i, kte\u0159\u00ed n\u00e1s cht\u011bj\u00ed zotro\u010dit pro jejich vlastn\u00ed chamtivost a moc\u201c,<\/span><\/em><span>\u00a0\u0159ekl gener\u00e1ln\u00ed \u0159editel firmy.<\/span><\/p>\n<p><em><span>\u201eV\u0161ichni m\u00e1me n\u011bjak\u00fd \u00fa\u010del,\u201c<\/span><\/em><span>\u00a0\u0159\u00edk\u00e1.<\/span><\/p>\n<p><em><span>\u201eTe\u010f tento \u00fa\u010del n\u00e1m berou tito m\u00e1lo\u010detn\u00ed, ale vysoce postaven\u00ed elit\u00e1\u0159i, kte\u0159\u00ed n\u00e1s cht\u011bj\u00ed vlastnit, ovl\u00e1dat a zotro\u010dit pro svou chamtivost a moc.\u201c<\/span><\/em><\/p>\n<p><span>Prohl\u00e9dn\u011bte si n\u00e1sleduj\u00edc\u00ed rozhovor report\u00e9ra s \u0159editelem potravin\u00e1\u0159sk\u00e9 firmy Bobem Unanue (v angli\u010dtin\u011b):<\/span><\/p>\n<p><iframe loading=\"lazy\" src=\"https:\/\/video.foxnews.com\/v\/video-embed.html?video_id=6313039795112&amp;loc=badatel.net&amp;ref=https%3A%2F%2Fwww.badatel.net%2Friaditel-potravinarskej-firmy-varuje-ze-novy-svetovy-poriadok-pouziva-inflaciu-na-zotrocenie-ludstva%2F&amp;_xcf=\" width=\"580\" height=\"326\" frameborder=\"0\" marginwidth=\"0\" marginheight=\"0\" scrolling=\"no\" aria-label=\"Mo\u0159e+Videos\" data-mce-fragment=\"1\"><\/iframe><\/p>\n<h2><span>Velk\u00e1 propou\u0161t\u011bn\u00ed se u\u017e rozjela<\/span><\/h2>\n<p><span>Sou\u010dasn\u00fd nedostatek pracovn\u00edk\u016f se brzy zm\u011bn\u00ed na p\u0159ebytek pracovn\u00edk\u016f, proto\u017ee propou\u0161t\u011bn\u00ed ve velk\u00fdch korporac\u00edch ji\u017e za\u010dalo.<\/span><\/p>\n<p><span>Propou\u0161t\u011bn\u00ed a pokles popt\u00e1vky ze strany n\u011bkolika velk\u00fdch korporac\u00ed, v\u010detn\u011b Apple, FedEx, Meta (Facebook) a Nike, nazna\u010duj\u00ed, \u017ee recese m\u016f\u017ee b\u00fdt bl\u00edzko.<\/span><\/p>\n<p><span>B\u00fdval\u00fd ministr financ\u00ed USA Larry Summers varoval:<\/span><\/p>\n<p><em><span>\u201eToto je moment, kdy by m\u011bla nastat zv\u00fd\u0161en\u00e1 \u00fazkost, podobn\u011b jako rok p\u0159ed finan\u010dn\u00ed kriz\u00ed v roce 2008.<\/span><\/em><\/p>\n<p><em><span>Z\u00e1rove\u0148 Bank of America Merrill Lynch GFSI (glob\u00e1ln\u00ed finan\u010dn\u00ed stresov\u00fd index) a indik\u00e1tor tr\u017en\u00edho rizika vysko\u010dil na nejvy\u0161\u0161\u00ed \u00farove\u0148 od b\u0159ezna 2020,\u201c<\/span><\/em><span>\u00a0uvedla soukrom\u00e1 zpravodajsk\u00e1 spole\u010dnost Forward Observer v pond\u011bln\u00ed pozn\u00e1mce pro sv\u00e9 p\u0159edplatitele.<\/span><\/p>\n<p><span>Ceny t\u00e9m\u011b\u0159 v\u0161eho budou mezit\u00edm neust\u00e1le r\u016fst, jeliko\u017e ropa se chyst\u00e1 zvr\u00e1tit sv\u016fj pokles a mo\u017en\u00e1 dokonce vr\u00e1t\u00ed ceny benz\u00ednu zp\u011bt ke 2 eur\u016fm za litr d\u00edky p\u0159etrv\u00e1vaj\u00edc\u00edm nejistot\u00e1m v dodavatelsk\u00fdch \u0159et\u011bzc\u00edch.<\/span><\/p>\n<p><em><span>\u201eOdhady m\u00e9di\u00ed hlavn\u00edho proudu nazna\u010duj\u00ed n\u00e1vrat k cen\u011b 100 dolar\u016f za barel ropy Brent, co\u017e by zv\u00fd\u0161ilo ceny benz\u00ednu v pr\u016fm\u011bru na p\u0159ibli\u017en\u011b 2 eura za litr benzinu.\u00a0Tyto projekce jsou p\u0159itom konzervativn\u00ed,\u201c<\/span><\/em><span>\u00a0poznamenal minul\u00fd t\u00fdden port\u00e1l\u00a0<\/span><a href=\"https:\/\/oilprice.com\/Energy\/Gas-Prices\/Gasoline-Prices-Could-Return-To-5-Per-Gallon.html\" target=\"_blank\" rel=\"noopener\"><span>OilPrice.com<\/span><\/a><span> .<\/span><\/p>\n<p><span>Autor: JD Heyes, Zdroj:\u00a0<\/span><a href=\"https:\/\/www.naturalnews.com\/2022-10-05-goya-foods-founder-says-new-world-order-inflation-enslave-humanity.html\" target=\"_blank\" rel=\"noopener\"><span>naturalnews.com<\/span><\/a><span>\u00a0<\/span><\/p>\n<p>&nbsp;<\/p>\n","protected":false},"excerpt":{"rendered":"<p>\u00a0Zakladatel a \u0159editel potravin\u00e1\u0159sk\u00e9 firmy p\u0159edn\u00ed hisp\u00e1nsk\u00e9 zna\u010dky \u0159\u00edk\u00e1, \u017ee z\u00e1padn\u00ed globalistick\u00e1 elita rozpoutala pekeln\u00fd&#8230;<\/p>\n","protected":false},"author":2,"featured_media":13596,"comment_status":"closed","ping_status":"closed","sticky":false,"template":"","format":"standard","meta":[],"categories":[7],"tags":[604,794,1362,3511],"_links":{"self":[{"href":"https:\/\/www.infokuryr.cz\/n\/wp-json\/wp\/v2\/posts\/16321"}],"collection":[{"href":"https:\/\/www.infokuryr.cz\/n\/wp-json\/wp\/v2\/posts"}],"about":[{"href":"https:\/\/www.infokuryr.cz\/n\/wp-json\/wp\/v2\/types\/post"}],"author":[{"embeddable":true,"href":"https:\/\/www.infokuryr.cz\/n\/wp-json\/wp\/v2\/users\/2"}],"replies":[{"embeddable":true,"href":"https:\/\/www.infokuryr.cz\/n\/wp-json\/wp\/v2\/comments?post=16321"}],"version-history":[{"count":0,"href":"https:\/\/www.infokuryr.cz\/n\/wp-json\/wp\/v2\/posts\/16321\/revisions"}],"wp:featuredmedia":[{"embeddable":true,"href":"https:\/\/www.infokuryr.cz\/n\/wp-json\/wp\/v2\/media\/13596"}],"wp:attachment":[{"href":"https:\/\/www.infokuryr.cz\/n\/wp-json\/wp\/v2\/media?parent=16321"}],"wp:term":[{"taxonomy":"category","embeddable":true,"href":"https:\/\/www.infokuryr.cz\/n\/wp-json\/wp\/v2\/categories?post=16321"},{"taxonomy":"post_tag","embeddable":true,"href":"https:\/\/www.infokuryr.cz\/n\/wp-json\/wp\/v2\/tags?post=16321"}],"curies":[{"name":"wp","href":"https:\/\/api.w.org\/{rel}","templated":true}]}}