{"id":16318,"date":"2022-10-07T03:34:10","date_gmt":"2022-10-07T01:34:10","guid":{"rendered":"http:\/\/www.infokuryr.cz\/n\/?p=16318"},"modified":"2022-10-07T03:34:10","modified_gmt":"2022-10-07T01:34:10","slug":"jak-zatocit-s-tyrany-kteri-vedou-ekonomickou-valku","status":"publish","type":"post","link":"https:\/\/www.infokuryr.cz\/n\/2022\/10\/07\/jak-zatocit-s-tyrany-kteri-vedou-ekonomickou-valku\/","title":{"rendered":"Jak zato\u010dit s tyrany, kte\u0159\u00ed vedou ekonomickou v\u00e1lku?"},"content":{"rendered":"<div id=\"fb-root\"><\/div>\n<section class=\"perex\">Feder\u00e1ln\u00ed rezervn\u00ed syst\u00e9m ned\u00e1vno na\u0159\u00eddil dal\u0161\u00ed \u201esupervelk\u00e9 zv\u00fd\u0161en\u00ed \u00farokov\u00fdch sazeb\u201c \u2013 p\u00e1t\u00e9 zv\u00fd\u0161en\u00ed v tomto roce \u2013 v r\u00e1mci z\u0159ejm\u011b beznad\u011bjn\u00e9 snahy o omezen\u00ed rychle rostouc\u00ed inflace. O\u010dek\u00e1v\u00e1 se tak\u00e9 dal\u0161\u00ed zv\u00fd\u0161en\u00ed sazeb. N\u011bkte\u0159\u00ed se ob\u00e1vaj\u00ed, \u017ee Feder\u00e1ln\u00ed rezervn\u00ed syst\u00e9m na n\u00e1s mo\u017en\u00e1 tla\u010d\u00ed p\u0159\u00edli\u0161, co\u017e by n\u00e1s mohlo z recese p\u0159iv\u00e9st do deflace<\/p>\n<\/section>\n<section class=\"clanek-obsah\">Podle \u00fadaj\u016f \u00da\u0159adu pro statistiku pr\u00e1ce do\u0161lo k nejvy\u0161\u0161\u00edmu meziro\u010dn\u00edmu n\u00e1r\u016fstu cen potravin od 70. let 20. stolet\u00ed, p\u0159i\u010dem\u017e za posledn\u00edch 12 m\u011bs\u00edc\u016f vzrostly ceny potravin o 10,9 %. Celkov\u011b nejvy\u0161\u0161\u00ed n\u00e1r\u016fst zaznamenaly ceny energi\u00ed, kter\u00e9 mezi \u010dervnem 2021 a \u010dervnem 2022 vzrostly o 41,6 %. Pro srovn\u00e1n\u00ed, ro\u010dn\u00ed infla\u010dn\u00ed c\u00edl Feder\u00e1ln\u00edho rezervn\u00edho syst\u00e9mu \u010din\u00ed 2 %.<\/p>\n<p>A\u010dkoli se zd\u00e1, \u017ee ekonomick\u00fd v\u00fdvoj je \u0161patn\u00fd, nen\u00ed to v\u0161e, s \u010d\u00edm se mus\u00edme pot\u00fdkat. Historik finan\u010dn\u00edch kriz\u00ed Adam Tooze p\u0159edpov\u00edd\u00e1, \u017ee v p\u0159\u00ed\u0161t\u00edch \u0161esti a\u017e osmn\u00e1cti m\u011bs\u00edc\u00edch se m\u016f\u017ee sej\u00edt n\u011bkolik kriz\u00ed, v\u010detn\u011b potravinov\u00e9 krize, energetick\u00e9 krize, vypuknut\u00ed pandemie, stagflace, krize st\u00e1tn\u00edho dluhu euroz\u00f3ny a potenci\u00e1ln\u00ed jadern\u00e9 v\u00e1lky.<\/p>\n<p>Na\u0161e sou\u010dasn\u00e1 situace nen\u00ed n\u00e1hodn\u00e1. Nen\u00ed ani v\u00fdsledkem \u010dir\u00e9 neschopnosti. Jakmile pochop\u00edte pl\u00e1n globalistick\u00e9 kabaly na Velk\u00fd reset, uv\u011bdom\u00edte si, \u017ee v\u0161echny tyto v\u011bci se mus\u00ed st\u00e1t, aby se Velk\u00fd reset mohl uskute\u010dnit. Racion\u00e1ln\u00ed z\u00e1v\u011br tedy je, \u017ee na\u0161e potravinov\u00e9, energetick\u00e9, l\u00e9ka\u0159sk\u00e9 a finan\u010dn\u00ed syst\u00e9my jsou demontov\u00e1ny a ochromov\u00e1ny z\u00e1m\u011brn\u011b<\/p>\n<p>T\u011bmto kriz\u00edm nem\u016f\u017eeme zabr\u00e1nit, ale m\u016f\u017eeme se p\u0159ipravit na p\u0159e\u017eit\u00ed zk\u00e1zy a n\u00e1sledn\u011b p\u0159ebudovat syst\u00e9my podle sv\u00fdch p\u0159edstav, m\u00edsto abychom p\u0159ijali jejich otrock\u00e9 syst\u00e9my.<\/p>\n<p><span style=\"font-size: 18pt;\"><strong>* * *<\/strong><\/span><\/p>\n<p>A\u010dkoli se administrativa B\u00edl\u00e9ho domu sna\u017e\u00ed z\u00e1va\u017enost inflace bagatelizovat, realita si um\u00ed tvrdo\u0161\u00edjn\u011b nev\u0161\u00edmat fantazi\u00ed a v\u00fdmysl\u016f.<\/p>\n<p>Jak v posledn\u00edch dnech informovalo n\u011bkolik zpravodajsk\u00fdch server\u016f,[1] Feder\u00e1ln\u00ed rezervn\u00ed syst\u00e9m (kter\u00fd v\u016fbec nen\u00ed feder\u00e1ln\u00ed, ale sp\u00ed\u0161e soukrom\u00fd subjekt, kter\u00fd tiskne a p\u016fj\u010duje vl\u00e1d\u011b fiat m\u011bnu) na\u0159\u00eddil dal\u0161\u00ed \u201esupervelk\u00e9 zv\u00fd\u0161en\u00ed \u00farok\u016f\u201c \u2013 p\u00e1t\u00e9 zv\u00fd\u0161en\u00ed sazeb v tomto roce \u2013 v r\u00e1mci z\u0159ejm\u011b beznad\u011bjn\u00e9 snahy o omezen\u00ed nekontrolovateln\u00e9 inflace. Jak uvedl NPR, 21. z\u00e1\u0159\u00ed 2022: [2]<\/p>\n<p><em>\u201eFeder\u00e1ln\u00ed rezervn\u00ed syst\u00e9m dnes na\u0159\u00eddil dal\u0161\u00ed supervelk\u00e9 zv\u00fd\u0161en\u00ed \u00farokov\u00fdch sazeb a nazna\u010dil, \u017ee v nadch\u00e1zej\u00edc\u00edch m\u011bs\u00edc\u00edch pravd\u011bpodobn\u011b dojde k dal\u0161\u00edmu zv\u00fd\u0161en\u00ed sazeb, proto\u017ee se sna\u017e\u00ed zbrzdit prudk\u00fd r\u016fst cen.<\/em><\/p>\n<p><em>Centr\u00e1ln\u00ed banka ve st\u0159edu zv\u00fd\u0161ila svou z\u00e1kladn\u00ed \u00farokovou sazbu o 0,75 procentn\u00edho bodu, co\u017e odpov\u00edd\u00e1 zv\u00fd\u0161en\u00edm z \u010dervna a \u010dervence. Fed zvy\u0161uje v\u00fdp\u016fj\u010dn\u00ed n\u00e1klady nejrychlej\u0161\u00edm tempem za posledn\u00ed desetilet\u00ed. Jeho kroky v\u0161ak zat\u00edm p\u0159\u00edli\u0161 nep\u0159isp\u011bly k omezen\u00ed rychl\u00e9ho r\u016fstu cen.\u201c<\/em><\/p>\n<h2>\u010cek\u00e1 n\u00e1s \u201ev\u00fdjime\u010dn\u00e1 m\u00edra ekonomick\u00e9 nejistoty\u201c<\/h2>\n<p>Vy\u0161\u0161\u00ed \u00farokov\u00e9 sazby samoz\u0159ejm\u011b zvy\u0161uj\u00ed n\u00e1klady na p\u016fj\u010dky, tak\u017ee hypot\u00e9ky na bydlen\u00ed, p\u016fj\u010dky na auto a z\u016fstatky na kreditn\u00edch kart\u00e1ch jsou dra\u017e\u0161\u00ed a pro mnoh\u00e9 nedostupn\u00e9. A to jsme je\u0161t\u011b neza\u017eili to nejhor\u0161\u00ed. Podle MSN[3] Feder\u00e1ln\u00ed rezervn\u00ed syst\u00e9m p\u0159edpokl\u00e1d\u00e1, \u017ee po tomto zv\u00fd\u0161en\u00ed sazeb dojde k dal\u0161\u00edmu zv\u00fd\u0161en\u00ed sazeb v nad\u011bji, \u017ee se poda\u0159\u00ed omezit stagflaci, tedy situaci, kdy ceny rostou a zam\u011bstnanost kles\u00e1.<\/p>\n<p>N\u011bkte\u0159\u00ed se v\u0161ak ob\u00e1vaj\u00ed, \u017ee Feder\u00e1ln\u00ed rezervn\u00ed syst\u00e9m n\u00e1s z recese posouv\u00e1 do deflace. Jak uv\u00e1d\u00ed MSN 21. z\u00e1\u0159\u00ed 2022:[4]<\/p>\n<p><em>\u201eSv\u011btov\u00e1 banka minul\u00fd t\u00fdden upozornila na hrozbu celosv\u011btov\u00e9 recese v d\u016fsledku vy\u0161\u0161\u00edch sazeb v USA a v zahrani\u010d\u00ed. Investo\u0159i se st\u00e1le v\u00edce ob\u00e1vaj\u00ed, \u017ee naru\u0161en\u00ed trhu s americk\u00fdmi vl\u00e1dn\u00edmi dluhopisy by se mohlo zhor\u0161it, proto\u017ee Fed zvy\u0161uje v\u00fdp\u016fj\u010dn\u00ed n\u00e1klady.<\/em><\/p>\n<p><em>Trhy s bydlen\u00edm a akciemi se ot\u0159\u00e1saj\u00ed. A n\u011bkte\u0159\u00ed mana\u017ee\u0159i, jako nap\u0159\u00edklad Elon Musk, gener\u00e1ln\u00ed \u0159editel spole\u010dnosti Tesla, dokonce tvrd\u00ed, \u017ee ekonomice hroz\u00ed vstup do obdob\u00ed deflace&#8230; Politika Fedu se v ekonomice projevuje a\u017e po del\u0161\u00ed dob\u011b, co\u017e znamen\u00e1, \u017ee centr\u00e1ln\u00ed banka m\u016f\u017ee nakonec utlumit ekonomickou aktivitu v\u00edce, ne\u017e je nutn\u00e9, ne\u017e si to uv\u011bdom\u00ed, a to vzhledem k rychlosti, s jakou zvy\u0161uje sazby \u2013 nejrychleji za posledn\u00edch t\u0159icet let.<\/em><\/p>\n<p><em>\u201eExistuje star\u00e9 r\u010den\u00ed, \u017ee n\u011bkdy se utahuje, dokud n\u011bco nepraskne,\u201c \u0159ekla Liz Ann Sondersov\u00e1, hlavn\u00ed investi\u010dn\u00ed strat\u00e9g spole\u010dnosti Charles Schwab. \u201eV tuto chv\u00edli je to opr\u00e1vn\u011bn\u00e1 obava. Tato obt\u00ed\u017en\u00e1 situace vytv\u00e1\u0159\u00ed pro zemi v\u00fdjime\u010dnou m\u00edru ekonomick\u00e9 nejistoty&#8230; V s\u00e1zce je tak\u00e9 d\u016fv\u011bryhodnost samotn\u00e9 centr\u00e1ln\u00ed banky jako\u017eto hlavn\u00edho n\u00e1rodn\u00edho org\u00e1nu pro boj s inflac\u00ed.\u201c<\/em><\/p>\n<h2>Rekordn\u00ed inflace v roce 2022<\/h2>\n<p>Na za\u010d\u00e1tku srpna 2022 prezident Biden prohl\u00e1sil, \u017ee USA m\u011bly v \u010dervenci \u201enulovou inflaci\u201c. Bohu\u017eel chluben\u00ed se zm\u011bnou indexu za jedin\u00fd m\u011bs\u00edc bylo Jediovsk\u00fdm trikem mysli, kter\u00fd na v\u011bt\u0161inu lid\u00ed nezabral. Feder\u00e1ln\u00ed index spot\u0159ebitelsk\u00fdch cen d\u0159\u00edve t\u00e9ho\u017e dne zve\u0159ejnil \u00fadaje, podle nich\u017e meziro\u010dn\u00ed m\u00edra inflace za \u010dervenec \u010dinila 8,5 %, co\u017e je pokles z \u010dervnov\u00fdch 9,1 %, co\u017e byla nejvy\u0161\u0161\u00ed m\u00edra od roku 1981[5].<\/p>\n<p>\u00dadaje \u00da\u0159adu pro statistiku pr\u00e1ce rovn\u011b\u017e hl\u00e1s\u00ed nejvy\u0161\u0161\u00ed meziro\u010dn\u00ed n\u00e1r\u016fst cen potravin od 70. let 20. stolet\u00ed, p\u0159i\u010dem\u017e za posledn\u00edch 12 m\u011bs\u00edc\u016f se ceny potravin zv\u00fd\u0161ily o 10,9 %. Celkov\u011b nejvy\u0161\u0161\u00ed n\u00e1r\u016fst zaznamenaly ceny energi\u00ed, kter\u00e9 mezi \u010dervnem 2021 a \u010dervnem 2022 vzrostly o 41,6 %. Pro srovn\u00e1n\u00ed, ro\u010dn\u00ed infla\u010dn\u00ed c\u00edl Feder\u00e1ln\u00edho rezervn\u00edho syst\u00e9mu \u010din\u00ed 2 %.[6]<\/p>\n<p>Pozd\u011bji ve stejn\u00e9m projevu Biden \u201enecht\u011bn\u011b po\u0161lapal sv\u00e9 vlastn\u00ed poselstv\u00ed\u201c, jak p\u00ed\u0161e New York Post[7] , kdy\u017e vyzval Kongres, aby schv\u00e1lil jeho z\u00e1kon o sn\u00ed\u017een\u00ed inflace.<\/p>\n<p>Biden si je\u0161t\u011b v\u00edc s\u00e1hl na vlastn\u00ed krk a dodal, \u017ee z\u00e1kon \u201ezabr\u00e1n\u00ed tomu, aby se inflace zlep\u0161ila\u201c.[8] Z\u0159ejm\u011b cht\u011bl \u0159\u00edct, \u017ee z\u00e1kon zabr\u00e1n\u00ed tomu, aby se zhor\u0161ila, ale p\u0159esto v tomto p\u0159\u00edpad\u011b mluvil pravdu.<\/p>\n<p>Z\u00e1kon s lep\u0161\u00edm n\u00e1zvem Inflation Act je siln\u011b zam\u011b\u0159en na financov\u00e1n\u00ed \u201ezelen\u00fdch\u201c program\u016f, kter\u00e9 budou financov\u00e1ny z dodate\u010dn\u00fdch dan\u00ed, v\u010detn\u011b nov\u00e9 15% minim\u00e1ln\u00ed dan\u011b z p\u0159\u00edjmu pr\u00e1vnick\u00fdch osob a masivn\u00edho zv\u00fd\u0161en\u00ed vymahatelnosti da\u0148ov\u00e9ho \u00fa\u0159adu. V koment\u00e1\u0159i k n\u00e1vrhu z\u00e1kona kr\u00e1tce po jeho schv\u00e1len\u00ed Sen\u00e1tem sen\u00e1tor Ron Johnson, R-Wis, uvedl:[9]<\/p>\n<p><em>\u201eZ\u00e1kon s orwellovsk\u00fdm n\u00e1zvem &#8218;Inflation Reduction Act&#8216; nic takov\u00e9ho nep\u0159inese, jak uvedla \u0159ada v\u00fdznamn\u00fdch odborn\u00edk\u016f a skupin zab\u00fdvaj\u00edc\u00edch se hospod\u00e1\u0159skou politikou. Penn Wharton Budget Model[10] , Tax Foundation[11] a Congressional Budget Office[12] zjistily, \u017ee n\u00e1vrh z\u00e1kona inflaci nesn\u00ed\u017e\u00ed a mo\u017en\u00e1 ji je\u0161t\u011b zhor\u0161\u00ed.<\/em><\/p>\n<p><em>IRS by se v\u00edce ne\u017e zdvojn\u00e1sobil, co\u017e by znamenalo 87 000 nov\u00fdch agent\u016f pro vym\u00e1h\u00e1n\u00ed pr\u00e1va v americk\u00fdch rodin\u00e1ch&#8230; [a] nestranick\u00fd Spole\u010dn\u00fd v\u00fdbor pro dan\u011b uv\u00e1d\u00ed, \u017ee 78 % a\u017e 90 % p\u0159\u00edjm\u016f z\u00edskan\u00fdch z nespr\u00e1vn\u011b p\u0159iznan\u00fdch p\u0159\u00edjm\u016f by pravd\u011bpodobn\u011b poch\u00e1zelo od osob s p\u0159\u00edjmem ni\u017e\u0161\u00edm ne\u017e 200 000 dolar\u016f.\u201c<\/em><\/p>\n<h2>Hroz\u00edc\u00ed polykrize<\/h2>\n<p>Jakkoli se zd\u00e1, \u017ee ekonomick\u00fd v\u00fdvoj je \u0161patn\u00fd, nen\u00ed to v\u0161e, s \u010d\u00edm se budeme muset v nadch\u00e1zej\u00edc\u00edch dnech pot\u00fdkat. Jak je podrobn\u011b pops\u00e1no v \u010dl\u00e1nku \u201e<a href=\"https:\/\/takecontrol.substack.com\/p\/polycrisis\" target=\"_blank\" rel=\"external noopener\">Ekonomick\u00fd expert vysv\u011btluje hroz\u00edc\u00ed polykrizi zk\u00e1zy<\/a>\u201c, ob\u010dan\u00e9 sv\u011bta v sou\u010dasn\u00e9 dob\u011b \u010del\u00ed cel\u00e9 \u0159ad\u011b vz\u00e1jemn\u011b se prol\u00ednaj\u00edc\u00edch a propojen\u00fdch kriz\u00ed.<\/p>\n<p>Adam Tooze, historik finan\u010dn\u00edch kriz\u00ed a \u0159editel Evropsk\u00e9ho institutu na Kolumbijsk\u00e9 univerzit\u011b, p\u0159edpov\u00edd\u00e1, \u017ee v p\u0159\u00ed\u0161t\u00edch \u0161esti a\u017e osmn\u00e1cti m\u011bs\u00edc\u00edch m\u016f\u017ee vypuknout a slou\u010dit se n\u011bkolik kriz\u00ed, v\u010detn\u011b potravinov\u00e9 krize, energetick\u00e9 krize, pandemie, stagflace, krize st\u00e1tn\u00edho dluhu euroz\u00f3ny a potenci\u00e1ln\u00ed jadern\u00e9 v\u00e1lky.<\/p>\n<p>Jak vysv\u011btluje Tooze, \u201epolykrize\u201c nen\u00ed jen p\u0159\u00edtomnost n\u011bkolika kriz\u00ed najednou. Je to sp\u00ed\u0161e \u201esituace, &#8230; kdy je celek je\u0161t\u011b nebezpe\u010dn\u011bj\u0161\u00ed ne\u017e sou\u010det jednotliv\u00fdch \u010d\u00e1st\u00ed\u201c.[13] Tyto krize n\u00e1s zasahuj\u00ed v\u0161echny najednou a n\u011bkolik z nich se navz\u00e1jem posiluje a zhor\u0161uje. Pozoruhodn\u00e1 je tak\u00e9 skute\u010dnost, \u017ee s n\u011bkter\u00fdmi z nich je spojena velk\u00e1 nejistota, tak\u017ee je velmi obt\u00ed\u017en\u00e9 d\u011blat p\u0159edpov\u011bdi.<\/p>\n<p>Krom\u011b vliv\u016f, na kter\u00e9 upozornil Tooze, by se k nim mohly p\u0159idat i dal\u0161\u00ed, nap\u0159\u00edklad zbrojen\u00ed americk\u00e9ho dolaru, kter\u00e9 podn\u011bcuje zem\u011b k de-dolarizaci a vytv\u00e1\u0159en\u00ed alternativn\u00edch rezervn\u00edch m\u011bn, vm\u011b\u0161ov\u00e1n\u00ed NATO a USA do rusko-ukrajinsk\u00e9ho konfliktu, snaha o roz\u0161\u00ed\u0159en\u00ed NATO a umo\u017en\u011bn\u00ed zdravotn\u00edm agentur\u00e1m diktovat hospod\u00e1\u0159skou politiku, abychom jmenovali alespo\u0148 n\u011bkter\u00e9.<\/p>\n<h2>Tyto krize nejsou n\u00e1hodn\u00e9<\/h2>\n<p>Na na\u0161\u00ed sou\u010dasn\u00e9 situaci je asi nejv\u00edc k vzteku to, \u017ee nen\u00ed n\u00e1hodn\u00e1. Nen\u00ed to ani v\u00fdsledek \u010dir\u00e9 neschopnosti. Jakmile pochop\u00edte pl\u00e1n globalistick\u00e9 kabaly na Velk\u00fd reset, uv\u011bdom\u00edte si, \u017ee v\u0161echny tyto v\u011bci se mus\u00ed st\u00e1t, aby se Velk\u00fd reset mohl uskute\u010dnit. Proto\u017ee k resetu nem\u016f\u017ee doj\u00edt, pokud nebudou nejprve zni\u010deny v\u0161echny star\u00e9 syst\u00e9my, racion\u00e1ln\u00ed z\u00e1v\u011br je, \u017ee jsou demontov\u00e1ny a ochromov\u00e1ny z\u00e1m\u011brn\u011b.<\/p>\n<p>Glob\u00e1ln\u00ed ekonomick\u00fd syst\u00e9m je demontov\u00e1n s c\u00edlem zav\u00e9st programovatelnou digit\u00e1ln\u00ed m\u011bnu centr\u00e1ln\u00ed banky (CBDC), kter\u00e1 bude moci sledovat a kontrolovat va\u0161e v\u00fddaje z centr\u00e1ln\u00edho m\u00edsta.<\/p>\n<p>Energetick\u00e9 s\u00edt\u011b z\u00e1padn\u00edho sv\u011bta jsou demontov\u00e1ny a znemo\u017e\u0148ov\u00e1ny, aby se ospravedlnila nov\u00e1 \u201ezelen\u00e1\u201c ekonomika zalo\u017een\u00e1 na uhl\u00edkov\u00fdch kreditech. To tak\u00e9 p\u0159ivede lidi na pokraj zoufalstv\u00ed, d\u00edky \u010demu\u017e s v\u011bt\u0161\u00ed pravd\u011bpodobnost\u00ed p\u0159ijmou \u201e\u0159e\u0161en\u00ed\u201c, kter\u00e1 by za norm\u00e1ln\u00edch okolnost\u00ed odm\u00edtli jako nep\u0159ijateln\u00e1.<\/p>\n<p>\u201eZelen\u00e1\u201c spole\u010dnost pln\u011b elektrick\u00fdch vozidel \u2013 pokud by to bylo v\u016fbec mo\u017en\u00e9, co\u017e nen\u00ed \u2013 by tak\u00e9 dramaticky omezila va\u0161i mo\u017enost cestovat a ve\u0161ker\u00e9 cestov\u00e1n\u00ed by pak mohlo b\u00fdt monitorov\u00e1no a omezov\u00e1no z centr\u00e1ln\u00edho m\u00edsta, stejn\u011b jako v\u00e1\u0161 bankovn\u00ed \u00fa\u010det. Jak CBDC, tak elektromobily jsou n\u00e1stroje, jejich\u017e prost\u0159ednictv\u00edm m\u016f\u017ee centralizovan\u00e1 kabala kontrolovat ka\u017ed\u00fd v\u00e1\u0161 krok.<\/p>\n<p>Zem\u011bd\u011blstv\u00ed a potravin\u00e1\u0159sk\u00fd pr\u016fmysl jsou mezit\u00edm \u010d\u00e1ste\u010dn\u011b ochromeny iracion\u00e1ln\u00edmi z\u00e1kony o sni\u017eov\u00e1n\u00ed dus\u00edku, kter\u00e9 povedou k tomu, \u017ee se bude p\u011bstovat m\u00e9n\u011b potravin a chovat m\u00e9n\u011b hospod\u00e1\u0159sk\u00fdch zv\u00ed\u0159at, a \u010d\u00e1ste\u010dn\u011b ji\u017e ne n\u00e1hodn\u00fdmi po\u017e\u00e1ry, aby mohl b\u00fdt zaveden nov\u00fd potravinov\u00fd syst\u00e9m \u2013 syst\u00e9m zalo\u017een\u00fd na \u201emikro\u017eivo\u010di\u0161stv\u00ed\u201c, tj. hmyzu, kultivovan\u00e9m mase, rostlinn\u00fdch alternativ\u00e1ch masa a GMO rostlinn\u00fdch potravin\u00e1ch.<\/p>\n<p>Spole\u010dn\u00fdm jmenovatelem je, \u017ee v\u0161echny potraviny mus\u00ed b\u00fdt patentovateln\u00e9. Nedostatek potravin, stejn\u011b jako nedostatek energie, tak\u00e9 zp\u016fsobuje, \u017ee lid\u00e9 jsou \u201epoddajn\u011bj\u0161\u00ed\u201c a ochotn\u011bj\u0161\u00ed vzd\u00e1t se pr\u00e1v a svobod, aby p\u0159e\u017eili.<\/p>\n<p>Zdravotn\u00ed p\u00e9\u010de je tak\u00e9 podkop\u00e1v\u00e1na a st\u00e1v\u00e1 se den ode dne nebezpe\u010dn\u011bj\u0161\u00ed, proto\u017ee l\u00e9ka\u0159i dost\u00e1vaj\u00ed n\u00e1hubek prost\u0159ednictv\u00edm nov\u00fdch z\u00e1kon\u016f a Sv\u011btov\u00e1 zdravotnick\u00e1 organizace\u00a0<a href=\"https:\/\/takecontrol.substack.com\/p\/trust-who\" target=\"_blank\" rel=\"external noopener\">se sna\u017e\u00ed<\/a>\u00a0\u2013 s od\u016fvodn\u011bn\u00edm biologick\u00e9 bezpe\u010dnosti \u2013 ud\u011blit si pravomoc diktovat a kontrolovat zdravotn\u00ed p\u00e9\u010di po cel\u00e9m sv\u011bt\u011b. Mysl\u00edm, \u017ee d\u016fvodem centralizace zdravotn\u00ed p\u00e9\u010de pod WHO je snaz\u0161\u00ed p\u0159echod k transhumanismu.<\/p>\n<p>WHO piln\u011b pracuje na glob\u00e1ln\u00edm o\u010dkovac\u00edm pasu a prezident Biden ned\u00e1vno podepsal na\u0159\u00edzen\u00ed[14] , kter\u00e9 urychluje injekce mRNA a dal\u0161\u00ed genov\u00e9 terapie, \u201eaby bylo mo\u017en\u00e9 ps\u00e1t obvody pro bu\u0148ky a p\u0159edv\u00eddateln\u011b programovat biologii stejn\u00fdm zp\u016fsobem, jak\u00fdm p\u00ed\u0161eme software a programujeme po\u010d\u00edta\u010de\u201c. Tak\u017ee u\u017e nen\u00ed od v\u011bci p\u0159edstavit si sv\u011bt, ve kter\u00e9m budete muset dost\u00e1vat pravideln\u00e9 injekce genov\u00e9 terapie, abyste byli schopni fungovat ve spole\u010dnosti.<\/p>\n<p>A vzhledem k Bidenovu na\u0159\u00edzen\u00ed a nov\u00e9mu \u201ebudouc\u00edmu r\u00e1mci\u201c \u00da\u0159adu pro kontrolu potravin a l\u00e9\u010div, kter\u00fd umo\u017e\u0148uje zav\u00e1d\u011bt reformulovan\u00e9 mRNA injekce bez testov\u00e1n\u00ed, se zd\u00e1, \u017ee lidstvo jako celek se stane pokusn\u00fdmi kr\u00e1l\u00edky pro nespo\u010det genetick\u00fdch experiment\u016f, aby se zjistilo, co funguje a co ne.<\/p>\n<p>Transhumanistick\u00e1 kabala\u00a0<a href=\"https:\/\/takecontrol.substack.com\/p\/global-takeover\" target=\"_blank\" rel=\"external noopener\">m\u00e1 nakonec v \u00famyslu<\/a>\u00a0ud\u011blat ze sebe nesmrteln\u00e9 nadlidi. Ke zdokonalen\u00ed t\u011bchto radik\u00e1ln\u00edch technologi\u00ed v\u0161ak pot\u0159ebuj\u00ed testovac\u00ed subjekty \u2013 a t\u011bmi budeme my v\u0161ichni. Mohl bych pokra\u010dovat, ale mysl\u00edm, \u017ee jste pochopili podstatu. Zlomy, kter\u00e9 za\u017e\u00edv\u00e1me, nejsou n\u00e1hodn\u00e9. Jsou z\u00e1m\u011brn\u00e9.<\/p>\n<p>C\u00edlem je v\u0161echno rozb\u00edt a pot\u00e9 vytvo\u0159it \u201enovou a vylep\u0161enou\u201c spole\u010dnost, kter\u00e1 se bude skl\u00e1dat z vl\u00e1dnouc\u00ed t\u0159\u00eddy a disponibiln\u00edch mas, je\u017e budou ovl\u00e1d\u00e1ny prost\u0159ednictv\u00edm technologick\u00e9ho soci\u00e1ln\u00edho in\u017een\u00fdrstv\u00ed a kontroln\u00edch mechanism\u016f, jako je dohled, \u201ebiologick\u00e1 bezpe\u010dnost\u201c, CBDC, elektromobily, genov\u00e9 terapie, uhl\u00edkov\u00e9 kredity a soci\u00e1ln\u00ed kreditn\u00ed sk\u00f3re.<\/p>\n<h2>Co m\u016f\u017eete ud\u011blat pro p\u0159\u00edpravu<\/h2>\n<p>Centr\u00e1ln\u00ed bankovn\u00ed kabala a jej\u00ed \u010detn\u00ed spojenci infiltrovali vl\u00e1dy a instituce po cel\u00e9m sv\u011bt\u011b po mnoho desetilet\u00ed a pomalu obraceli syst\u00e9my proti n\u00e1m. Nyn\u00ed se nach\u00e1z\u00edme v posledn\u00ed kapitole jejich technokratick\u00e9ho, transhumanistick\u00e9ho p\u0159evzet\u00ed moci.<\/p>\n<p>\u0158ekli n\u00e1m sv\u00e9 pl\u00e1ny. V\u0161e je pops\u00e1no v b\u00edl\u00fdch knih\u00e1ch, zpr\u00e1v\u00e1ch, knih\u00e1ch a na webov\u00fdch str\u00e1nk\u00e1ch. Velk\u00fd reset je zast\u0159e\u0161uj\u00edc\u00ed pl\u00e1n glob\u00e1ln\u00edho p\u0159evzet\u00ed moci, d\u0159\u00edve ozna\u010dovan\u00fd jako Nov\u00fd sv\u011btov\u00fd \u0159\u00e1d. \u010ctvrt\u00e1 pr\u016fmyslov\u00e1 revoluce je transhumanistick\u00e1 \u010d\u00e1st tohoto pl\u00e1nu a Zelen\u00e1 agenda je \u010d\u00e1st, kter\u00e1 zavede z\u00e1kladn\u00ed kontroln\u00ed mechanismy.<\/p>\n<p>Bezpochyby maj\u00ed v rukou ohromn\u00e9 zbran\u011b. Ne\u017e se v\u0161ak za\u010dnete ut\u00e1p\u011bt v zoufalstv\u00ed, nezapome\u0148te, \u017ee n\u00e1s je st\u00e1le v\u00edce ne\u017e des\u00edtky milion\u016f, ne-li v\u00edce. A v\u011b\u0159te nebo ne, pot\u0159ebuj\u00ed na\u0161i spolupr\u00e1ci. Pokud n\u00e1s dostate\u010dn\u00fd po\u010det odm\u00edtne spolupracovat, jejich pl\u00e1ny se za\u010dnou hroutit. Ne\u0159\u00edk\u00e1m, \u017ee to bude snadn\u00e9. Bude to vy\u017eadovat ob\u011bti. Ale to nen\u00ed nic nov\u00e9ho. Svoboda v\u017edy vy\u017eadovala ob\u011bti.<\/p>\n<p>Dv\u011b z nejd\u016fle\u017eit\u011bj\u0161\u00edch v\u011bc\u00ed, kter\u00e9 m\u016f\u017ee ka\u017ed\u00fd ud\u011blat pr\u00e1v\u011b te\u010f, jsou: 1) p\u0159ipravit sebe a sv\u00e9 rodiny na t\u011b\u017ek\u00e9 \u010dasy (pokud jste se dosud nep\u0159ipravovali, te\u010f je ten spr\u00e1vn\u00fd \u010das) a 2) za\u010d\u00edt budovat paraleln\u00ed struktury a syst\u00e9my, kter\u00e9 nahrad\u00ed ty, kter\u00e9 jsou demontov\u00e1ny.<\/p>\n<p>Jde o to, abychom p\u0159e\u017eili a znovu vybudovali sv\u011bt podle vlastn\u00edho v\u00fdb\u011bru, a ne abychom byli nuceni z \u010dir\u00e9ho zoufalstv\u00ed p\u0159ijmout ten jejich. Mezi strategie, kter\u00e9 mohou pos\u00edlit individu\u00e1ln\u00ed a m\u00edstn\u00ed odolnost v\u016f\u010di stres\u016fm, jim\u017e \u010del\u00edme, pat\u0159\u00ed vytv\u00e1\u0159en\u00ed m\u00edstn\u00edch potravinov\u00fdch syst\u00e9m\u016f[15] a posilov\u00e1n\u00ed sousedsk\u00fdch a komunitn\u00edch vazeb.<\/p>\n<p>Budov\u00e1n\u00edm siln\u00e9ho m\u00edstn\u00edho potravinov\u00e9ho syst\u00e9mu sni\u017eujete potravinovou nejistotu a budov\u00e1n\u00edm komunitn\u00ed s\u00edt\u011b odborn\u00edk\u016f sni\u017eujete dopady rozpadaj\u00edc\u00edho se finan\u010dn\u00edho syst\u00e9mu, proto\u017ee m\u016f\u017eete jednodu\u0161e sm\u011b\u0148ovat zbo\u017e\u00ed a slu\u017eby. Pro ty, kte\u0159\u00ed nemaj\u00ed zku\u0161enosti s p\u011bstov\u00e1n\u00edm potravin, je rozumn\u00e9 spojit se s m\u00edstn\u00edmi zem\u011bd\u011blci, s nimi\u017e souzn\u00edte a kte\u0159\u00ed mohou p\u0159idat dopl\u0148uj\u00edc\u00ed dovednosti. Nezapome\u0148te, \u017ee k p\u0159ekon\u00e1n\u00ed t\u00e9to situace je zapot\u0159eb\u00ed spole\u010denstv\u00ed.<\/p>\n<p>Soci\u00e1ln\u00ed soudr\u017enost nab\u00edz\u00ed tak\u00e9 mnoho psychologick\u00fdch v\u00fdhod.[16] M\u00edstn\u00ed potravinov\u00e9 syst\u00e9my i komunitn\u00ed s\u00edt\u011b tak\u00e9 sni\u017euj\u00ed z\u00e1vislost jednotlivc\u016f na st\u00e1tn\u00edch d\u00e1vk\u00e1ch, a t\u00edm p\u00e1dem je m\u00e9n\u011b pravd\u011bpodobn\u00e9, \u017ee budou nuceni zapojit se do t\u011bchto nov\u00fdch otrock\u00fdch syst\u00e9m\u016f Velk\u00e9ho resetu. \u010cl\u00e1nek StrongTown z roku 2017[17] poskytuje n\u011bkolik vynikaj\u00edc\u00edch n\u00e1vrh\u016f pro ty, kte\u0159\u00ed cht\u011bj\u00ed st\u00e1t v \u010dele m\u00edstn\u00edho potravinov\u00e9ho hnut\u00ed ve sv\u00e9m rodn\u00e9m m\u011bst\u011b.<\/p>\n<h2>Dal\u0161\u00ed n\u00e1vrhy<\/h2>\n<p>Je d\u016fle\u017eit\u00e9, abyste se i nad\u00e1le p\u0159ipravovali na nevyhnutelnou finan\u010dn\u00ed katastrofu a stali se co nejv\u00edce nez\u00e1visl\u00fdmi a odoln\u00fdmi. Ud\u011blejte si z\u00e1soby a zjist\u011bte, jak \u017e\u00edt v re\u017eimu \u201eoff grid\u201c pro p\u0159\u00edpad, \u017ee by n\u00e1hle zmizely ka\u017edodenn\u00ed vymo\u017eenosti. V leto\u0161n\u00edm roce jsem nab\u00eddl mnoho \u010dl\u00e1nk\u016f o tom, jak se m\u016f\u017eete p\u0159ipravit na potraviny, vodu a dal\u0161\u00ed krizov\u00e9 situace, kter\u00e9\u00a0<a href=\"https:\/\/takecontrol.substack.com\/archive?sort=new\" target=\"_blank\" rel=\"external noopener\">najdete v m\u00e9 knihovn\u011b Substack<\/a>.<\/p>\n<p>Krom\u011b \u201einvestice\u201c do skladovateln\u00fdch potravin, syst\u00e9mu na zachyt\u00e1v\u00e1n\u00ed vody a dal\u0161\u00edch nezbytn\u00fdch v\u011bc\u00ed, jejich\u017e cena se bude pouze zvy\u0161ovat nebo se stanou nedostupn\u00fdmi, m\u016f\u017eete tak\u00e9 zv\u00e1\u017eit n\u00e1kup fyzick\u00fdch drah\u00fdch kov\u016f, kter\u00e9 mohou pomoci chr\u00e1nit p\u0159ed znehodnocen\u00edm m\u011bny. Dal\u0161\u00ed mo\u017enost\u00ed m\u016f\u017ee b\u00fdt investice do re\u00e1ln\u00fdch aktiv, nap\u0159\u00edklad do p\u016fdy.<\/p>\n<p>Je t\u011b\u017ek\u00e9 d\u00e1vat jednozna\u010dn\u00e1 doporu\u010den\u00ed, proto\u017ee va\u0161e strategie bude z\u00e1viset na va\u0161\u00ed osobn\u00ed situaci, proto si dejte \u010das na rozmy\u0161lenou. Pokud se nijak nezajist\u00edte, m\u016f\u017ee se st\u00e1t, \u017ee jednoho dne z\u016fstanete bez prost\u0159edk\u016f \u2013 co\u017e je p\u0159esn\u011b to, co Sv\u011btov\u00e9 ekonomick\u00e9 f\u00f3rum prohl\u00e1silo, \u017ee bude na\u0161\u00edm \u00fad\u011blem.<\/p>\n<p>Je tak\u00e9 d\u016fle\u017eit\u00e9, abyste byli co nejzdrav\u011bj\u0161\u00ed. Ned\u00e1vn\u00e1 studie uk\u00e1zala, \u017ee\u00a0<a href=\"https:\/\/takecontrol.substack.com\/p\/cardiometabolic-health\" target=\"_blank\" rel=\"external noopener\">93 % dosp\u011bl\u00fdch Ameri\u010dan\u016f je metabolicky nezdrav\u00fdch<\/a>, a to byly statistiky star\u00e9 \u010dty\u0159i roky. Je pravd\u011bpodobn\u00e9, \u017ee toto \u010d\u00edslo nyn\u00ed p\u0159esahuje 95 %. Chcete b\u00fdt t\u00edm 1 \u010dlov\u011bkem z 20, kter\u00fd je zdrav\u00fd. Dejte si za c\u00edl b\u00fdt v t\u00e9to skupin\u011b.<\/p>\n<p>Je to tak d\u016fle\u017eit\u00e9, \u017ee p\u0159ipravuji pr\u016fzkum, abych zjistil, kolik procent je to pro na\u0161e p\u0159edplatitele. Bylo by to o n\u011bco p\u0159esn\u011bj\u0161\u00ed, proto\u017ee do n\u00ed zahrnu i takov\u00e9 ukazatele, jako je vitam\u00ednov\u00e1 hodina denn\u011b na slunci a cvi\u010den\u00ed. Za\u010dn\u011bte tedy b\u00fdt metabolicky fit hned te\u010f.<\/p>\n<p>P\u0159ipravte se tak\u00e9 psychicky, emocion\u00e1ln\u011b a duchovn\u011b na to, \u017ee by to mohly b\u00fdt stresuj\u00edc\u00ed a n\u00e1ro\u010dn\u00e9 \u010dasy, proto\u017ee globalistick\u00e1 kabala pokra\u010duje v prosazov\u00e1n\u00ed Velk\u00e9ho resetu, kter\u00fd bude vy\u017eadovat dal\u0161\u00ed \u201emimo\u0159\u00e1dn\u00e9 ud\u00e1losti\u201c.<\/p>\n<p><strong>Dr. Joseph Mercola<\/strong><\/p>\n<h2>Pozn\u00e1mky<\/h2>\n<ol>\n<li><a href=\"https:\/\/www.msn.com\/en-us\/money\/markets\/stubborn-inflation-propels-another-fed-rate-hike-what-to-know-about-rising-prices-and-the-economy\/ar-AAKdb6F\" target=\"_blank\" rel=\"external noopener\">MSN 21. z\u00e1\u0159\u00ed 2022<\/a><\/li>\n<li><a href=\"https:\/\/www.npr.org\/2022\/09\/21\/1124101447\/another-big-interest-rate-hike-is-coming-as-the-fed-battles-stubborn-inflation\" target=\"_blank\" rel=\"external noopener\">NPR 21. z\u00e1\u0159\u00ed 2022<\/a><\/li>\n<li><a href=\"https:\/\/www.msn.com\/en-us\/money\/markets\/stubborn-inflation-propels-another-fed-rate-hike-what-to-know-about-rising-prices-and-the-economy\/ar-AAKdb6F\" target=\"_blank\" rel=\"external noopener\">MSN 21. z\u00e1\u0159\u00ed 2022<\/a><\/li>\n<li><a href=\"https:\/\/www.msn.com\/en-us\/money\/markets\/stubborn-inflation-propels-another-fed-rate-hike-what-to-know-about-rising-prices-and-the-economy\/ar-AAKdb6F\" target=\"_blank\" rel=\"external noopener\">MSN Money 21. z\u00e1\u0159\u00ed 2022<\/a><\/li>\n<li><a href=\"https:\/\/nypost.com\/2022\/08\/10\/biden-wh-claims-us-has-zero-inflation-despite-high-rate\/\" target=\"_blank\" rel=\"external noopener\">NY Post 10. srpna 2022<\/a><\/li>\n<li><a href=\"https:\/\/nypost.com\/2022\/08\/10\/biden-wh-claims-us-has-zero-inflation-despite-high-rate\/\" target=\"_blank\" rel=\"external noopener\">NY Post 10. srpna 2022<\/a><\/li>\n<li><a href=\"https:\/\/nypost.com\/2022\/08\/10\/biden-wh-claims-us-has-zero-inflation-despite-high-rate\/\" target=\"_blank\" rel=\"external noopener\">NY Post 10. srpna 2022<\/a><\/li>\n<li><a href=\"https:\/\/nypost.com\/2022\/08\/10\/biden-wh-claims-us-has-zero-inflation-despite-high-rate\/\" target=\"_blank\" rel=\"external noopener\">NY Post 10. srpna 2022<\/a><\/li>\n<li><a href=\"https:\/\/nypost.com\/2022\/08\/10\/biden-wh-claims-us-has-zero-inflation-despite-high-rate\/\" target=\"_blank\" rel=\"external noopener\">NY Post 10. srpna 2022<\/a><\/li>\n<li><a href=\"https:\/\/budgetmodel.wharton.upenn.edu\/issues\/2022\/7\/29\/inflation-reduction-act-preliminary-estimates\" target=\"_blank\" rel=\"external noopener\">Rozpo\u010dtov\u00fd model Penn Wharton<\/a><\/li>\n<li><a href=\"https:\/\/taxfoundation.org\/inflation-reduction-act\/#.Yul_n1Vy6oU.twitter\" target=\"_blank\" rel=\"external noopener\">Tax Foundation 12. srpna 2022<\/a><\/li>\n<li><a href=\"https:\/\/www.cbo.gov\/system\/files\/2022-08\/58357-Graham.pdf\" target=\"_blank\" rel=\"external noopener\">Rozpo\u010dtov\u00fd \u00fa\u0159ad Kongresu 4. srpna 2022<\/a><\/li>\n<li><a href=\"https:\/\/adamtooze.substack.com\/p\/chartbook-130-defining-polycrisis\" target=\"_blank\" rel=\"external noopener\">Adam Tooze Substack 24. \u010dervna 2022<\/a><\/li>\n<li><a href=\"https:\/\/www.whitehouse.gov\/briefing-room\/presidential-actions\/2022\/09\/12\/executive-order-on-advancing-biotechnology-and-biomanufacturing-innovation-for-a-sustainable-safe-and-secure-american-bioeconomy\/\" target=\"_blank\" rel=\"external noopener\">V\u00fdkonn\u00fd p\u0159\u00edkaz o pokroku v biotechnologii a inovaci biov\u00fdroby pro udr\u017eitelnou, bezpe\u010dnou a bezpe\u010dnou americkou bioekonomiku<\/a><\/li>\n<li><a href=\"https:\/\/www.treehugger.com\/how-build-strong-local-food-system-4854047\" target=\"_blank\" rel=\"external noopener\">Treehugger 11. \u0159\u00edjna 2018<\/a><\/li>\n<li><a href=\"https:\/\/www.npr.org\/2013\/01\/03\/168509385\/neighborhood-connections-key-to-surving-a-crisis\" target=\"_blank\" rel=\"external noopener\">NPR 3. ledna 2013<\/a><\/li>\n<li><a href=\"https:\/\/www.strongtowns.org\/journal\/2017\/8\/4\/local-food-turning-your-greens-into-greenbacks\" target=\"_blank\" rel=\"external noopener\">StrongTown 7. srpna 2017<\/a><\/li>\n<\/ol>\n<div class=\"podcarou\">\n<p><a href=\"https:\/\/www.globalresearch.ca\/how-turn-tables-tyrants-waging-economic-war\/5795475\" target=\"_blank\" rel=\"external noopener\">How to Turn the Tables on Tyrants Waging the Economic War<\/a> vy\u0161el na Global Research 5.10.2022. P\u0159eklad Zv\u011bdavec.<\/p>\n<p>P\u0159evzato\u00a0<a href=\"https:\/\/zvedavec.news\/komentare\/2022\/10\/9350-jak-zatocit-s-tyrany-kteri-vedou-ekonomickou-valku.htm\">Zvedavec.org<\/a><\/p>\n<\/div>\n<\/section>\n","protected":false},"excerpt":{"rendered":"<p>Feder\u00e1ln\u00ed rezervn\u00ed syst\u00e9m ned\u00e1vno na\u0159\u00eddil dal\u0161\u00ed \u201esupervelk\u00e9 zv\u00fd\u0161en\u00ed \u00farokov\u00fdch sazeb\u201c \u2013 p\u00e1t\u00e9 zv\u00fd\u0161en\u00ed v tomto&#8230;<\/p>\n","protected":false},"author":2,"featured_media":12444,"comment_status":"closed","ping_status":"closed","sticky":false,"template":"","format":"standard","meta":[],"categories":[7],"tags":[1042,59,45,29],"_links":{"self":[{"href":"https:\/\/www.infokuryr.cz\/n\/wp-json\/wp\/v2\/posts\/16318"}],"collection":[{"href":"https:\/\/www.infokuryr.cz\/n\/wp-json\/wp\/v2\/posts"}],"about":[{"href":"https:\/\/www.infokuryr.cz\/n\/wp-json\/wp\/v2\/types\/post"}],"author":[{"embeddable":true,"href":"https:\/\/www.infokuryr.cz\/n\/wp-json\/wp\/v2\/users\/2"}],"replies":[{"embeddable":true,"href":"https:\/\/www.infokuryr.cz\/n\/wp-json\/wp\/v2\/comments?post=16318"}],"version-history":[{"count":0,"href":"https:\/\/www.infokuryr.cz\/n\/wp-json\/wp\/v2\/posts\/16318\/revisions"}],"wp:featuredmedia":[{"embeddable":true,"href":"https:\/\/www.infokuryr.cz\/n\/wp-json\/wp\/v2\/media\/12444"}],"wp:attachment":[{"href":"https:\/\/www.infokuryr.cz\/n\/wp-json\/wp\/v2\/media?parent=16318"}],"wp:term":[{"taxonomy":"category","embeddable":true,"href":"https:\/\/www.infokuryr.cz\/n\/wp-json\/wp\/v2\/categories?post=16318"},{"taxonomy":"post_tag","embeddable":true,"href":"https:\/\/www.infokuryr.cz\/n\/wp-json\/wp\/v2\/tags?post=16318"}],"curies":[{"name":"wp","href":"https:\/\/api.w.org\/{rel}","templated":true}]}}