{"id":16316,"date":"2022-10-07T00:28:17","date_gmt":"2022-10-06T22:28:17","guid":{"rendered":"http:\/\/www.infokuryr.cz\/n\/?p=16316"},"modified":"2022-10-07T03:30:26","modified_gmt":"2022-10-07T01:30:26","slug":"rezimni-umelec-stavi-v-praze-hlavnim-meste-zidovskeho-okultismu-obri-sochu-oslavujici-demona","status":"publish","type":"post","link":"https:\/\/www.infokuryr.cz\/n\/2022\/10\/07\/rezimni-umelec-stavi-v-praze-hlavnim-meste-zidovskeho-okultismu-obri-sochu-oslavujici-demona\/","title":{"rendered":"Re\u017eimn\u00ed \u201eum\u011blec\u201c stav\u00ed v Praze, hlavn\u00edm m\u011bst\u011b \u017eidovsk\u00e9ho okultismu, ob\u0159\u00ed sochu oslavuj\u00edc\u00ed d\u00e9mona"},"content":{"rendered":"<div id=\"fb-root\"><\/div>\n<p>V pra\u017esk\u00e9m Karl\u00edne vyr\u016fst\u00e1\u00a0<a href=\"https:\/\/www.idnes.cz\/praha\/zpravy\/karlin-socha-dum-fragment-trigema-david-cerny-architektura.A221003_090319_praha-zpravy_baky\">zvl\u00e1\u0161tn\u00ed monstrum<\/a>.\u00a0<strong>Nov\u011b stav\u011bn\u00fd obytn\u00fd d\u016fm m\u00e1 jako \u201edekoraci\u201c ob\u0159\u00ed \u017eenskou sochu nazvanou Lilith. Stavbu prov\u00e1d\u00ed spole\u010dnost Trigema a m\u00e1 b\u00fdt dokon\u010dena letos.<\/strong><\/p>\n<p><strong>Pro b\u011b\u017en\u00e9ho poj\u00edda\u010de p\u00e1rk\u016f je to jen asi dal\u0161\u00ed bizardn\u00ed um\u011bn\u00ed. Kdo ale trochu ch\u00e1pe souvislosti a um\u00ed si z nich sestavit cel\u00fd obr\u00e1zek, tak mus\u00ed zpozorn\u011bt<\/strong>. Zde jsou hlavn\u00ed kousky skl\u00e1danky.<\/p>\n<p>Autorem d\u00edla je prore\u017eimn\u00ed\u00a0<strong>um\u011blec David \u010cern\u00fd, kter\u00fd se sp\u00ed\u0161 ne\u017e um\u011bn\u00edm ve skute\u010dnosti zab\u00fdv\u00e1 \u201epolitickou a spole\u010denskou agitac\u00ed\u201c. Jeho d\u00edla zesm\u011b\u0161\u0148uj\u00edc\u00ed \u010desk\u00e9 n\u00e1rodn\u00ed symboly<\/strong>\u00a0( nap\u0159\u00edklad dv\u011b figury mo\u010d\u00edc\u00ed na obrys \u010cesk\u00e9 republiky apod.)\u00a0<strong>jsou neslavn\u011b proslul\u00e9, stejn\u011b jako jeho nen\u00e1vist ke v\u0161emu \u010desk\u00e9mu a norm\u00e1ln\u00edmu.<\/strong><\/p>\n<p>Stavba vznik\u00e1 v\u00a0<strong>Praze, kter\u00e1 je po stalet\u00ed pova\u017eov\u00e1na za hlavn\u00ed centrum \u017eidovsk\u00e9ho okultismu v\u010detn\u011b kabalismu a okultn\u00edch praktik.<\/strong>\u00a0Kdo o tom pochybuje, a\u0165 se v p\u00e1tek ve\u010der p\u0159ed z\u00e1padem slunce vyprav\u00ed na pra\u017esk\u00e9 star\u00e9 m\u011bsto a bude si p\u0159ipadat jako v Jeruzal\u00e9m\u011b u chr\u00e1mov\u00e9 hory. O Golemovi a Rabi Loewowi jste snad u\u017e tak\u00e9 sly\u0161eli?!<\/p>\n<p><strong>Lilith je podle \u017eidovsk\u00fdch svat\u00fdch knih \u017eensk\u00fd d\u00e9mon, kter\u00fd byl prvn\u00ed \u017eenskou bytost\u00ed v dob\u011b stvo\u0159en\u00ed Adama. V rab\u00ednsk\u00e9 literatu\u0159e je<a href=\"https:\/\/en.wikipedia.org\/wiki\/Lilith#Kabbalah\">\u00a0Lilith d\u00e9monem<\/a>, kter\u00fd p\u0159in\u00e1\u0161\u00ed zk\u00e1zu, obcuje s osam\u011bl\u00fdmi mu\u017ei proti jejich v\u016fli, krade mal\u00e9 d\u011bti a je t\u0159eba se p\u0159ed jeho moc\u00ed chr\u00e1nit pomoc\u00ed magick\u00fdch amulet\u016f a za\u0159\u00edk\u00e1n\u00ed.\u00a0<\/strong>Velmi \u010dasto se postava Lilith objevuje i v \u017eidovsk\u00fdch zkazk\u00e1ch.<strong> Objevuje se jako d\u00e9mon i v asyrsk\u00fdch a mezopot\u00e1msk\u00fdch kultur\u00e1ch. V modern\u00edm \u201eum\u011bn\u00ed\u201c pak v hororech a stra\u0161ideln\u00fdch filmech, kde vystupuje jako zl\u00e1 \u017eena a d\u00e9mon.<\/strong><\/p>\n<p><strong>D. \u010cern\u00fd je \u017eidovsk\u00e9ho p\u016fvodu stejn\u011b jako jeho tradi\u010dn\u00ed \u201em\u00edstn\u00ed\u201c sponzo\u0159i<\/strong>. (S. Borenstein \u2013 v\u00fdznamn\u00fd developer v Karl\u00edn\u011b, R. Passer \u2013 developer na Praze 4 a dal\u0161\u00ed),<\/p>\n<p>\u017d\u00e1dn\u00e1 duchovn\u00ed autorita se proti stavb\u011b neozvala.<\/p>\n<p>Se\u010dteno a podtr\u017eeno.\u00a0<strong>V centru \u017eidovsk\u00e9ho okultismu vznik\u00e1 pod veden\u00edm \u017eidovsk\u00e9ho \u201eum\u011blce\u201c socha zn\u00e1zor\u0148uj\u00edc\u00ed \u017eensk\u00e9ho d\u00e9mon<\/strong>a za ok\u00e1zal\u00e9ho ml\u010den\u00ed v\u0161ech z\u016f\u010dastn\u011bn\u00fdch.<\/p>\n<figure class=\"wp-block-image size-full\"><img decoding=\"async\" loading=\"lazy\" class=\"wp-image-13761 aligncenter\" src=\"https:\/\/ceskavec.com\/wp-content\/uploads\/2022\/10\/image.png\" alt=\"\" width=\"386\" height=\"516\" \/><\/figure>\n<p>Co z toho plyne? To se m\u016f\u017eeme jen domn\u00edvat.\u00a0<strong>Jedn\u00e1 se o d\u00edlo \u017eidovsk\u00e9ho okultismu, kter\u00e9 m\u00e1 dos\u00e1hnout n\u00e1m zat\u00edm nezn\u00e1m\u00fdch c\u00edl\u016f pomoci temn\u00fdch okultn\u00edch praktik? Nebo jde pouze o projev nemocn\u00e9 mysli autora a jeho sponzor\u016f?<\/strong>\u00a0Uvid\u00edme, ale ka\u017ed\u00fd\u00a0<strong>duchovn\u011b orientovan\u00fd \u010dlov\u011bk by m\u011bl p\u0159ijmout pot\u0159ebn\u00e1 opat\u0159en\u00ed pro ochranu p\u0159ed vlivem negativn\u00edch energi\u00ed a satanistick\u00fdch sil, to je minimum, kter\u00e1 by m\u011bl u\u010dinit.<\/strong>, aby ochr\u00e1nil sebe a svoj\u00ed rodinu.<\/p>\n<figure class=\"wp-block-image size-full\"><img decoding=\"async\" loading=\"lazy\" class=\"wp-image-13763 aligncenter\" src=\"https:\/\/ceskavec.com\/wp-content\/uploads\/2022\/10\/image-1.png\" alt=\"\" width=\"438\" height=\"325\" \/><\/figure>\n<p>Australsk\u00fd Mystik<\/p>\n<p><a href=\"https:\/\/ceskavec.com\/2022\/10\/rezimni-umelec-stavi-v-hlavnim-meste-zidovskeho-okultismu-na-verejnosti-sochu-oslavujici-demona-jedna-se-o-kabalisticky-ritual-nebo-je-to-jen-projekce-nemocne-mysli\">\u010cesk\u00e1 v\u011bc<\/a><\/p>\n<p>&nbsp;<\/p>\n","protected":false},"excerpt":{"rendered":"<p>V pra\u017esk\u00e9m Karl\u00edne vyr\u016fst\u00e1\u00a0zvl\u00e1\u0161tn\u00ed monstrum.\u00a0Nov\u011b stav\u011bn\u00fd obytn\u00fd d\u016fm m\u00e1 jako \u201edekoraci\u201c ob\u0159\u00ed \u017eenskou sochu nazvanou&#8230;<\/p>\n","protected":false},"author":2,"featured_media":16317,"comment_status":"closed","ping_status":"closed","sticky":false,"template":"","format":"standard","meta":[],"categories":[6],"tags":[32,234,610],"_links":{"self":[{"href":"https:\/\/www.infokuryr.cz\/n\/wp-json\/wp\/v2\/posts\/16316"}],"collection":[{"href":"https:\/\/www.infokuryr.cz\/n\/wp-json\/wp\/v2\/posts"}],"about":[{"href":"https:\/\/www.infokuryr.cz\/n\/wp-json\/wp\/v2\/types\/post"}],"author":[{"embeddable":true,"href":"https:\/\/www.infokuryr.cz\/n\/wp-json\/wp\/v2\/users\/2"}],"replies":[{"embeddable":true,"href":"https:\/\/www.infokuryr.cz\/n\/wp-json\/wp\/v2\/comments?post=16316"}],"version-history":[{"count":0,"href":"https:\/\/www.infokuryr.cz\/n\/wp-json\/wp\/v2\/posts\/16316\/revisions"}],"wp:featuredmedia":[{"embeddable":true,"href":"https:\/\/www.infokuryr.cz\/n\/wp-json\/wp\/v2\/media\/16317"}],"wp:attachment":[{"href":"https:\/\/www.infokuryr.cz\/n\/wp-json\/wp\/v2\/media?parent=16316"}],"wp:term":[{"taxonomy":"category","embeddable":true,"href":"https:\/\/www.infokuryr.cz\/n\/wp-json\/wp\/v2\/categories?post=16316"},{"taxonomy":"post_tag","embeddable":true,"href":"https:\/\/www.infokuryr.cz\/n\/wp-json\/wp\/v2\/tags?post=16316"}],"curies":[{"name":"wp","href":"https:\/\/api.w.org\/{rel}","templated":true}]}}