{"id":16314,"date":"2022-10-07T03:25:30","date_gmt":"2022-10-07T01:25:30","guid":{"rendered":"http:\/\/www.infokuryr.cz\/n\/?p=16314"},"modified":"2022-10-07T03:25:30","modified_gmt":"2022-10-07T01:25:30","slug":"nemecky-frankfurt-nad-mohanem-zvazuje-vyhlaseni-centra-mesta-za-zonu-beze-zbrani","status":"publish","type":"post","link":"https:\/\/www.infokuryr.cz\/n\/2022\/10\/07\/nemecky-frankfurt-nad-mohanem-zvazuje-vyhlaseni-centra-mesta-za-zonu-beze-zbrani\/","title":{"rendered":"N\u011bmeck\u00fd Frankfurt nad Mohanem zva\u017euje vyhl\u00e1\u0161en\u00ed centra m\u011bsta za z\u00f3nu beze zbran\u00ed"},"content":{"rendered":"<div id=\"fb-root\"><\/div>\n<h2 class=\"entry-title\">N\u00e1siln\u00e1 ozbrojen\u00e1 kriminalita uprchl\u00edk\u016f se vymkla kontrole\u2026<\/h2>\n<p>Politici CDU z Frankfurtu nad Mohanem, n\u011bmeck\u00e9ho finan\u010dn\u00edho centra, po\u017eaduj\u00ed vyhl\u00e1\u0161en\u00ed z\u00f3ny <a href=\"https:\/\/jungefreiheit.de\/politik\/deutschland\/2022\/cdu-waffenverbotszone\/\">beze zbran\u00ed v centru m\u011bsta<\/a>.\u00a0<strong>D\u016fvodem je eskaluj\u00edc\u00ed kriminalita p\u00e1chan\u00e1 ozbrojen\u00fdmi uprchl\u00edky z Asie a Afriky. Po setm\u011bn\u00ed se oblast mezi hlavn\u00edm n\u00e1dra\u017e\u00edm a historick\u00fdm centrem za\u010d\u00edn\u00e1 podobat v\u00e1le\u010dn\u00e9 z\u00f3n\u011b, kde o moc bojuj\u00ed tureck\u00e9, arabsk\u00e9, alb\u00e1nsk\u00e9 a \u010derno\u0161sk\u00e9 gangy<\/strong>. V\u0161ude boj\u00ed prodej narkotik a prostituce. Ofici\u00e1ln\u011b se o kriminalit\u011b imigrant\u016f nesm\u00ed mluvit, ale ka\u017ed\u00fd v\u00ed, jak\u00e1 je skute\u010dnost.<\/p>\n<p><strong>Frankfurt je m\u011bsto s t\u0159et\u00ed nejvy\u0161\u0161\u00ed kriminalitou v cel\u00e9m N\u011bmecku. Vede Berl\u00edn, n\u00e1sledovan\u00fd Lipskem. Situace se zhor\u0161uje hlubokou ekonomickou kriz\u00ed, kdy \u0159ada chud\u0161\u00edch N\u011bmc\u016f upad\u00e1 do d\u0159\u00edve nemysliteln\u00e9 chudoby a b\u00eddy, to vede k radikalizaci spole\u010dnosti a pouli\u010dn\u00edmu n\u00e1sil\u00ed.<\/strong><\/p>\n<p>Pokud se \u010cech\u016fm nepoda\u0159\u00ed vymanit ze z\u00e1padn\u00edho l\u017eidokratick\u00e9ho jha, tak dopadnou podobn\u011b.<\/p>\n<p><a href=\"https:\/\/ceskavec.com\/2022\/10\/nemecky-frankfurt-nad-mohanem-zvazuje-vyhlaseni-centra-mesta-za-zonu-beze-zbrani-nasilna-ozbrojena-kriminalita-uprchliku-se-vymkla-kontrole\">\u010cesk\u00e1 v\u011bc<\/a><\/p>\n<p>&nbsp;<\/p>\n","protected":false},"excerpt":{"rendered":"<p>N\u00e1siln\u00e1 ozbrojen\u00e1 kriminalita uprchl\u00edk\u016f se vymkla kontrole\u2026 Politici CDU z Frankfurtu nad Mohanem, n\u011bmeck\u00e9ho finan\u010dn\u00edho&#8230;<\/p>\n","protected":false},"author":2,"featured_media":16315,"comment_status":"closed","ping_status":"closed","sticky":false,"template":"","format":"standard","meta":[],"categories":[7],"tags":[3510,369,84,73],"_links":{"self":[{"href":"https:\/\/www.infokuryr.cz\/n\/wp-json\/wp\/v2\/posts\/16314"}],"collection":[{"href":"https:\/\/www.infokuryr.cz\/n\/wp-json\/wp\/v2\/posts"}],"about":[{"href":"https:\/\/www.infokuryr.cz\/n\/wp-json\/wp\/v2\/types\/post"}],"author":[{"embeddable":true,"href":"https:\/\/www.infokuryr.cz\/n\/wp-json\/wp\/v2\/users\/2"}],"replies":[{"embeddable":true,"href":"https:\/\/www.infokuryr.cz\/n\/wp-json\/wp\/v2\/comments?post=16314"}],"version-history":[{"count":0,"href":"https:\/\/www.infokuryr.cz\/n\/wp-json\/wp\/v2\/posts\/16314\/revisions"}],"wp:featuredmedia":[{"embeddable":true,"href":"https:\/\/www.infokuryr.cz\/n\/wp-json\/wp\/v2\/media\/16315"}],"wp:attachment":[{"href":"https:\/\/www.infokuryr.cz\/n\/wp-json\/wp\/v2\/media?parent=16314"}],"wp:term":[{"taxonomy":"category","embeddable":true,"href":"https:\/\/www.infokuryr.cz\/n\/wp-json\/wp\/v2\/categories?post=16314"},{"taxonomy":"post_tag","embeddable":true,"href":"https:\/\/www.infokuryr.cz\/n\/wp-json\/wp\/v2\/tags?post=16314"}],"curies":[{"name":"wp","href":"https:\/\/api.w.org\/{rel}","templated":true}]}}