{"id":16313,"date":"2022-10-07T03:22:38","date_gmt":"2022-10-07T01:22:38","guid":{"rendered":"http:\/\/www.infokuryr.cz\/n\/?p=16313"},"modified":"2022-10-07T03:22:38","modified_gmt":"2022-10-07T01:22:38","slug":"prezident-zelensky-vyzval-nato-k-preventivnim-jadernym-uderum-proti-ruske-federaci","status":"publish","type":"post","link":"https:\/\/www.infokuryr.cz\/n\/2022\/10\/07\/prezident-zelensky-vyzval-nato-k-preventivnim-jadernym-uderum-proti-ruske-federaci\/","title":{"rendered":"Prezident Zelensk\u00fd vyzval NATO k preventivn\u00edm jadern\u00fdm \u00fader\u016fm proti Rusk\u00e9 federaci"},"content":{"rendered":"<div id=\"fb-root\"><\/div>\n<h4>Prezident Zelensk\u00fd vyzval NATO k preventivn\u00edm jadern\u00fdm \u00fader\u016fm proti Rusk\u00e9 federaci po obdr\u017een\u00ed informac\u00ed o aktivaci protokolu \u201cRubikon\u201d v Moskv\u011b! Kyjev toti\u017e podle rusk\u00e9 bezpe\u010dnostn\u00ed agentury prov\u00e1d\u00ed v Krivoj Rogu mont\u00e1\u017e \u0161pinav\u00e9 jadern\u00e9 bomby ve spoluprac\u00ed s americk\u00fdmi a britsk\u00fdmi poradci, kte\u0159\u00ed ji maj\u00ed odp\u00e1lit na ukrajinsk\u00e9m \u00fazem\u00ed a potom obvin\u00ed Rusko z \u00faderu jadernou zbran\u00ed, aby USA a NATO m\u011bly p\u0159ed z\u00e1padn\u00ed ve\u0159ejnost\u00ed z\u00e1minku pro \u00fadery proti Rusku! Kreml m\u00e1 pro takov\u00fd p\u0159\u00edpad nachystan\u00fd bezpe\u010dnostn\u00ed protokol!<\/h4>\n<p>Ukrajinsk\u00fd prezident Volodymyr Zelensk\u00fd ve \u010dtvrtek p\u0159ekro\u010dil rubikon a\u00a0<strong>vyzval Severoatlantickou alianci, aby provedla preventivn\u00ed jadern\u00e9 \u00fadery proti Rusk\u00e9 federaci<\/strong>\u00a0s c\u00edlem, aby pr\u00fd Rusko v\u011bd\u011blo dop\u0159edu, co se stane, kdy\u017e pou\u017eije proti ukrajinsk\u00e9 arm\u00e1d\u011b rusk\u00e9 jadern\u00e9 zbran\u011b. V\u00fdzva ukrajinsk\u00e9ho prezidenta k NATO, aby preventivn\u011b za\u00fato\u010dilo jadern\u00fdmi zbran\u011bmi na Rusko, je projevem strachu a obav Zelensk\u00e9ho v reakci na unikl\u00e9 informace o tom, \u017ee v Kremlu byl spu\u0161t\u011bn protokol \u201cRubikon\u201d s c\u00edlem odstran\u011bn\u00ed ukrajinsk\u00e9 vl\u00e1dy od moci v d\u016fsledku jadern\u00e9 provokace na Ukrajin\u011b proti Rusk\u00e9 federace.<\/p>\n<p>&nbsp;<\/p>\n<div id=\"rumble_v1kaeub\">\n<div id=\"vid_v1kaeub\" class=\"rumble_v1kaeub-Rumble-cls\" tabindex=\"-1\">\n<div class=\"bigPlayUI ctp\">\n<div class=\"bigPlayUIInner ctp\"><div class='videoWrapper'>\r\n\t            <iframe src='https:\/\/rumble.com\/embed\/pj.v1kaeub\/' frameborder='0' allowfullscreen><\/iframe>\r\n\t        <\/div><\/div>\n<\/div>\n<\/div>\n<\/div>\n<p>&nbsp;<\/p>\n<p>Rusk\u00e9 tajn\u00e9 vojensk\u00e9 slu\u017eby ve spolupr\u00e1ci s rozv\u011bdkou B\u011bloruska se m\u011bly podle zpr\u00e1v dostat k informac\u00edm a podrobnostem o tom, \u017ee Ukrajina v Krivoj Rogu montuje jeden experiment\u00e1ln\u00ed kus masivn\u00ed \u0161pinav\u00e9 jadern\u00e9 bomby, resp. d\u011blost\u0159eleck\u00e9ho gran\u00e1tu, kter\u00fd m\u00e1 b\u00fdt odp\u00e1len na \u00fazem\u00ed Ukrajiny, z\u0159ejm\u011b v bl\u00edzkosti Kyjeva, a n\u00e1sledn\u011b za pomoci z\u00e1padn\u00edch m\u00e9di\u00ed m\u00e1 b\u00fdt Rusko obvin\u011bno z pou\u017eit\u00ed jadern\u00e9 zbran\u011b proti Ukrajin\u011b. Dokonce jsou pr\u00fd p\u0159ipravov\u00e1ny i fale\u0161n\u00e9 po\u010d\u00edta\u010dov\u00e9 CGI z\u00e1b\u011bry z exploze jako jadern\u00e9 pumy, kter\u00e9 potom budou \u0161\u00ed\u0159eny do z\u00e1padn\u00edch m\u00e9di\u00ed podobn\u011b, jako byly \u0161\u00ed\u0159eny fejkov\u00e9 vzdu\u0161n\u00e9 souboje ukrajinsk\u00fdch pilot\u016f z po\u010d\u00edta\u010dov\u00e9 hry ARMA.<\/p>\n<h6><span style=\"font-size: 18pt;\">Kyjev chyst\u00e1 proti Rusku jadernou provokaci se \u0161pinavou bombou<\/span><\/h6>\n<p>Rusko m\u00e1 b\u00fdt obvin\u011bno z pou\u017eit\u00ed jadern\u00e9 zbran\u011b proti Ukrajin\u011b a NATO m\u00e1 n\u00e1sledn\u011b splnit hrozbu a zni\u010dit ruskou \u010dernomo\u0159skou flotilu a v\u0161echny rusk\u00e9 jednotky na Ukrajin\u011b, o \u010dem\u017e p\u0159ed n\u011bkolika dny barvit\u011b na americk\u00e9 televizi mluvil\u00a0<strong>[<a href=\"https:\/\/href.li\/?https:\/\/www.theguardian.com\/world\/2022\/oct\/02\/us-russia-putin-ukraine-war-david-petraeus\" target=\"_blank\" rel=\"nofollow noopener\">1<\/a>]<\/strong>\u00a0b\u00fdval\u00fd \u0161\u00e9f CIA David Petraeus.\u00a0<strong>Rusko by bylo postaveno do situace, kdy by bylo v jadern\u00e9 v\u00e1lce, ani\u017e by o tom v\u011bd\u011blo. Kdy\u017e toti\u017e Rusko nepou\u017eije jadern\u00e9 zbran\u011b, tak Ukrajina to pou\u017eit\u00ed prost\u011b zinscenuje.<\/strong><\/p>\n<figure id=\"attachment_22011\" class=\"wp-caption aligncenter\" style=\"width: 692px;\"><a href=\"https:\/\/aeronet.news\/wp-content\/uploads\/150922_Petraeus_Johnson-1250x650.jpg\"><img decoding=\"async\" loading=\"lazy\" class=\"wp-image-22011 \" src=\"https:\/\/aeronet.news\/wp-content\/uploads\/150922_Petraeus_Johnson-1250x650-1024x532.jpg\" sizes=\"(max-width: 700px) 100vw, 700px\" srcset=\"https:\/\/aeronet.news\/wp-content\/uploads\/150922_Petraeus_Johnson-1250x650-1024x532.jpg 1024w, https:\/\/aeronet.news\/wp-content\/uploads\/150922_Petraeus_Johnson-1250x650-300x156.jpg 300w, https:\/\/aeronet.news\/wp-content\/uploads\/150922_Petraeus_Johnson-1250x650-768x399.jpg 768w, https:\/\/aeronet.news\/wp-content\/uploads\/150922_Petraeus_Johnson-1250x650-700x364.jpg 700w, https:\/\/aeronet.news\/wp-content\/uploads\/150922_Petraeus_Johnson-1250x650-687x357.jpg 687w, https:\/\/aeronet.news\/wp-content\/uploads\/150922_Petraeus_Johnson-1250x650-929x483.jpg 929w, https:\/\/aeronet.news\/wp-content\/uploads\/150922_Petraeus_Johnson-1250x650.jpg 1250w\" alt=\"\" width=\"692\" height=\"360\" \/><\/a><figcaption class=\"wp-caption-text\">Gen. David Petraeus, b\u00fdval\u00fd \u0161\u00e9f CIA<\/figcaption><\/figure>\n<p>A Kreml vyhodnotil, \u017ee t\u00edmto Kyjev p\u0159ekro\u010dil pov\u011bstn\u00fd rubikon. Byl z\u0159ejm\u011b vyd\u00e1n p\u0159\u00edkaz na odstran\u011bn\u00ed Zelensk\u00e9ho a ten se to ve \u010dtvrtek dozv\u011bd\u011bl a je v panice a ve strachu, tak\u017ee vyzval NATO k preventivn\u00edmu jadern\u00e9mu \u00faderu proti Rusku. Stoj\u00edme znovu doslova krok p\u0159ed III. sv. v\u00e1lkou! Rusk\u00e1 bezpe\u010dnostn\u00ed agentura CSRC k tomu na Telegramu uvedla\u00a0<strong>[<a href=\"https:\/\/href.li\/?https:\/\/t.me\/csrc_agency\/6421\" target=\"_blank\" rel=\"nofollow noopener\">2<\/a>]<\/strong>\u00a0toto:<\/p>\n<p><em>Podle na\u0161eho zdroje, kter\u00fd je vojensk\u00fdm analytikem jedn\u00e9 ze stran konfliktu, Z\u00e1pad a Ukrajina p\u0159ipravuj\u00ed dal\u0161\u00ed provokaci. Po ji\u017e uskute\u010dn\u011bn\u00e9 provokaci ohledn\u011b potrub\u00ed Nord Stream 1 a 2 (co\u017e nep\u0159\u00edmo potvrzuj\u00ed \u010detn\u00e1 prohl\u00e1\u0161en\u00ed v tisku, odborn\u00e9 anal\u00fdzy\u00a0<strong>[<a href=\"https:\/\/href.li\/?https:\/\/t.me\/AnaDeInfo\/955\" target=\"_blank\" rel=\"nofollow noopener\">3<\/a>]<\/strong>\u00a0 i nez\u00e1visl\u00e9 telegramov\u00e9 kan\u00e1ly\u00a0<strong>[<a href=\"https:\/\/href.li\/?https:\/\/t.me\/otryadkovpaka\/11504\" target=\"_blank\" rel=\"nofollow noopener\">4<\/a>]<\/strong>) se p\u0159ipravuje nov\u00e1 akce.<\/em><\/p>\n<p><em><strong>Jedn\u00e1 se o dvouf\u00e1zovou operaci spojenou s vytvo\u0159en\u00edm a pou\u017eit\u00edm \u201c\u0161pinav\u00e9 jadern\u00e9 zbran\u011b\u201d v podob\u011b d\u011blost\u0159eleck\u00e9ho gran\u00e1tu.<\/strong>\u00a0Prvn\u00ed f\u00e1z\u00ed je vytvo\u0159en\u00ed a pou\u017eit\u00ed takov\u00e9 \u0161pinav\u00e9 bomby, kterou by AFU (ukrajinsk\u00e1 arm\u00e1da) pou\u017eila na \u00fazem\u00ed kontrolovan\u00e9m ukrajinsk\u00fdm re\u017eimem, ale p\u0159\u00edpad bude prezentov\u00e1n jako pou\u017eit\u00ed jadern\u00fdch zbran\u00ed pr\u00e1v\u011b Ruskem. Tento projekt se bl\u00ed\u017e\u00ed k dokon\u010den\u00ed a provokace by mohla b\u00fdt provedena v nejbli\u017e\u0161\u00edch dnech.<\/em><\/p>\n<p><em>Podle na\u0161eho zdroje prob\u00edh\u00e1 mont\u00e1\u017e a testov\u00e1n\u00ed ji\u017e vytvo\u0159en\u00e9ho za\u0159\u00edzen\u00ed v Krivoj Rogu a ve Lvov\u011b.\u00a0<strong>Podle z\u00edskan\u00fdch informac\u00ed bude s nejv\u011bt\u0161\u00ed pravd\u011bpodobnost\u00ed objekt pou\u017eit v bl\u00edzkosti Kyjeva.<\/strong>\u00a0K tomuto \u00fa\u010delu bude pou\u017eit rusk\u00fd d\u011blost\u0159eleck\u00fd syst\u00e9m, kter\u00fd m\u00e1 kyjevsk\u00fd re\u017eim k dispozici. Posledn\u00ed f\u00e1z\u00ed by byly odvetn\u00e9 raketov\u00e9 \u00fadery USA a NATO na rusk\u00e9 \u00fazem\u00ed s mo\u017en\u00fdm pou\u017eit\u00edm jadern\u00fdch komponent\u016f. To bude prezentov\u00e1no jako vlastn\u00ed v\u00fdvoj a iniciativa ukrajinsk\u00e9 arm\u00e1dy. Ji\u017e dnes anglicky mluv\u00edc\u00ed specialist\u00e9 testuj\u00ed dovezen\u00e9 a smontovan\u00e9 polo\u017eky a p\u0159iv\u00e1\u017eej\u00ed rakety s po\u017eadovan\u00fdm doletem.<\/em><\/p>\n<p>Je\u0161t\u011b z\u00e1va\u017en\u011bj\u0161\u00ed jsou informace o z\u00e1hadn\u00e9 operaci chystan\u00e9 v Kremlu. V pond\u011bln\u00edm po\u0159adu rusk\u00e9 televize Ve\u010der s Vladimirem Solovjovem byl hostem\u00a0<strong>rusk\u00fd vojensk\u00fd expert Alexej Leonkov, kter\u00fd uvedl, \u017ee Kreml je bl\u00edzko p\u0159ehodnocen\u00ed Speci\u00e1ln\u00ed vojensk\u00e9 operace, a \u017ee byl p\u0159ekro\u010den rubikon [<a href=\"https:\/\/href.li\/?https:\/\/politpuzzle.ru\/?p=4207&amp;utm_source=smi2&amp;utm_medium=cpc&amp;utm_campaign=obmen_pazl\" target=\"_blank\" rel=\"nofollow noopener\">5<\/a>]<\/strong>. Zm\u00ednka o slov\u011b \u201c<em>Rubikon<\/em>\u201d je pouze na jednom m\u00edst\u011b rusk\u00fdch vojensk\u00fdch dokument\u016f, a to je Gerasimovova vojensk\u00e1 doktr\u00edna.<\/p>\n<h6><span style=\"font-size: 18pt;\">Protokol \u201cRubikon\u201d jako bod, kter\u00fd p\u0159ekro\u010dil hranici pro pou\u017eit\u00ed jadern\u00fdch zbran\u00ed<\/span><\/h6>\n<p>Bod ud\u00e1losti \u201c<em>Rubikon<\/em>\u201d ozna\u010duje v doktr\u00edn\u011b situaci, kdy nep\u0159\u00edtel se rozhodl proti Rusk\u00e9 federaci pou\u017e\u00edt jadern\u00e9 zbran\u011b, zbran\u011b s jadern\u00fdm materi\u00e1lem, p\u0159\u00edpadn\u011b zbran\u011b odvozen\u00e9 od zbran\u00ed jadern\u00fdch, nap\u0159. \u0161pinav\u00e9 bomby. Po aktivaci a p\u0159ekro\u010den\u00ed tohoto bodu se v rusk\u00fdch ozbrojen\u00fdch sil\u00e1ch podle doktr\u00edny aktivuje protokol \u201cRubikon\u201d a ten spo\u010d\u00edv\u00e1 v p\u0159esunut\u00ed rusk\u00fdch opera\u010dn\u011b-taktick\u00fdch jadern\u00fdch zbran\u00ed na linii doteku s nep\u0159\u00edtelem a doktr\u00edna rovn\u011b\u017e povoluje rusk\u00fdm speci\u00e1ln\u00edm sil\u00e1m prov\u00e9st ve\u0161ker\u00e1 opat\u0159en\u00ed na odstran\u011bn\u00ed hrozby, v\u010detn\u011b \u00fanos\u016f nebo likvidac\u00ed politik\u016f, kte\u0159\u00ed se pod\u00edleli na p\u0159ekro\u010den\u00ed bodu \u201cRubikon\u201d.<\/p>\n<figure id=\"attachment_52832\" class=\"wp-caption aligncenter\" style=\"width: 695px;\"><a href=\"https:\/\/aeronet.news\/wp-content\/uploads\/ZelenskyHeadShot.jpg\"><img decoding=\"async\" loading=\"lazy\" class=\"wp-image-52832 \" src=\"https:\/\/aeronet.news\/wp-content\/uploads\/ZelenskyHeadShot-1024x576.jpg\" sizes=\"(max-width: 700px) 100vw, 700px\" srcset=\"https:\/\/aeronet.news\/wp-content\/uploads\/ZelenskyHeadShot-1024x576.jpg 1024w, https:\/\/aeronet.news\/wp-content\/uploads\/ZelenskyHeadShot-300x169.jpg 300w, https:\/\/aeronet.news\/wp-content\/uploads\/ZelenskyHeadShot-768x432.jpg 768w, https:\/\/aeronet.news\/wp-content\/uploads\/ZelenskyHeadShot-700x394.jpg 700w, https:\/\/aeronet.news\/wp-content\/uploads\/ZelenskyHeadShot-635x357.jpg 635w, https:\/\/aeronet.news\/wp-content\/uploads\/ZelenskyHeadShot-859x483.jpg 859w, https:\/\/aeronet.news\/wp-content\/uploads\/ZelenskyHeadShot.jpg 1280w\" alt=\"\" width=\"695\" height=\"391\" \/><\/a><figcaption class=\"wp-caption-text\">V\u00fdzvu Zelensk\u00e9ho lze pova\u017eovat za sebevra\u017edu nejen jeho, ale cel\u00e9 Evropy<\/figcaption><\/figure>\n<p><strong>Reakce Zelensk\u00e9ho a jeho v\u00fdzva NATO, aby okam\u017eit\u011b ude\u0159ilo na Rusko preventivn\u011b jadern\u00fdmi zbran\u011bmi, je s vysokou pravd\u011bpodobnost\u00ed spojeno se spu\u0161t\u011bn\u00edm protokolu\u00a0<em>Rubikon<\/em>\u00a0v Rusku<\/strong>, proto\u017ee pokud tomu tak je a Leonkov na rusk\u00e9 televizi v pond\u011bl\u00ed nep\u0159eh\u00e1n\u011bl, potom je Zelensk\u00fd v ohro\u017een\u00ed \u017eivota a Rusov\u00e9 p\u016fjdou po jeho hlav\u011b od t\u00e9to chv\u00edle. Za\u010d\u00edn\u00e1 to b\u00fdt osobn\u00ed. A rovn\u011b\u017e to potvrzuje informace o chystan\u00e9 \u0161pinav\u00e9 bomb\u011b na Ukrajin\u011b, proto\u017ee bez n\u00ed by v Rusku nedo\u0161lo ke spou\u0161t\u011bn\u00ed protokolu ani omylem. V\u0161echno to dokonale najednou zapad\u00e1 do sebe.<\/p>\n<h6><span style=\"font-size: 18pt;\">Evrop\u0161t\u00ed politici p\u0159ipom\u00ednaj\u00ed \u0161\u00edlence z Kroniky Bl\u00e1zn\u016f, kte\u0159\u00ed na\u017eenou sv\u011bt do jadern\u00e9ho ohn\u011b<\/span><\/h6>\n<p>V\u00fdzva k jadern\u00e9mu preventivn\u00edmu \u00faderu NATO z \u00fast prezidenta Ukrajiny je sama o sob\u011b \u0161\u00edlen\u00e1 a je mo\u017en\u00e9 ji pova\u017eovat za vyhl\u00e1\u0161en\u00ed v\u00e1lky Rusku v ofici\u00e1ln\u00ed rovin\u011b, i kdy\u017e je to de facto bezp\u0159edm\u011btn\u00e9, ale \u017ee to p\u0159ich\u00e1z\u00ed pr\u00e1v\u011b te\u010f, kdy\u017e podle dezinforma\u010dn\u00edch z\u00e1padn\u00edch m\u00e9di\u00ed ukrajinsk\u00e1 arm\u00e1da v\u00edt\u011bz\u00ed, je v\u00edce ne\u017e alarmuj\u00edc\u00ed.\u00a0<strong>Zelensk\u00fd mus\u00ed v\u011bd\u011bt, \u017ee takov\u00e1 v\u00fdzva je opravdu p\u0159\u00edm\u00fd \u00fatok na Rusko a nez\u016fstane bez odezvy, ale p\u0159esto se pro to rozhodl.<\/strong><\/p>\n<p>Hlavn\u00edm c\u00edlem kolektivn\u00edho Z\u00e1padu je zni\u010den\u00ed Ruska, nejen jeho por\u00e1\u017eka, ale \u00fapln\u00e9 zni\u010den\u00ed a n\u00e1sledn\u00e9 rozparcelov\u00e1n\u00ed. A p\u0159esto\u017ee se Z\u00e1pad stra\u0161n\u011b sna\u017e\u00ed, na Ukrajin\u011b tah\u00e1 za krat\u0161\u00ed konec, proto\u017ee Rusov\u00e9 maj\u00ed v\u00edce v\u00e1le\u010dn\u00fdch zdroj\u016f ne\u017e cel\u00fd kolektivn\u00ed z\u00e1pad dohromady a okupace rusk\u00e9ho \u00fazem\u00ed prost\u011b nez\u016fstane bez odezvy. Evrop\u0161t\u00ed politici jsou jako bl\u00e1zni, kte\u0159\u00ed \u017eenou Evropu a sv\u011bt do v\u00e1lky a p\u0159esv\u011bd\u010duj\u00ed vlastn\u00ed lid, \u017ee to je jedin\u00e9 spr\u00e1vn\u00e9 \u0159e\u0161en\u00ed, a kdo nesk\u00e1\u010de, je podez\u0159el\u00fd rusk\u00fd agent.<\/p>\n<figure id=\"attachment_50735\" class=\"wp-caption aligncenter\" style=\"width: 689px;\"><a href=\"https:\/\/aeronet.news\/wp-content\/uploads\/ZelenskyWarsawUSEmbassy.jpg\"><img decoding=\"async\" loading=\"lazy\" class=\"wp-image-50735 \" src=\"https:\/\/aeronet.news\/wp-content\/uploads\/ZelenskyWarsawUSEmbassy-1024x673.jpg\" sizes=\"(max-width: 700px) 100vw, 700px\" srcset=\"https:\/\/aeronet.news\/wp-content\/uploads\/ZelenskyWarsawUSEmbassy-1024x673.jpg 1024w, https:\/\/aeronet.news\/wp-content\/uploads\/ZelenskyWarsawUSEmbassy-300x197.jpg 300w, https:\/\/aeronet.news\/wp-content\/uploads\/ZelenskyWarsawUSEmbassy-768x505.jpg 768w, https:\/\/aeronet.news\/wp-content\/uploads\/ZelenskyWarsawUSEmbassy-700x460.jpg 700w, https:\/\/aeronet.news\/wp-content\/uploads\/ZelenskyWarsawUSEmbassy-100x65.jpg 100w, https:\/\/aeronet.news\/wp-content\/uploads\/ZelenskyWarsawUSEmbassy-543x357.jpg 543w, https:\/\/aeronet.news\/wp-content\/uploads\/ZelenskyWarsawUSEmbassy-734x483.jpg 734w, https:\/\/aeronet.news\/wp-content\/uploads\/ZelenskyWarsawUSEmbassy.jpg 1078w\" alt=\"\" width=\"689\" height=\"453\" \/><\/a><figcaption class=\"wp-caption-text\">Zelensk\u00fd s ochrankou<\/figcaption><\/figure>\n<p>Samotn\u00fd fakt, \u017ee prezident Ukrajiny vyzve NATO k preventivn\u00edm jadern\u00fdm \u00fader\u016fm potvrzuje, \u017ee Zelensk\u00fd je vlastizr\u00e1dce a klidn\u011b ob\u011btuje v\u0161echen lid Ukrajiny, aby zahynul v jadern\u00e9m ohni, a to pouze kv\u016fli tomu, \u017ee NATO a USA cht\u011bj\u00ed na \u00fa\u010det Ukrajiny porazit Rusko. To sam\u00e9 chce Evropsk\u00e1 unie, kter\u00e1 chce na \u00fa\u010det evropsk\u00fdch dom\u00e1cnost\u00ed porazit Vladimira Putina zp\u016fsobem, \u017ee dom\u00e1cnosti v EU a rodiny to maj\u00ed v\u0161echno zaplatit a odsk\u00e1kat.<\/p>\n<p><strong>Tak\u017ee, zat\u00edmco Petr Fiala nebo Eduard Heger na Slovensku pos\u00edlaj\u00ed zbran\u011b a pen\u00edze Kyjevu, tak prezident v Kyjev\u011b mezit\u00edm vyz\u00fdv\u00e1 NATO k rozpout\u00e1n\u00ed III. sv\u011btov\u00e9 v\u00e1lky a k preventivn\u00edm \u00fader\u016fm na Rusko.<\/strong>\u00a0Ka\u017ed\u00e9mu je snad jasn\u00e9, \u017ee pokud by na Rusko dopadla jedna jedin\u00e1 jadern\u00e1 zbra\u0148, Rusko m\u00e1 jenom jedinou mo\u017enost na odpov\u011b\u010f, plnou jadernou odvetu se v\u0161emi t\u00e9m\u011b\u0159 7 000 jadern\u00fdmi hlavicemi, kter\u00e9 m\u00e1 Rusko k dispozici.<\/p>\n<h6><span style=\"font-size: 18pt;\">Pokud by NATO vyhov\u011blo, rusk\u00e1 prvn\u00ed odvetn\u00e1 salva by m\u00ed\u0159ila na vojensk\u00e1 leti\u0161t\u011b USA a NATO v Evrop\u011b<\/span><\/h6>\n<p>Ot\u00e1zkou samoz\u0159ejm\u011b je, odkud by tyto \u00fadery proti Rusku a rusk\u00fdm jednotk\u00e1m byly doru\u010deny. Pokud by \u0161lo o k\u0159\u00eddlat\u00e9 rakety vyp\u00e1len\u00e9 z Polska a z Rumunska, potom by se ter\u010dem stalo cel\u00e9 NATO. Pokud by \u00fader vy\u0161el z americk\u00e9 lodi ve St\u0159edomo\u0159\u00ed, byl by to \u00fatok USA a rusk\u00e1 odpov\u011b\u010f by m\u00ed\u0159ila na americk\u00fd kontinent.\u00a0<strong>C\u00edlem \u00fader\u016f Ruska v prvn\u00ed salv\u011b by byla v\u0161echna americk\u00e1 a spojeneck\u00e1 vojensk\u00e1 leti\u0161t\u011b v Evrop\u011b.<\/strong>\u00a0Na Slovensku by pod prvn\u00ed jadernou salvu spadal Slia\u010d a Malacky, kde maj\u00ed Ameri\u010dan\u00e9 nov\u00e9 z\u00e1kladny.<\/p>\n<p>V \u010cesku by prvn\u00ed salva m\u00ed\u0159ila na \u010c\u00e1slav a Mo\u0161nov. Prvn\u00ed salva by s vysokou pravd\u011bpodobnost\u00ed m\u00ed\u0159ila i na vltavskou kask\u00e1du. Druh\u00e9 a t\u0159et\u00ed salvy se potom budou soust\u0159edit na infrastrukturu s c\u00edlem vypnout pr\u016fmysl a mobilitu nep\u0159\u00edtele. \u010ctvrt\u00e1 salva je nepravd\u011bpodobn\u00e1, i kdy\u017e ne vylou\u010den\u00e1. Ta by m\u00ed\u0159ila na p\u0159\u00edpadn\u011b p\u0159eskupen\u00e9 vojensk\u00e9 svazy, kter\u00e9 by byly ukryty a byly by nezasa\u017eeny prvn\u00ed s\u00e9ri\u00ed salv. B\u00fdval\u00e1 sov\u011btsk\u00e1 doktr\u00edna po\u010d\u00edtala i s likvidac\u00ed orn\u00e9 p\u016fdy nep\u0159\u00edtele pou\u017eit\u00edm kobaltov\u00fdch bomb s c\u00edlem vypnout zem\u011bd\u011blstv\u00ed nep\u0159\u00edtele alespo\u0148 na 50 let.<\/p>\n<figure id=\"attachment_51442\" class=\"wp-caption aligncenter\" style=\"width: 695px;\"><a href=\"https:\/\/aeronet.news\/wp-content\/uploads\/LloydZelenskyBlinken.jpg\"><img decoding=\"async\" loading=\"lazy\" class=\"wp-image-51442 \" src=\"https:\/\/aeronet.news\/wp-content\/uploads\/LloydZelenskyBlinken-1024x682.jpg\" sizes=\"(max-width: 700px) 100vw, 700px\" srcset=\"https:\/\/aeronet.news\/wp-content\/uploads\/LloydZelenskyBlinken-1024x682.jpg 1024w, https:\/\/aeronet.news\/wp-content\/uploads\/LloydZelenskyBlinken-300x200.jpg 300w, https:\/\/aeronet.news\/wp-content\/uploads\/LloydZelenskyBlinken-768x512.jpg 768w, https:\/\/aeronet.news\/wp-content\/uploads\/LloydZelenskyBlinken-700x466.jpg 700w, https:\/\/aeronet.news\/wp-content\/uploads\/LloydZelenskyBlinken-536x357.jpg 536w, https:\/\/aeronet.news\/wp-content\/uploads\/LloydZelenskyBlinken-725x483.jpg 725w, https:\/\/aeronet.news\/wp-content\/uploads\/LloydZelenskyBlinken.jpg 1280w\" alt=\"\" width=\"695\" height=\"463\" \/><\/a><figcaption class=\"wp-caption-text\">Zelensk\u00fd a dva dozorci. Vlevo americk\u00fd ministr obrany Lloyd Austin, vpravo ministr zahrani\u010d\u00ed Antony Blinken<\/figcaption><\/figure>\n<p>Vl\u00e1da Petra Fialy dovedla \u010cR de facto krok od jadern\u00e9 konfrontace s Ruskou federac\u00ed, a to svoj\u00ed podporou mu\u017ei, \u0161\u00edlenci a komediantovi v Kyjev\u011b, kter\u00fd ze\u0161\u00edlel a pr\u00e1v\u011b vyzval NATO k preventivn\u00edm jadern\u00fdm \u00fader\u016fm proti Rusku.\u00a0<strong>Tak daleko jsme se dostali, \u017ee vrcholn\u00ed evrop\u0161t\u00ed politici dosud ani jednou v EU nevystoupili s po\u017eadavkem na m\u00edrov\u00e9 urovn\u00e1n\u00ed konfliktu na Ukrajin\u011b. Ani jednou!<\/strong><\/p>\n<p>Dosud ve\u0161ker\u00e1 vystoupen\u00ed v\u016fdc\u016f zem\u00ed EU jsou jen o jedn\u00e9 v\u011bci, o v\u00fdzv\u00e1ch na tot\u00e1ln\u00ed por\u00e1\u017eku Ruska! Je to nev\u00eddan\u00e9, neuv\u011b\u0159iteln\u00e9, ale takov\u00e9 v\u00e1le\u010dn\u00e9 opojen\u00ed m\u00e1 jenom jedin\u00e9 \u0159e\u0161en\u00ed, smrt v jadern\u00e9m ohni! Politici, kte\u0159\u00ed vyz\u00fdvaj\u00ed k dal\u0161\u00edmu vyzbrojov\u00e1n\u00ed Ukrajiny a k v\u00e1l\u010den\u00ed s c\u00edlem por\u00e1\u017eky Ruska, jsou ve skute\u010dnosti vlastizr\u00e1dci a \u0161i\u0159itel\u00e9 a podporovatel\u00e9 v\u00e1lky! Jejich c\u00edlem nen\u00ed zachov\u00e1n\u00ed m\u00edru ve vlastn\u00ed zemi a bezpe\u010dnost lidu vlastn\u00ed zem\u011b, ale jejich c\u00edlem je \u017eiven\u00ed v\u00e1lky proti Rusku a\u017e do \u00fapln\u00e9ho konce, a\u017e do zni\u010den\u00ed Evropy! Takov\u00e1 je realita a pravda o politic\u00edch v \u010delech na\u0161ich evropsk\u00fdch zem\u00ed!<\/p>\n<p>-VK- \u0160\u00e9fredaktor AE News<\/p>\n<p><a href=\"https:\/\/aeronet.news\/video-prezident-zelensky-vyzval-nato-k-preventivnim-jadernym-uderum-proti-ruske-federaci-po-obdrzeni-informaci-o-aktivaci-protokolu-rubikon-v-moskve\/\">ZDROJ<\/a><\/p>\n<p>&nbsp;<\/p>\n","protected":false},"excerpt":{"rendered":"<p>Prezident Zelensk\u00fd vyzval NATO k preventivn\u00edm jadern\u00fdm \u00fader\u016fm proti Rusk\u00e9 federaci po obdr\u017een\u00ed informac\u00ed o&#8230;<\/p>\n","protected":false},"author":2,"featured_media":16060,"comment_status":"closed","ping_status":"closed","sticky":false,"template":"","format":"standard","meta":[],"categories":[7],"tags":[2449,39,22,26,1000],"_links":{"self":[{"href":"https:\/\/www.infokuryr.cz\/n\/wp-json\/wp\/v2\/posts\/16313"}],"collection":[{"href":"https:\/\/www.infokuryr.cz\/n\/wp-json\/wp\/v2\/posts"}],"about":[{"href":"https:\/\/www.infokuryr.cz\/n\/wp-json\/wp\/v2\/types\/post"}],"author":[{"embeddable":true,"href":"https:\/\/www.infokuryr.cz\/n\/wp-json\/wp\/v2\/users\/2"}],"replies":[{"embeddable":true,"href":"https:\/\/www.infokuryr.cz\/n\/wp-json\/wp\/v2\/comments?post=16313"}],"version-history":[{"count":0,"href":"https:\/\/www.infokuryr.cz\/n\/wp-json\/wp\/v2\/posts\/16313\/revisions"}],"wp:featuredmedia":[{"embeddable":true,"href":"https:\/\/www.infokuryr.cz\/n\/wp-json\/wp\/v2\/media\/16060"}],"wp:attachment":[{"href":"https:\/\/www.infokuryr.cz\/n\/wp-json\/wp\/v2\/media?parent=16313"}],"wp:term":[{"taxonomy":"category","embeddable":true,"href":"https:\/\/www.infokuryr.cz\/n\/wp-json\/wp\/v2\/categories?post=16313"},{"taxonomy":"post_tag","embeddable":true,"href":"https:\/\/www.infokuryr.cz\/n\/wp-json\/wp\/v2\/tags?post=16313"}],"curies":[{"name":"wp","href":"https:\/\/api.w.org\/{rel}","templated":true}]}}