{"id":16304,"date":"2022-10-07T01:06:15","date_gmt":"2022-10-06T23:06:15","guid":{"rendered":"http:\/\/www.infokuryr.cz\/n\/?p=16304"},"modified":"2022-10-06T20:08:58","modified_gmt":"2022-10-06T18:08:58","slug":"tri-mesice-pred-covidem-udelilo-americke-ministerstvo-obrany-zakazku-na-vyzkum-covid-spolecnosti-na-ukrajine","status":"publish","type":"post","link":"https:\/\/www.infokuryr.cz\/n\/2022\/10\/07\/tri-mesice-pred-covidem-udelilo-americke-ministerstvo-obrany-zakazku-na-vyzkum-covid-spolecnosti-na-ukrajine\/","title":{"rendered":"T\u0159i m\u011bs\u00edce p\u0159ed Covidem ud\u011blilo americk\u00e9 ministerstvo obrany zak\u00e1zku na v\u00fdzkum COVID spole\u010dnosti na Ukrajin\u011b"},"content":{"rendered":"<div id=\"fb-root\"><\/div>\n<div class=\"elementor-element elementor-element-1fb4c2c elementor-widget elementor-widget-theme-post-content\" data-id=\"1fb4c2c\" data-element_type=\"widget\" data-widget_type=\"theme-post-content.default\">\n<div class=\"elementor-widget-container\">\n<p><span>Sv\u011bt se poprv\u00e9 dozv\u011bd\u011bl o nov\u00e9m koronaviru na za\u010d\u00e1tku ledna 2020, kdy se v \u010d\u00ednsk\u00e9m Wu-chanu objevily zpr\u00e1vy o \u00fadajn\u011b nov\u00e9m onemocn\u011bn\u00ed podobn\u00e9m z\u00e1palu plic.\u00a0Ve skute\u010dnosti se sv\u011bt o Covid-19 dozv\u011bd\u011bl a\u017e v \u00fanoru 2020, proto\u017ee teprve 11. dne toho m\u011bs\u00edce Sv\u011btov\u00e1 zdravotnick\u00e1 organizace ofici\u00e1ln\u011b pojmenovala novou koronavirovou nemoc Covid-19.<\/span><\/p>\n<p><span>Pokud je toto ofici\u00e1ln\u00ed pravda, pro\u010d tedy vl\u00e1dn\u00ed data USA ukazuj\u00ed, \u017ee 12. listopadu 2019 ministerstvo obrany USA (DOD) ocenilo spole\u010dnost Labyrinth Global Health INC.\u00a0alespo\u0148 m\u011bs\u00edc p\u0159edt\u00edm, ne\u017e se \u00fadajn\u011b objevil nov\u00fd koronavirus a t\u0159i m\u011bs\u00edce p\u0159edt\u00edm, ne\u017e byl ofici\u00e1ln\u011b ozna\u010den jako Covid-19?<\/span><\/p>\n<p><span>T\u00edm v\u0161ak \u0161okuj\u00edc\u00ed zji\u0161t\u011bn\u00ed nekon\u010d\u00ed.\u00a0Smlouva o \u201ev\u00fdzkumu COVID-19\u201c, kter\u00e1 byla ud\u011blena v listopadu 2019, se m\u011bla konat nejen na Ukrajin\u011b, ale byla sou\u010d\u00e1st\u00ed mnohem v\u011bt\u0161\u00ed zak\u00e1zky na \u201eProgram sni\u017eov\u00e1n\u00ed biohrozeb na Ukrajin\u011b\u201c.<\/span><\/p>\n<p><span>To mo\u017en\u00e1 vysv\u011btluje, pro\u010d Labyrinth Global Health od sv\u00e9ho zalo\u017een\u00ed v roce 2017 spolupracuje s EcoHealth Alliance Petera Daszaka a Metabiota Ernesta Wolfe.<\/span><\/p>\n<div class=\"wp-block-image\">\n<figure class=\"aligncenter size-large\"><img decoding=\"async\" class=\"jetpack-lazy-image jetpack-lazy-image--handled\" src=\"https:\/\/i0.wp.com\/expose-news.com\/wp-content\/uploads\/2022\/04\/image-162.png?resize=768%2C299&amp;ssl=1\" alt=\"\" data-lazy-loaded=\"1\" \/><\/figure>\n<\/div>\n<p><span>Vl\u00e1da Spojen\u00fdch st\u00e1t\u016f vytvo\u0159ila webovou str\u00e1nku s n\u00e1zvem\u00a0<\/span><a href=\"https:\/\/www.usaspending.gov\/\" target=\"_blank\" rel=\"noreferrer noopener\"><span>USA Spending<\/span><\/a><span>\u00a0, ofici\u00e1ln\u00ed zdroj otev\u0159en\u00fdch dat o feder\u00e1ln\u00edch v\u00fddaj\u00edch.\u00a0Podle tohoto webu utratila americk\u00e1 vl\u00e1da k 12. dubnu 2021 \u201ev reakci na COVID-19\u201c ohromuj\u00edc\u00edch 3,63 bilionu dolar\u016f.\u00a0To ale nejsou jedin\u00e9 informace o Covidu, kter\u00e9 lze na webu naj\u00edt.<\/span><\/p>\n<div class=\"wp-block-image\">\n<figure class=\"aligncenter size-large\"><img decoding=\"async\" class=\"jetpack-lazy-image jetpack-lazy-image--handled\" src=\"https:\/\/i0.wp.com\/expose-news.com\/wp-content\/uploads\/2022\/04\/image-163.png?resize=768%2C296&amp;ssl=1\" alt=\"\" data-lazy-loaded=\"1\" \/><\/figure>\n<\/div>\n<p><span>V \u201ehled\u00e1n\u00ed ocen\u011bn\u00ed\u201c je skryta zak\u00e1zka ud\u011blen\u00e1 ministerstvem obrany spole\u010dnosti s n\u00e1zvem\u00a0<\/span><a href=\"https:\/\/www.bv.com\/\" target=\"_blank\" rel=\"noreferrer noopener\"><span>Black &amp; Veatch Special Projects Corp<\/span><\/a><span>\u00a0, o kter\u00e9 se \u0159\u00edk\u00e1, \u017ee je \u201eglob\u00e1ln\u00ed in\u017een\u00fdrsk\u00e1, n\u00e1kupn\u00ed, konzulta\u010dn\u00ed a stavebn\u00ed spole\u010dnost, kter\u00e1 se specializuje na rozvoj infrastruktury\u201c .<\/span><\/p>\n<p><span>Zak\u00e1zka byla zad\u00e1na 20. z\u00e1\u0159\u00ed 2012 a je pops\u00e1na jako \u201eodborn\u00e9, v\u011bdeck\u00e9 a technick\u00e9 slu\u017eby\u201c.\u00a0To je samoz\u0159ejm\u011b velmi v\u00e1gn\u00ed a s nejv\u011bt\u0161\u00ed pravd\u011bpodobnost\u00ed to nebude zaj\u00edmat ka\u017ed\u00e9ho, kdo na to n\u00e1hodou naraz\u00ed.\u00a0Ale v detailech je n\u011bco, co by m\u011blo zaj\u00edmat ka\u017ed\u00e9ho.<\/span><\/p>\n<p><span>\u201eHistorie zad\u00e1v\u00e1n\u00ed zak\u00e1zek\u201c obsahuje z\u00e1lo\u017eku \u201eSubdod\u00e1vky\u201c, na kter\u00e9 jsou uvedeni p\u0159\u00edjemci, datum akce, \u010d\u00e1stka a velmi stru\u010dn\u00fd popis 115 subdodavatelsk\u00fdch operac\u00ed.\u00a0V\u011bt\u0161ina subdod\u00e1vek je velmi v\u0161edn\u00ed a t\u00fdk\u00e1 se v\u011bc\u00ed jako \u201elaboratorn\u00ed vybaven\u00ed pro Kyjev\u201c nebo \u201ekancel\u00e1\u0159sk\u00fd n\u00e1bytek pro Kyjev\u201c.<\/span><\/p>\n<div class=\"wp-block-image\">\n<figure class=\"aligncenter size-large\"><img decoding=\"async\" class=\"jetpack-lazy-image jetpack-lazy-image--handled\" src=\"https:\/\/i0.wp.com\/expose-news.com\/wp-content\/uploads\/2022\/04\/image-164.png?ssl=1\" alt=\"\" data-lazy-loaded=\"1\" \/><\/figure>\n<\/div>\n<p><span>Existuje v\u0161ak jedna subdod\u00e1vka, kter\u00e1 mezi ostatn\u00edmi vynik\u00e1, a byla ud\u011blena spole\u010dnosti Labyrinth Global Health INC za \u201edokumentaci rukopis\u016f mal\u00fdch a st\u0159edn\u00edch podnik\u016f a v\u00fdzkum COVID-19\u201c.<\/span><\/p>\n<p><span>Ocen\u011bn\u00ed za v\u00fdzkum Covid-19 nen\u00ed zrovna \u0161okuj\u00edc\u00ed, kdy\u017e se \u0159\u00edk\u00e1, \u017ee sv\u011bt je ohro\u017een pandemi\u00ed Covid-19, ale vzhledem k tomu, \u017ee subdod\u00e1vka byla ud\u011blena 12. listopadu 2019, minim\u00e1ln\u011b m\u011bs\u00edc p\u0159ed \u00fadajn\u00fdm v\u00fdskytem nov\u00e9ho koronaviru. a t\u0159i m\u011bs\u00edce p\u0159edt\u00edm, ne\u017e byl ofici\u00e1ln\u011b ozna\u010den jako Covid-19, by ocen\u011bn\u00ed za v\u00fdzkum Covid-19 m\u011blo b\u00fdt pro ka\u017ed\u00e9ho \u0161okem.<\/span><\/p>\n<div class=\"wp-block-image\">\n<figure class=\"aligncenter size-large\"><img decoding=\"async\" class=\"jetpack-lazy-image jetpack-lazy-image--handled\" src=\"https:\/\/i0.wp.com\/expose-news.com\/wp-content\/uploads\/2022\/04\/image-165.png?resize=768%2C200&amp;ssl=1\" alt=\"\" data-lazy-loaded=\"1\" \/><figcaption><a href=\"https:\/\/www.usaspending.gov\/award\/CONT_AWD_0004_9700_HDTRA108D0007_9700\" target=\"_blank\" rel=\"noreferrer noopener\"><span>zdroj<\/span><\/a><\/figcaption><\/figure>\n<\/div>\n<p><span>Ale to nen\u00ed v\u0161e, m\u00edstem, kde m\u011bl b\u00fdt kontakt pro v\u00fdzkum Covid-19 nav\u00e1z\u00e1n, byla Ukrajina, stejn\u011b jako cel\u00e9 ministerstvo obrany na\u00a0<\/span><a href=\"https:\/\/www.bv.com\/\" target=\"_blank\" rel=\"noreferrer noopener\"><span>Black &amp; Veatch Special Projects<\/span><\/a><span>\u00a0Corp.\u00a0ud\u011blen\u00fd \u0159\u00e1d.<\/span><\/p>\n<div class=\"wp-block-image\">\n<figure class=\"aligncenter size-large\"><img decoding=\"async\" class=\"jetpack-lazy-image jetpack-lazy-image--handled\" src=\"https:\/\/i0.wp.com\/expose-news.com\/wp-content\/uploads\/2022\/04\/image-166.png?w=716&amp;ssl=1\" alt=\"\" data-lazy-loaded=\"1\" \/><\/figure>\n<\/div>\n<p><span>Podrobnosti smlouvy na webu USA Spending nazna\u010duj\u00ed, \u017ee ministerstvo obrany zadalo zak\u00e1zku Agenturu pro sni\u017eov\u00e1n\u00ed hrozeb obrany (DTRA).\u00a0Zak\u00e1zka byla zad\u00e1na 20. z\u00e1\u0159\u00ed 2012 a kon\u010d\u00ed 13. \u0159\u00edjna 2020.<\/span><\/p>\n<div class=\"wp-block-image\">\n<figure class=\"aligncenter size-large\"><img decoding=\"async\" class=\"jetpack-lazy-image jetpack-lazy-image--handled\" src=\"https:\/\/i0.wp.com\/expose-news.com\/wp-content\/uploads\/2022\/04\/image-168.png?resize=768%2C854&amp;ssl=1\" alt=\"\" data-lazy-loaded=\"1\" \/><\/figure>\n<\/div>\n<p><span>Zat\u00edmco podrobnosti jsou v\u00e1gn\u00ed, webov\u00e1 str\u00e1nka vl\u00e1dy USA tak\u00e9 odhaluje, \u017ee 21,7 milionu dolar\u016f ze smlouvy ve v\u00fd\u0161i 116,6 milionu dolar\u016f bylo vynalo\u017eeno na \u201eUkrajinsk\u00fd program sni\u017eov\u00e1n\u00ed biologick\u00fdch hrozeb\u201c.<\/span><\/p>\n<div class=\"wp-block-image\">\n<figure class=\"aligncenter size-large\"><img decoding=\"async\" class=\"jetpack-lazy-image jetpack-lazy-image--handled\" src=\"https:\/\/i0.wp.com\/expose-news.com\/wp-content\/uploads\/2022\/04\/image-167.png?resize=768%2C332&amp;ssl=1\" alt=\"\" data-lazy-loaded=\"1\" \/><\/figure>\n<\/div>\n<p><span>Pro\u010d ministerstvo obrany zaplatilo to, co prohla\u0161uje za \u201eglob\u00e1ln\u00ed in\u017een\u00fdrskou, n\u00e1kupn\u00ed, konzulta\u010dn\u00ed a stavebn\u00ed spole\u010dnost specializuj\u00edc\u00ed se na rozvoj infrastruktury\u201c, aby provedlo \u201eprogram na sn\u00ed\u017een\u00ed&#8230; pomoci biologick\u00e9 hrozb\u011b na Ukrajin\u011b\u201c?<\/span><\/p>\n<p><span>A pro\u010d tedy jak ministerstvo obrany, tak zm\u00edn\u011bn\u00e1 spole\u010dnost zaplatily spole\u010dnosti\u00a0<\/span><a href=\"https:\/\/www.labyrinthgh.com\/team\" target=\"_blank\" rel=\"noreferrer noopener\"><span>Labyrinth Global Health INC<\/span><\/a><span>\u00a0za prov\u00e1d\u011bn\u00ed v\u00fdzkumu COVID-19 na Ukrajin\u011b alespo\u0148 m\u011bs\u00edc p\u0159edt\u00edm, ne\u017e se \u00fadajn\u011b objevil nov\u00fd koronavirus a t\u0159i m\u011bs\u00edce p\u0159edt\u00edm, ne\u017e byl ofici\u00e1ln\u011b klasifikov\u00e1n jako Covid &#8211; 19 byla ur\u010dena?<\/span><\/p>\n<p><span>Labyrinth Global Health byla zalo\u017eena v roce 2017 a je \u00fadajn\u011b \u201emal\u00fdm podnikem veden\u00fd \u017eenami s hlubok\u00fdmi odborn\u00fdmi znalostmi a prok\u00e1zan\u00fdmi v\u00fdsledky v podpo\u0159e iniciativ pro v\u011bdeck\u00fd a l\u00e9ka\u0159sk\u00fd pokrok\u201c.<\/span><\/p>\n<p><span>Popisuj\u00ed se jako \u201emultikulturn\u00ed a mezin\u00e1rodn\u00ed organizace s pobo\u010dkami ve \u010dty\u0159ech zem\u00edch a t\u00fdmem odborn\u00edk\u016f s r\u016fzn\u00fdm z\u00e1zem\u00edm a odborn\u00fdmi znalostmi v\u010detn\u011b mikrobiologie, virologie, glob\u00e1ln\u00edho zdrav\u00ed, p\u00e9\u010de o nov\u011b vznikaj\u00edc\u00ed infek\u010dn\u00ed choroby, l\u00e9ka\u0159sk\u00e9 antropologie, ter\u00e9nn\u00ed epidemiologie, klinick\u00e9ho v\u00fdzkumu a zdravotnick\u00fdch informa\u010dn\u00edch syst\u00e9m\u016f. .\u201c<\/span><\/p>\n<p><span>Jedna z t\u011bchto kancel\u00e1\u0159\u00ed se shodou okolnost\u00ed nach\u00e1z\u00ed v Kyjev\u011b na Ukrajin\u011b, kter\u00fd spole\u010dnost popisuje jako \u201ebr\u00e1nu do v\u00fdchodn\u00ed Evropy\u201c.<\/span><\/p>\n<div class=\"wp-block-image\">\n<figure class=\"aligncenter size-large\"><img decoding=\"async\" class=\"jetpack-lazy-image jetpack-lazy-image--handled\" src=\"https:\/\/i0.wp.com\/expose-news.com\/wp-content\/uploads\/2022\/04\/image-169.png?resize=768%2C860&amp;ssl=1\" alt=\"\" data-lazy-loaded=\"1\" \/><figcaption><a href=\"https:\/\/www.labyrinthgh.com\/where-we-work\" target=\"_blank\" rel=\"noreferrer noopener\"><span>zdroj<\/span><\/a><\/figcaption><\/figure>\n<\/div>\n<p><span>Vedouc\u00ed t\u00fdm Labyrinth Global se skl\u00e1d\u00e1 z Karen Saylors, PHD, jako gener\u00e1ln\u00ed \u0159editel, Mary Guttieri, PHS, jako Chief Science Officer, a Murat Tartan, jako Chief Financial Officer.<\/span><\/p>\n<div class=\"wp-block-image\">\n<figure class=\"aligncenter size-large\"><img decoding=\"async\" class=\"jetpack-lazy-image jetpack-lazy-image--handled\" src=\"https:\/\/i0.wp.com\/expose-news.com\/wp-content\/uploads\/2022\/04\/image-170.png?resize=768%2C390&amp;ssl=1\" alt=\"\" data-lazy-loaded=\"1\" \/><figcaption><a href=\"https:\/\/www.labyrinthgh.com\/team\" target=\"_blank\" rel=\"noreferrer noopener\"><span>zdroj<\/span><\/a><\/figcaption><\/figure>\n<\/div>\n<p><span>Dr\u00a0Karen Saylors, spoluzakladatelka Labyrinth Global Health, \u00fadajn\u011b v\u00edce ne\u017e deset let pracovala v oblasti mezin\u00e1rodn\u00edho ve\u0159ejn\u00e9ho zdrav\u00ed a mnoho let \u017eila v Africe, kde vybudovala glob\u00e1ln\u00ed s\u00edt\u011b dohledu a \u201espolupracovala s partnery na formov\u00e1n\u00ed glob\u00e1ln\u00ed zdravotn\u00ed politiky. detekovat, reagovat a&#8230; zlep\u0161it kontrolu infek\u010dn\u00edch nemoc\u00ed\u201c.<\/span><\/p>\n<p><span>V Labyrintu je Dr.\u00a0Saylors se specializuje na studie zam\u011b\u0159en\u00e9 na pochopen\u00ed a zm\u00edrn\u011bn\u00ed biologick\u00fdch a behavior\u00e1ln\u00edch rizik p\u0159enosu nemoc\u00ed.\u00a0Dr\u00a0Saylors spolupracoval s Oxford University Clinical Trials Network ve Vietnamu na v\u00fdzkumu dozoru nad zoon\u00f3zami a pokra\u010duje v koordinaci nov\u00fdch propuknut\u00ed onemocn\u011bn\u00ed ve zv\u00ed\u0159ec\u00ed a lidsk\u00e9 populaci s region\u00e1ln\u00edmi partnery.<\/span><\/p>\n<p><span>Kdo jsou ale partne\u0159i, se kter\u00fdmi Dr.\u00a0Karen Saylors a Labyrinth Global Health spolupracuj\u00ed?\u00a0Nejsou to nikdo jin\u00fd ne\u017e Eco-Health Alliance a Metabiota.<\/span><\/p>\n<p><span>Dr\u00a0Karen Saylors, Eco-Health Alliance a Metabiota spolupracuj\u00ed na programu PREDICT Agentury Spojen\u00fdch st\u00e1t\u016f pro mezin\u00e1rodn\u00ed rozvoj (USAID) od roku 2009, zat\u00edmco Labyrinth Global Health spolupracuje s EHA a Metabiota na programu PREDICT od roku 2017.<\/span><\/p>\n<p><span>PREDICT, kter\u00fd byl spu\u0161t\u011bn v roce 2009 a financovan\u00fd USAID, byl syst\u00e9mem v\u010dasn\u00e9ho varov\u00e1n\u00ed p\u0159ed nov\u00fdmi a nov\u011b se objevuj\u00edc\u00edmi chorobami ve 21 zem\u00edch.\u00a0Vedl ji\u00a0<\/span><a href=\"https:\/\/ohi.vetmed.ucdavis.edu\/programs-projects\/predict-project\" target=\"_blank\" rel=\"noreferrer noopener\"><span>Institut Davis One Health Institute<\/span><\/a><span>\u00a0University of California (&#8222;UC&#8220;) a mezi kl\u00ed\u010dov\u00e9 partnery pat\u0159ily\u00a0<\/span><a href=\"https:\/\/www.ecohealthalliance.org\/program\/predict\" target=\"_blank\" rel=\"noreferrer noopener\"><span>EcoHealth Alliance (&#8222;EHA&#8220;)<\/span><\/a><span>\u00a0, Metabiota, Wildlife Conservation Society, Smithsonian Institution a, jak jsme se pr\u00e1v\u011b dozv\u011bd\u011bli, Labyrinth Global Zdrav\u00ed.\u00a0PREDICT byl p\u0159edch\u016fdcem ambici\u00f3zn\u011bj\u0161\u00edho projektu Global Virome Project.<\/span><\/p>\n<p><span>USAID\u00a0<\/span><a href=\"https:\/\/ohi.vetmed.ucdavis.edu\/programs-projects\/predict-project\" target=\"_blank\" rel=\"noreferrer noopener\"><span>popisuje PREDICT<\/span><\/a><span>\u00a0jako \u201ev\u00fdznamn\u00fd p\u0159\u00edsp\u011bvek k pos\u00edlen\u00ed glob\u00e1ln\u00edho dohledu a laboratorn\u00edch diagnostick\u00fdch schopnost\u00ed pro zn\u00e1m\u00e9 a nov\u011b objeven\u00e9 viry v r\u00e1mci n\u011bkolika d\u016fle\u017eit\u00fdch skupin vir\u016f, jako jsou filoviry (v\u010detn\u011b ebolavir\u016f), ch\u0159ipkov\u00e9 viry, paramyxoviry a\u00a0<\/span><strong><span>koronaviry<\/span><\/strong><span>\u00a0\u201c.<\/span><\/p>\n<p><span>Zde je jedna z mnoha studi\u00ed publikovan\u00fdch Eco Health Alliance, Metabiota a Labyrinth Global Health s odkazem &#8211;<\/span><\/p>\n<div class=\"wp-block-image\">\n<figure class=\"aligncenter size-large\"><img decoding=\"async\" class=\"jetpack-lazy-image jetpack-lazy-image--handled\" src=\"https:\/\/i0.wp.com\/expose-news.com\/wp-content\/uploads\/2022\/04\/image-174.png?resize=768%2C878&amp;ssl=1\" alt=\"\" data-lazy-loaded=\"1\" \/><figcaption><a href=\"https:\/\/www.researchgate.net\/publication\/351226088_Implementing_One_Health_approaches_to_confront_emerging_and_re-emerging_zoonotic_disease_threats_lessons_from_PREDICT\" target=\"_blank\" rel=\"noreferrer noopener\"><span>zdroj<\/span><\/a><\/figcaption><\/figure>\n<\/div>\n<p><a href=\"https:\/\/www.latimes.com\/science\/story\/2020-04-02\/coronavirus-trump-pandemic-program-viruses-detection\" target=\"_blank\" rel=\"noreferrer noopener\" data-type=\"URL\" data-id=\"https:\/\/www.latimes.com\/science\/story\/2020-04-02\/coronavirus-trump-pandemic-program-viruses-detection\"><span>PREDICT spolupracuje s neziskovou organizac\u00ed Eco Health Alliance (EHA) na katalogizaci stovek tis\u00edc biologick\u00fdch vzork\u016f \u201e v\u010detn\u011b v\u00edce ne\u017e 10 000 netop\u00fdr\u016f<\/span><\/a><span>\u00a0\u201c po dobu dev\u00edti let\u00a0.\u00a0Peter Daszak, prezident EHA, byl tak\u00e9 zapojen\u00a0<\/span><a href=\"https:\/\/www.ncbi.nlm.nih.gov\/sites\/ppmc\/articles\/PMC4416284\/\" target=\"_blank\" rel=\"noreferrer noopener\"><span>do studie z roku 2015<\/span><\/a><span>\u00a0financovan\u00e9 PREDICT o \u201erozmanitosti koronaviru u netop\u00fdr\u016f\u201c.<\/span><\/p>\n<p><span>Eco Health Alliance je uvedena jako partner Wuhansk\u00e9ho virologick\u00e9ho institutu (\u201eWIV\u201c) na archivovan\u00fdch str\u00e1nk\u00e1ch sv\u00e9ho webu a byla jmenov\u00e1na z\u00e1stupcem gener\u00e1ln\u00edho \u0159editele WIV v roce 2018 jako jeden ze \u201estrategick\u00fdch partner\u016f institutu\u201c.<\/span><\/p>\n<p><span>Vztah mezi WIV a americkou agenturou pro bioobranu podpo\u0159il zejm\u00e9na politick\u00fd poradce EHA David R. Franz, b\u00fdval\u00fd velitel americk\u00e9 laborato\u0159e pro biologick\u00e9 zbran\u011b ve Fort Detricku.<\/span><\/p>\n<p><span>Dr\u00a0Shi Zhengli z WIV, zn\u00e1m\u00e1 tak\u00e9 jako \u201eBatwoman\u201c, tak\u00e9 spolupracovala s Daszakem z EHA na studi\u00edch souvisej\u00edc\u00edch s netop\u00fdry.\u00a0Ji\u017e v roce 2005 zkoumali Daszak a Zhengli koronaviry podobn\u00e9 SARS u netop\u00fdr\u016f.\u00a0N\u011bkolik studi\u00ed financovan\u00fdch PREDICT o koronavirech podobn\u00fdch SARS a prase\u010d\u00ed ch\u0159ipce poch\u00e1z\u00ed z p\u0159\u00edsp\u011bvk\u016f Zhengliho a Daszaka.\u00a0Snad nejpozoruhodn\u011bj\u0161\u00ed je studie z roku 2015 financovan\u00e1 PREDICT-NIH, ve kter\u00e9 je spoluautorkou: &#8220;\u00a0<\/span><a href=\"https:\/\/pubmed.ncbi.nlm.nih.gov\/26552008\/\" target=\"_blank\" rel=\"noreferrer noopener\"><span>Shluk cirkuluj\u00edc\u00edch netop\u00fd\u0159\u00edch koronavir\u016f podobn\u00fd SARS ukazuje potenci\u00e1l pro vznik lid\u00ed<\/span><\/a><span>\u00a0.&#8220;<\/span><\/p>\n<p><span>Nathan Wolfe je zakladatelem Metabiota a neziskov\u00e9 organizace\u00a0<\/span><a href=\"https:\/\/www.globalviral.org\/nathan-wolfe\" target=\"_blank\" rel=\"noreferrer noopener\"><span>Global Viral<\/span><\/a><span>\u00a0.\u00a0P\u0159es osm let prov\u00e1d\u011bl biomedic\u00ednsk\u00fd v\u00fdzkum v subsaharsk\u00e9 Africe a jihov\u00fdchodn\u00ed Asii.\u00a0Nen\u00ed divu, \u017ee Wolfe je\u00a0<\/span><a href=\"https:\/\/www.weforum.org\/people\/nathan-d-wolfe\" target=\"_blank\" rel=\"noreferrer noopener\"><span>mlad\u00fdm glob\u00e1ln\u00edm l\u00eddrem<\/span><\/a><span>\u00a0Sv\u011btov\u00e9ho ekonomick\u00e9ho f\u00f3ra .\u00a0Zejm\u00e9na byl\u00a0<\/span><a href=\"https:\/\/explorecourses.stanford.edu\/instructor\/ndwolfe\" target=\"_blank\" rel=\"noreferrer noopener\"><span>\u010dlenem DSRC (Defence Science Research Council) DARPA<\/span><\/a><span>\u00a0od roku 2008 , dokud nebyla\u00a0<\/span><a href=\"https:\/\/www.science.org\/content\/article\/what-else-makes-darpa-tick\" target=\"_blank\" rel=\"noreferrer noopener\"><span>rozpu\u0161t\u011bna<\/span><\/a><span>\u00a0.<\/span><\/p>\n<p><span>V\u0161ichni tito jednotlivci a organizace pracuj\u00ed na v\u00fdzkumu koronaviru nejm\u00e9n\u011b deset let a pom\u00e1haj\u00ed zakl\u00e1dat biolaborato\u0159e na Ukrajin\u011b.\u00a0V\u0161ichni na to pou\u017eili prost\u0159edky z americk\u00e9ho ministerstva obrany.\u00a0V\u00edce si o tom m\u016f\u017eete\u00a0p\u0159e\u010d\u00edst\u00a0<\/span><a href=\"https:\/\/expose-news.com\/2022\/03\/17\/metabiota-links-biolabs-to-the-pentagons-dtra\/\" target=\"_blank\" rel=\"noreferrer noopener\"><span>zde,\u00a0<\/span><\/a><a href=\"https:\/\/expose-news.com\/2022\/03\/18\/ukraine-biolabs-and-connections-btw-metabiota-and-ecohealth\/\" target=\"_blank\" rel=\"noreferrer noopener\"><span>zde<\/span><\/a><span>\u00a0a\u00a0<\/span><a href=\"https:\/\/expose-news.com\/2022\/03\/20\/biolabs-who-are-metabiotas-investors\/\" target=\"_blank\" rel=\"noreferrer noopener\"><span>zde .<\/span><\/a><\/p>\n<div class=\"wp-block-image\">\n<figure class=\"aligncenter size-large\"><img decoding=\"async\" class=\"jetpack-lazy-image jetpack-lazy-image--handled\" src=\"https:\/\/i0.wp.com\/expose-news.com\/wp-content\/uploads\/2022\/04\/image-173.png?w=641&amp;ssl=1\" alt=\"\" data-lazy-loaded=\"1\" \/><\/figure>\n<\/div>\n<p><span>Pomineme-li prozat\u00edm biolaborato\u0159e na Ukrajin\u011b, vra\u0165me se k t\u00e9matu Covid-19.\u00a0Pokud vl\u00e1da USA financovala v\u00fdzkum Covid-19 p\u0159edt\u00edm, ne\u017e se existence Covid-19 stala ve\u0159ejn\u011b zn\u00e1mou, pak to znamen\u00e1, \u017ee bu\u010f v\u011bd\u011bli o p\u0159irozen\u00e9 existenci Covid-19, nebo \u017ee se pod\u00edleli na jeho konstrukci Virus byl zapojen do laborato\u0159.<\/span><\/p>\n<p><span>Pokud v\u00e1m v\u0161ak smluvn\u00ed d\u016fkazy k tomu z\u00e1v\u011bru nesta\u010d\u00ed (a m\u011bly by b\u00fdt), pak mo\u017en\u00e1, kdy\u017e je spoj\u00edte s d\u016fkazy, \u017ee americk\u00fd N\u00e1rodn\u00ed institut pro alergie a infek\u010dn\u00ed nemoci (NIAID) a Moderna v prosinci m\u011bly koronavirus kandid\u00e1t v roce 2019.<\/span><\/p>\n<p><span>V dohod\u011b o ml\u010denlivosti, kterou si m\u016f\u017eete prohl\u00e9dnout zde, prodejci Moderna a N\u00e1rodn\u00ed institut alergi\u00ed a infek\u010dn\u00edch nemoc\u00ed (NIAID) uvedli, \u017ee se dohodli na \u201ekandid\u00e1tech na vakc\u00ednu proti koronaviru mRNA\u201c, kter\u00e9 vyv\u00edjej\u00ed NIAID a Moderna a kter\u00e9 jsou ve spole\u010dn\u00e9m vlastnictv\u00ed, p\u0159evedena na p\u0159\u00edjemce, University of North Carolina v Chapel Hill, dne 12. prosince 2019.<\/span><\/p>\n<div class=\"wp-block-image\">\n<figure class=\"aligncenter size-large\"><img decoding=\"async\" class=\"jetpack-lazy-image jetpack-lazy-image--handled\" src=\"https:\/\/i0.wp.com\/expose-news.com\/wp-content\/uploads\/2022\/04\/image-180.png?resize=768%2C430&amp;ssl=1\" alt=\"\" data-lazy-loaded=\"1\" \/><\/figure>\n<\/div>\n<div class=\"wp-block-image\">\n<figure class=\"aligncenter size-large\"><img decoding=\"async\" class=\"jetpack-lazy-image jetpack-lazy-image--handled\" src=\"https:\/\/i0.wp.com\/expose-news.com\/wp-content\/uploads\/2022\/04\/image-179.png?resize=768%2C546&amp;ssl=1\" alt=\"\" data-lazy-loaded=\"1\" \/><\/figure>\n<\/div>\n<div class=\"wp-block-image\">\n<figure class=\"aligncenter size-large\"><img decoding=\"async\" class=\"jetpack-lazy-image jetpack-lazy-image--handled\" src=\"https:\/\/i0.wp.com\/expose-news.com\/wp-content\/uploads\/2022\/04\/image-178.png?resize=768%2C479&amp;ssl=1\" alt=\"\" data-lazy-loaded=\"1\" \/><\/figure>\n<\/div>\n<p>&nbsp;<\/p>\n<div class=\"wp-block-image\">\n<figure class=\"aligncenter size-large\"><img decoding=\"async\" class=\"jetpack-lazy-image jetpack-lazy-image--handled\" src=\"https:\/\/i0.wp.com\/expose-news.com\/wp-content\/uploads\/2022\/04\/image-177.png?resize=768%2C368&amp;ssl=1\" alt=\"\" data-lazy-loaded=\"1\" \/><\/figure>\n<\/div>\n<p><span>V\u0161echny tyto podpisy byly provedeny p\u0159edt\u00edm, ne\u017e se \u00fadajn\u00e9 vypuknut\u00ed nov\u00e9ho koronaviru stalo zn\u00e1m\u00fdm.\u00a0A\u017e 31. prosince 2019 se Sv\u011btov\u00e1 zdravotnick\u00e1 organizace (WHO) dozv\u011bd\u011bla o \u00fadajn\u00e9m nahromad\u011bn\u00ed p\u0159\u00edpad\u016f virov\u00e9 pneumonie v \u010d\u00ednsk\u00e9m Wu-chanu.\u00a0Ale ani tehdy nezjistila, \u017ee je na vin\u011b \u00fadajn\u00fd nov\u00fd koronavirus, m\u00edsto toho prohl\u00e1sila, \u017ee z\u00e1pal plic m\u00e1 \u201enezn\u00e1mou p\u0159\u00ed\u010dinu\u201c.<\/span><\/p>\n<div class=\"wp-block-image\">\n<figure class=\"aligncenter size-large\"><img decoding=\"async\" class=\"jetpack-lazy-image jetpack-lazy-image--handled\" src=\"https:\/\/i0.wp.com\/expose-news.com\/wp-content\/uploads\/2022\/04\/image-176.png?resize=768%2C391&amp;ssl=1\" alt=\"\" data-lazy-loaded=\"1\" \/><\/figure>\n<\/div>\n<p><span>To v\u0161e vy\u017eaduje dal\u0161\u00ed zkoum\u00e1n\u00ed, aby se daly v\u0161echny kousky skl\u00e1da\u010dky dohromady, ale tady je to, co zat\u00edm rozhodn\u011b v\u00edme &#8211;<\/span><\/p>\n<ul>\n<li><span>V prosinci 2019 se ve Wu-chanu objevil nov\u00fd koronavirus.<\/span><\/li>\n<li><span>Sv\u011bt se o tomto nov\u00e9m koronaviru dozv\u011bd\u011bl a\u017e za\u010d\u00e1tkem ledna 2020.<\/span><\/li>\n<li><span>Sv\u011bt nev\u011bd\u011bl, \u017ee se tento nov\u00fd koronavirus jmenuje Covid-19 a\u017e do \u00fanora 2020, kdy jej tak ofici\u00e1ln\u011b pojmenovala Sv\u011btov\u00e1 zdravotnick\u00e1 organizace.<\/span><\/li>\n<li><span>Americk\u00e9 ministerstvo obrany ud\u011blilo zak\u00e1zku na profesion\u00e1ln\u00ed, v\u011bdeck\u00e9 a technick\u00e9 slu\u017eby spole\u010dnosti\u00a0<\/span><a href=\"https:\/\/www.bv.com\/\" target=\"_blank\" rel=\"noreferrer noopener\"><span>Black &amp; Veatch Special Projects Corp<\/span><\/a><span>\u00a0, o kter\u00e9 se \u0159\u00edk\u00e1, \u017ee je glob\u00e1ln\u00ed in\u017een\u00fdrskou, n\u00e1kupn\u00ed, konzulta\u010dn\u00ed a stavebn\u00ed firmou specializuj\u00edc\u00ed se na rozvoj infrastruktury.&#8220;<\/span><\/li>\n<li><span>Tato smlouva zahrnovala program na sn\u00ed\u017een\u00ed biologick\u00fdch hrozeb na Ukrajin\u011b.<\/span><\/li>\n<li><span>V r\u00e1mci t\u00e9to v\u011bt\u0161\u00ed zak\u00e1zky byla dne 12. listopadu 2019 ud\u011blena dal\u0161\u00ed zak\u00e1zka spole\u010dnosti Labyrinth Global Health na \u201eV\u00fdzkum COVID-19\u201c.<\/span><\/li>\n<li><span>Tato zak\u00e1zka byla ud\u011blena nejm\u00e9n\u011b m\u011bs\u00edc p\u0159edt\u00edm, ne\u017e bylo ozn\u00e1meno, \u017ee se objevil nov\u00fd koronavirus, a t\u0159i m\u011bs\u00edce p\u0159edt\u00edm, ne\u017e byl ofici\u00e1ln\u011b ozna\u010den jako Covid-19.<\/span><\/li>\n<li><span>Labyrinth Global Health spolupracuje s Eco Health Alliance a Metabiota a pod\u00edlel se na programu USAID PREDICT.\u00a0V\u0161ichni tito lid\u00e9 a organizace pracuj\u00ed na v\u00fdzkumu koronaviru minim\u00e1ln\u011b deset let a pom\u00e1haj\u00ed zakl\u00e1dat biolaborato\u0159e na Ukrajin\u011b.\u00a0V\u0161ichni na to pou\u017eili prost\u0159edky z americk\u00e9ho ministerstva obrany.<\/span><\/li>\n<li><a href=\"https:\/\/expose-news.com\/2022\/03\/18\/ukraine-biolabs-and-connections-btw-metabiota-and-ecohealth\/\" target=\"_blank\" rel=\"noreferrer noopener\"><span>Informace zde<\/span><\/a><span>\u00a0nalezen\u00e9 nazna\u010duj\u00ed, \u017ee na v\u00fdvoji viru Covid-19 se pod\u00edlela organizace Eco Health Alliance\u00a0.<\/span><\/li>\n<li><span>Zde nalezen\u00e9 informace nazna\u010duj\u00ed\u00a0<\/span><a href=\"https:\/\/expose-news.com\/2022\/03\/17\/exhaustive-proof-moderna-made-covid-19\/\" target=\"_blank\" rel=\"noreferrer noopener\"><span>,<\/span><\/a><span>\u00a0\u017ee Moderna se pod\u00edlela na v\u00fdvoji viru Covid-19.<\/span><\/li>\n<li><span>Spole\u010dnost Moderna a National Institute of Allergy and Infectious Diseases (NIAID) se 12. prosince 2019 dohodly na odesl\u00e1n\u00ed \u201ekandid\u00e1t\u016f na vakc\u00ednu proti koronaviru mRNA\u201c vyvinut\u00fdch a spoluvlastn\u011bn\u00fdch spole\u010dnostmi NIAID a Moderna p\u0159\u00edjemc\u016fm \u201eThe University of North Carolina at Chapel Hill\u201c.<\/span><\/li>\n<\/ul>\n<\/div>\n<\/div>\n<div class=\"elementor-element elementor-element-8c57238 quelle dc-has-condition dc-condition-empty elementor-widget elementor-widget-heading\" data-id=\"8c57238\" data-element_type=\"widget\" data-widget_type=\"heading.default\">\n<div class=\"elementor-widget-container\">\n<h3 class=\"elementor-heading-title elementor-size-default\"><span style=\"font-size: 8pt;\"><a href=\"https:\/\/expose-news.com\/2022\/10\/06\/2019-contract-covid-resarch-ukraine-us-dod\/\" target=\"_blank\" rel=\"nofollow noopener\">ZDROJ<\/a><\/span><\/h3>\n<p>&nbsp;<\/p>\n<\/div>\n<\/div>\n","protected":false},"excerpt":{"rendered":"<p>Sv\u011bt se poprv\u00e9 dozv\u011bd\u011bl o nov\u00e9m koronaviru na za\u010d\u00e1tku ledna 2020, kdy se v \u010d\u00ednsk\u00e9m&#8230;<\/p>\n","protected":false},"author":2,"featured_media":2048,"comment_status":"closed","ping_status":"closed","sticky":false,"template":"","format":"standard","meta":[],"categories":[7],"tags":[480,23,26,37],"_links":{"self":[{"href":"https:\/\/www.infokuryr.cz\/n\/wp-json\/wp\/v2\/posts\/16304"}],"collection":[{"href":"https:\/\/www.infokuryr.cz\/n\/wp-json\/wp\/v2\/posts"}],"about":[{"href":"https:\/\/www.infokuryr.cz\/n\/wp-json\/wp\/v2\/types\/post"}],"author":[{"embeddable":true,"href":"https:\/\/www.infokuryr.cz\/n\/wp-json\/wp\/v2\/users\/2"}],"replies":[{"embeddable":true,"href":"https:\/\/www.infokuryr.cz\/n\/wp-json\/wp\/v2\/comments?post=16304"}],"version-history":[{"count":0,"href":"https:\/\/www.infokuryr.cz\/n\/wp-json\/wp\/v2\/posts\/16304\/revisions"}],"wp:featuredmedia":[{"embeddable":true,"href":"https:\/\/www.infokuryr.cz\/n\/wp-json\/wp\/v2\/media\/2048"}],"wp:attachment":[{"href":"https:\/\/www.infokuryr.cz\/n\/wp-json\/wp\/v2\/media?parent=16304"}],"wp:term":[{"taxonomy":"category","embeddable":true,"href":"https:\/\/www.infokuryr.cz\/n\/wp-json\/wp\/v2\/categories?post=16304"},{"taxonomy":"post_tag","embeddable":true,"href":"https:\/\/www.infokuryr.cz\/n\/wp-json\/wp\/v2\/tags?post=16304"}],"curies":[{"name":"wp","href":"https:\/\/api.w.org\/{rel}","templated":true}]}}