{"id":16291,"date":"2022-10-06T08:20:56","date_gmt":"2022-10-06T06:20:56","guid":{"rendered":"http:\/\/www.infokuryr.cz\/n\/?p=16291"},"modified":"2022-10-06T08:20:56","modified_gmt":"2022-10-06T06:20:56","slug":"opec-potvrdil-snizeni-tezby-ropy","status":"publish","type":"post","link":"https:\/\/www.infokuryr.cz\/n\/2022\/10\/06\/opec-potvrdil-snizeni-tezby-ropy\/","title":{"rendered":"OPEC+ potvrdil sn\u00ed\u017een\u00ed t\u011b\u017eby ropy"},"content":{"rendered":"<div id=\"fb-root\"><\/div>\n<p><span style=\"font-size: 18pt;\"><strong>Nejv\u011bt\u0161\u00ed sn\u00ed\u017een\u00ed produkce od za\u010d\u00e1tku roku 2020 p\u0159i\u0161lo navzdory tlaku USA na dal\u0161\u00ed pumpov\u00e1n\u00ed<\/strong><\/span><\/p>\n<p><span>\u010clensk\u00e9 st\u00e1ty OPEC+ se dohodly na sn\u00ed\u017een\u00ed t\u011b\u017eby ropy o dva miliony barel\u016f denn\u011b, uv\u00e1d\u00ed se v prohl\u00e1\u0161en\u00ed zve\u0159ejn\u011bn\u00e9m na webov\u00fdch str\u00e1nk\u00e1ch skupiny.<\/span><\/p>\n<p><span>Sn\u00ed\u017een\u00ed, kter\u00e9 je nejv\u011bt\u0161\u00edm sn\u00ed\u017een\u00edm od za\u010d\u00e1tku roku 2020, vstoup\u00ed v platnost v listopadu,\u00a0<\/span><a href=\"https:\/\/www.opec.org\/opec_web\/en\/press_room\/7021.htm\" target=\"_blank\" rel=\"noopener noreferrer\"><span>ozn\u00e1mil<\/span><\/a><span>\u00a0kartel ve st\u0159edu.<\/span><\/p>\n<p><span>Podle OPEC tento krok p\u0159ich\u00e1z\u00ed \u201e\u00a0<\/span><em><span>ve sv\u011btle nejistoty, kter\u00e1 obklopuje vyhl\u00eddky glob\u00e1ln\u00ed ekonomiky a trhu s ropou, a pot\u0159eby zlep\u0161it dlouhodob\u00e9 pokyny pro trh s ropou a v souladu s \u00fasp\u011b\u0161n\u00fdm p\u0159\u00edstupem b\u00fdt proaktivn\u00ed a preemptivn\u00ed, kter\u00fd byl<\/span><\/em><span>\u00a0skupinou d\u016fsledn\u011b p\u0159ij\u00edm\u00e1n.<\/span><\/p>\n<p><span>\u0160krty jsou mnohem tvrd\u0161\u00ed, ne\u017e v\u011bt\u0161ina odborn\u00edk\u016f p\u0159edpokl\u00e1dala na za\u010d\u00e1tku tohoto t\u00fddne, a nyn\u00ed se o\u010dek\u00e1v\u00e1, \u017ee zastav\u00ed nejnov\u011bj\u0161\u00ed pokles glob\u00e1ln\u00edch cen ropy.<\/span><\/p>\n<p><span>Poprv\u00e9 od za\u010d\u00e1tku pandemie na za\u010d\u00e1tku roku 2020 se ve st\u0159edu ve v\u00edde\u0148sk\u00e9m s\u00eddle kartelu se\u0161li minist\u0159i energetiky ze skupiny OPEC+ veden\u00e9 Sa\u00fadskou Ar\u00e1bi\u00ed a jej\u00edmi spojeneck\u00fdmi ne\u010dleny v\u010detn\u011b Ruska.<\/span><\/p>\n<p><span>Rozhodnut\u00ed o sn\u00ed\u017een\u00ed produkce p\u0159ich\u00e1z\u00ed navzdory intenzivn\u00edmu lobbov\u00e1n\u00ed B\u00edl\u00e9ho domu za udr\u017een\u00ed produkce ropy na sou\u010dasn\u00fdch nebo vy\u0161\u0161\u00edch \u00farovn\u00edch \u2013 co\u017e americk\u00fd prezident Joe Biden doufal, \u017ee zajist\u00ed b\u011bhem sv\u00e9 \u010dervencov\u00e9 n\u00e1v\u0161t\u011bvy Sa\u00fadsk\u00e9 Ar\u00e1bie.<\/span><\/p>\n<p><span>V \u00fater\u00fd CNN citovala nejmenovan\u00e9ho vysok\u00e9ho p\u0159edstavitele, kter\u00fd \u0159ekl, \u017ee Washington zmobilizoval v\u0161echny dostupn\u00e9 zdroje p\u0159ed shrom\u00e1\u017ed\u011bn\u00edm ropn\u00e9ho kartelu, p\u0159i\u010dem\u017e Bidenova administrativa \u201e\u00a0<\/span><em><span>zachv\u00e1tila k\u0159e\u010d a panika\u0159ila\u201c.\u00a0<\/span><\/em><span>\u00dasil\u00ed bylo pops\u00e1no jako \u201e\u00a0<\/span><em><span>sund\u00e1v\u00e1n\u00ed rukavic.\u00a0<\/span><\/em><span>\u201c N\u011bkter\u00e9 z diskus\u00ed navr\u017een\u00fdch americkou administrativou nazna\u010dovaly, \u017ee potenci\u00e1ln\u00ed sn\u00ed\u017een\u00ed by bylo vn\u00edm\u00e1no jako \u201e\u00a0<\/span><em><span>nep\u0159\u00e1telsk\u00fd \u010din<\/span><\/em><span>\u00a0\u201c a \u201e\u00a0<\/span><em><span>tot\u00e1ln\u00ed katastrofa\u201c.\u00a0<\/span><\/em><span>\u201c<\/span><\/p>\n<p><span>Mezit\u00edm v\u011bt\u0161ina \u00fa\u0159edn\u00edk\u016f z \u010dlensk\u00fdch st\u00e1t\u016f OPEC+ uvedla, \u017ee jak\u00e9koli sn\u00ed\u017een\u00ed by bylo \u201e\u00a0<\/span><em><span>technick\u00fdm, nikoli politick\u00fdm rozhodnut\u00edm<\/span><\/em><span>\u00a0\u201c, a uvedli, \u017ee ke sn\u00ed\u017een\u00ed p\u0159isp\u00edv\u00e1 \u201e\u00a0<\/span><em><span>riziko recese<\/span><\/em><span>\u00a0\u201c, kdy\u017e vstoupili do s\u00eddla OPEC ve V\u00eddni.<\/span><\/p>\n<p><span>Suhail Al Mazrouei, ministr energetiky Spojen\u00fdch arabsk\u00fdch emir\u00e1t\u016f (SAE), \u0159ekl, \u017ee OPEC+ je \u201e\u00a0<\/span><em><span>technick\u00e1 organizace<\/span><\/em><span>\u00a0\u201c, kdy\u017e byl dot\u00e1z\u00e1n, zda n\u00e1vrh potenci\u00e1ln\u011b nepo\u0161kod\u00ed vztahy s USA.<\/span><\/p>\n<p><img decoding=\"async\" loading=\"lazy\" class=\"alignnone size-full wp-image-1185\" src=\"http:\/\/www.infokuryr.cz\/n\/wp-content\/uploads\/2021\/04\/kuryr-podpis.png\" alt=\"\" width=\"84\" height=\"24\" \/><\/p>\n<p>&nbsp;<\/p>\n","protected":false},"excerpt":{"rendered":"<p>Nejv\u011bt\u0161\u00ed sn\u00ed\u017een\u00ed produkce od za\u010d\u00e1tku roku 2020 p\u0159i\u0161lo navzdory tlaku USA na dal\u0161\u00ed pumpov\u00e1n\u00ed \u010clensk\u00e9&#8230;<\/p>\n","protected":false},"author":2,"featured_media":13365,"comment_status":"closed","ping_status":"closed","sticky":false,"template":"","format":"standard","meta":[],"categories":[7],"tags":[831,310,37],"_links":{"self":[{"href":"https:\/\/www.infokuryr.cz\/n\/wp-json\/wp\/v2\/posts\/16291"}],"collection":[{"href":"https:\/\/www.infokuryr.cz\/n\/wp-json\/wp\/v2\/posts"}],"about":[{"href":"https:\/\/www.infokuryr.cz\/n\/wp-json\/wp\/v2\/types\/post"}],"author":[{"embeddable":true,"href":"https:\/\/www.infokuryr.cz\/n\/wp-json\/wp\/v2\/users\/2"}],"replies":[{"embeddable":true,"href":"https:\/\/www.infokuryr.cz\/n\/wp-json\/wp\/v2\/comments?post=16291"}],"version-history":[{"count":0,"href":"https:\/\/www.infokuryr.cz\/n\/wp-json\/wp\/v2\/posts\/16291\/revisions"}],"wp:featuredmedia":[{"embeddable":true,"href":"https:\/\/www.infokuryr.cz\/n\/wp-json\/wp\/v2\/media\/13365"}],"wp:attachment":[{"href":"https:\/\/www.infokuryr.cz\/n\/wp-json\/wp\/v2\/media?parent=16291"}],"wp:term":[{"taxonomy":"category","embeddable":true,"href":"https:\/\/www.infokuryr.cz\/n\/wp-json\/wp\/v2\/categories?post=16291"},{"taxonomy":"post_tag","embeddable":true,"href":"https:\/\/www.infokuryr.cz\/n\/wp-json\/wp\/v2\/tags?post=16291"}],"curies":[{"name":"wp","href":"https:\/\/api.w.org\/{rel}","templated":true}]}}