{"id":16274,"date":"2022-10-06T02:46:38","date_gmt":"2022-10-06T00:46:38","guid":{"rendered":"http:\/\/www.infokuryr.cz\/n\/?p=16274"},"modified":"2022-10-06T06:48:26","modified_gmt":"2022-10-06T04:48:26","slug":"kandidati-na-nobelovu-cenu-miru-genocidni-organizace-klimaticky-silenec-islamsky-radikal-i-zlodejsky-oligarcha","status":"publish","type":"post","link":"https:\/\/www.infokuryr.cz\/n\/2022\/10\/06\/kandidati-na-nobelovu-cenu-miru-genocidni-organizace-klimaticky-silenec-islamsky-radikal-i-zlodejsky-oligarcha\/","title":{"rendered":"Kandid\u00e1ti na Nobelovu cenu m\u00edru: Genocidn\u00ed organizace, klimatick\u00fd \u0161\u00edlenec, isl\u00e1msk\u00fd radik\u00e1l i zlod\u011bjsk\u00fd oligarcha"},"content":{"rendered":"<div id=\"fb-root\"><\/div>\n<p>Mo\u017en\u00e1 jste si tak\u00e9 v\u0161imli, \u017ee Nobelova cena m\u00edru se ji\u017e p\u0159ed lety stala p\u0159ehl\u00eddkou zlo\u010dinc\u016f a v\u00e1le\u010dn\u00fdch \u0161tv\u00e1\u010d\u016f. Myslela jsem si, \u017ee u\u017e nikdo hor\u0161\u00ed ne\u017e ta dosavadn\u00ed plej\u00e1da toho nejhor\u0161\u00edho z politiky, se snad mezi kandid\u00e1ty objevit nem\u016f\u017ee. Velmi jsem se m\u00fdlila\u2026<\/p>\n<p>Pot\u00e9, co z\u00edskal v roce 2009 Nobelovu cenu m\u00edru b\u00fdval\u00fd americk\u00fd prezident Barack Obama \u2013 a to jen n\u011bkolik dn\u00ed po svr\u017een\u00ed bomb na Bl\u00edzk\u00e9m v\u00fdchod\u011b, kter\u00e9 vedly k mnoha ob\u011btem \u2013 bylo jasn\u00e9, \u017ee Nobelova cena m\u00edru je definitivn\u011b degradov\u00e1na a podle letos nominovan\u00fdch \u201eosobnost\u00ed\u201c je jasn\u00e9, \u017ee tato degradace je trval\u00e1.<\/p>\n<p>Nicm\u00e9n\u011b v\u011bt\u0161ina kandid\u00e1t\u016f \u2013 z nich\u017e mnoh\u00e9 ani net\u0159eba p\u0159edstavovat \u2013 jen ukazuje, jak hluboko tato cena upadla. Po Obamovi a Arafatovi ostatn\u011b bylo jasn\u00e9, \u017ee jde v\u00edc o politickou propagandu ne\u017e o hled\u00e1n\u00ed skute\u010dn\u00fdch osobnost\u00ed, kter\u00e9 by se jakkoli zaslou\u017eily o m\u00edr.<\/p>\n<p>Mezi navr\u017een\u00fdmi kandid\u00e1ty m\u016f\u017eeme naj\u00edt Volodymyra Zelensk\u00e9ho, WHO, Davida Attenborougha, Gretu Thunbergovou, Alexeje Navaln\u00e9ho, Mohammeda Zubairu a Pratika Sinhu.<\/p>\n<p><a href=\"https:\/\/medforth.biz\/the-mother-of-all-ironies-time-magazine-thinks-Volodymyra%20Zelensk%C3%A9ho,%20WHO,%20Davida%20Attenborougha,%20Grety.%20Thunberg,%20Alexey%20Navalny-zubair-who-triggered-islamist-unrest-and-violence-in-india-deserves-nobel-peace-prize\/\">Posledn\u00ed<\/a> dva uveden\u00e9 z\u0159ejm\u011b v\u011bt\u0161ina z v\u00e1s nezn\u00e1, nicm\u00e9n\u011b ihned pochop\u00edte, \u017ee perfektn\u011b zapadaj\u00ed do cel\u00e9 v\u00fd\u0161e uveden\u00e9 skvadry. Mohammed Zubaira je isl\u00e1msk\u00fd radik\u00e1l, kter\u00fd vedl ned\u00e1vn\u00e9 muslimsk\u00e9 nepokoje v Indii, o nich\u017e jsem se zde ji\u017e d\u0159\u00edve zm\u00ednila v n\u011bkolika \u010dl\u00e1nc\u00edch. Na jeho popud vypuklo v zemi nesm\u00edrn\u00e9 n\u00e1sil\u00ed, jeho\u017e d\u016fsledkem bylo mnoho mrtv\u00fdch hinduist\u016f a vyp\u00e1len\u00e9 hinduistick\u00e9 chr\u00e1my na \u00fazem\u00ed, kter\u00e9 je obsazov\u00e1no muslimy.<\/p>\n<p>Pratik Sinha pak spolu s v\u00fd\u0161e uveden\u00fdm Zubairem zalo\u017eil web pro \u201eov\u011b\u0159ov\u00e1n\u00ed fakt\u016f\u201c AltNews, \u00fadajn\u011b ne\u00fanavn\u011b bojuj\u00edc\u00ed s dezinformacemi v Indii.\u00a0 Ve skute\u010dnosti v\u0161ak maj\u00ed za \u00fakol po\u0161tv\u00e1vat muslimy proti hinduist\u016fm a indickou nacionalistickou stranu n\u00e1lepkovat za fa\u0161istickou. Na sto hon\u016f z toho \u201esmrd\u00ed\u201c Sorosovina. Ostatn\u011b, jde o stejn\u00fd syst\u00e9m jako tzv. \u201eov\u011b\u0159ovatel\u00e9 fakt\u016f\u201c v Evrop\u011b nebo USA. Maj\u00ed za c\u00edl n\u00e1lepkovat kohokoli, kdo se nehod\u00ed syst\u00e9mu, jako \u201edezinform\u00e1tora\u201c.<\/p>\n<p>Dal\u0161\u00edm navr\u017een\u00fdm je Zelensk\u00fd \u2013 jeden z nejv\u011bt\u0161\u00edch v\u00e1le\u010dn\u00fdch \u0161tv\u00e1\u010d\u016f sou\u010dasn\u00e9 doby, nav\u00edc zlod\u011bjsk\u00fd oligarcha, kter\u00fd si z\u0159ejm\u011b velmi slu\u0161n\u011b mast\u00ed kapsy i na v\u00e1lce. Pokud z\u00edsk\u00e1 cenu pr\u00e1v\u011b on, pak p\u016fjde o plivnut\u00ed do tv\u00e1\u0159e v\u0161ech mrtv\u00fdch civilist\u016f na Donbasu.<\/p>\n<p>Greta Thunbergov\u00e1 i David Attenborough jsou velmi d\u016fle\u017eit\u00ed pro sou\u010dasnou klimatickou propagandu. Zat\u00edmco Greta m\u00e1 oslovovat mlad\u00e9, Attenborough m\u00e1 c\u00edlit na star\u0161\u00ed. Oba maj\u00ed podporovat klimatick\u00fd alarmismus a podn\u011bcovat obyvatele na\u0161\u00ed planety k tomu, aby si hl\u00eddali svoji uhl\u00edkovou stopu. J\u00e1 osobn\u011b p\u0159edpokl\u00e1d\u00e1m, \u017ee n\u011bkdo z nich by \u0161anci m\u011bl, nebo\u0165 klimaalarmismus se v posledn\u00ed dob\u011b dost\u00e1v\u00e1 do pop\u0159ed\u00ed.<\/p>\n<p>Nominovat WHO je asi tot\u00e9\u017e jako nominovat samotn\u00e9ho Billa Gatese, kter\u00fd je \u2013 ode\u010dteme-li n\u00e1rodn\u00ed st\u00e1ty \u2013 hlavn\u00edm sponzorem a tedy i napsan\u00fdm majitelem t\u00e9to organizace. Pl\u00e1novan\u00e1 pandemick\u00e1 smlouva pak jasn\u011b ukazuje, \u017ee WHO \u2013 pota\u017emo jej\u00edmu skute\u010dn\u00e9mu majiteli, psychopatick\u00e9mu eugenikovi Billu Gatesovi \u2013 jde p\u0159edev\u0161\u00edm o ovl\u00e1dnut\u00ed ka\u017ed\u00e9ho aspektu \u017eivota v\u0161ech pozem\u0161\u0165an\u016f v oblasti zdrav\u00ed a klimatu. Skute\u010dn\u011b ide\u00e1ln\u00ed kandid\u00e1t na d\u00e1vno zprofanovanou cenu!<\/p>\n<p>Velkou \u0161anci na Nobelovku m\u00e1 z\u0159ejm\u011b i v\u00fd\u0161e zm\u00edn\u011bn\u00fd Navaln\u00fd, nebo\u0165 jde o Putinova oponenta a velk\u00e9ho chr\u00e1n\u011bnce EU i USA, co\u017e ho z\u0159ejm\u011b dostane samo o sob\u011b do pop\u0159en\u00ed v\u0161ech v\u00fd\u0161e uveden\u00fdch kandid\u00e1t\u016f.<\/p>\n<p>A\u0165 u\u017e dostane cenu kdokoli z v\u00fd\u0161e zm\u00edn\u011bn\u00fdch, pak to rozhodn\u011b bude jen pokra\u010dov\u00e1n\u00edm \u00fapadku ji\u017e d\u00e1vno degradovan\u00e9 ceny, kter\u00e1 v posledn\u00edch dek\u00e1d\u00e1ch nem\u00e1 s m\u00edrem nic spole\u010dn\u00e9ho. Nakonec by mo\u017en\u00e1 bylo lep\u0161\u00ed nazvat tuto cenu cenou \u201ev\u00e1le\u010dn\u00fdch \u0161tv\u00e1\u010d\u016f\u201c nebo Sorosovou cenou, nebo\u0165 pr\u00e1v\u011b jeho obl\u00edbenci jsou zde pravideln\u011b nominov\u00e1ni\u2026<\/p>\n<p><a href=\"https:\/\/necenzurovanapravda.cz\/2022\/10\/kandidati-na-nobelovu-cenu-miru-genocidni-organizace-klimaticky-silenec-islamsky-radikal-i-zlodejsky-oligarcha\/\">Slovanka<\/a><\/p>\n<p>&nbsp;<\/p>\n","protected":false},"excerpt":{"rendered":"<p>Mo\u017en\u00e1 jste si tak\u00e9 v\u0161imli, \u017ee Nobelova cena m\u00edru se ji\u017e p\u0159ed lety stala p\u0159ehl\u00eddkou&#8230;<\/p>\n","protected":false},"author":2,"featured_media":16275,"comment_status":"closed","ping_status":"closed","sticky":false,"template":"","format":"standard","meta":[],"categories":[6],"tags":[3387,29,1132,124],"_links":{"self":[{"href":"https:\/\/www.infokuryr.cz\/n\/wp-json\/wp\/v2\/posts\/16274"}],"collection":[{"href":"https:\/\/www.infokuryr.cz\/n\/wp-json\/wp\/v2\/posts"}],"about":[{"href":"https:\/\/www.infokuryr.cz\/n\/wp-json\/wp\/v2\/types\/post"}],"author":[{"embeddable":true,"href":"https:\/\/www.infokuryr.cz\/n\/wp-json\/wp\/v2\/users\/2"}],"replies":[{"embeddable":true,"href":"https:\/\/www.infokuryr.cz\/n\/wp-json\/wp\/v2\/comments?post=16274"}],"version-history":[{"count":0,"href":"https:\/\/www.infokuryr.cz\/n\/wp-json\/wp\/v2\/posts\/16274\/revisions"}],"wp:featuredmedia":[{"embeddable":true,"href":"https:\/\/www.infokuryr.cz\/n\/wp-json\/wp\/v2\/media\/16275"}],"wp:attachment":[{"href":"https:\/\/www.infokuryr.cz\/n\/wp-json\/wp\/v2\/media?parent=16274"}],"wp:term":[{"taxonomy":"category","embeddable":true,"href":"https:\/\/www.infokuryr.cz\/n\/wp-json\/wp\/v2\/categories?post=16274"},{"taxonomy":"post_tag","embeddable":true,"href":"https:\/\/www.infokuryr.cz\/n\/wp-json\/wp\/v2\/tags?post=16274"}],"curies":[{"name":"wp","href":"https:\/\/api.w.org\/{rel}","templated":true}]}}