{"id":16255,"date":"2022-10-05T11:24:14","date_gmt":"2022-10-05T09:24:14","guid":{"rendered":"http:\/\/www.infokuryr.cz\/n\/?p=16255"},"modified":"2022-10-05T11:24:14","modified_gmt":"2022-10-05T09:24:14","slug":"jiri-vyvadil-jestli-bude-valka-ci-mir-rozhoduje-jediny-clovek-americky-prezident","status":"publish","type":"post","link":"https:\/\/www.infokuryr.cz\/n\/2022\/10\/05\/jiri-vyvadil-jestli-bude-valka-ci-mir-rozhoduje-jediny-clovek-americky-prezident\/","title":{"rendered":"Ji\u0159\u00ed Vyvadil: Jestli bude v\u00e1lka \u010di m\u00edr rozhoduje jedin\u00fd \u010dlov\u011bk: americk\u00fd prezident\u2026"},"content":{"rendered":"<div id=\"fb-root\"><\/div>\n<p><strong>Ve\u0161ker\u00e9 ty na\u0161e debaty o v\u00e1lce, m\u00edru na Ukrajin\u011b \u010di o existenci energetick\u00e9 krize a jej\u00edch dramatick\u00fdch dopad\u016f na sv\u011bt jsou jenom chozen\u00edm kolem hork\u00e9 ka\u0161e.<\/strong><\/p>\n<p>Jedin\u00fdm \u010dlov\u011bkem, kter\u00fd v\u00a0z\u00e1padn\u00edm sv\u011bt\u011b rozhoduje o v\u00e1lce \u010di m\u00edru a n\u00e1sledn\u011b i drtiv\u00fdch sankc\u00edch a jejich odvol\u00e1n\u00ed je americk\u00fd prezident. Kdy\u017e dnes americk\u00fd prezident p\u00edskne, tak je v\u00e1lka, kdy\u017e p\u00edskne jinak, tak se navr\u00e1t\u00ed m\u00edr. Uprost\u0159ed obrovsk\u00e9 a mocn\u00e9 a nepochybn\u011b bohat\u00e9 bubliny jedn\u00e9 miliardy z\u00e1padn\u00edho sv\u011bta zahrnuj\u00edc\u00ed celkov\u011b st\u00e1le je\u0161t\u011b nejvysp\u011blej\u0161\u00ed zem\u011b je prakticky mnohem siln\u011bj\u0161\u00ed ne\u017e kdysi Bre\u017en\u011bv a \u017ee ten m\u011bl mezi pod\u0159\u00edzen\u00fdmi st\u00e1ty silnou discipl\u00ednu, ale neum\u011bl ekonomiku.<\/p>\n<p>A tak mnohem d\u016fle\u017eit\u011bj\u0161\u00ed ne\u017e je pr\u016fb\u011bh vojensk\u00fdch st\u0159et\u016f na Ukrajin\u011b, ba dokonce d\u016fle\u017eit\u011bj\u0161\u00ed, ne\u017e jak hlubok\u00e1 energetick\u00e1 \u010di finan\u010dn\u00ed krize nastupuje v\u00a0z\u00e1padn\u00ed Evrop\u011b i u n\u00e1s, je to, jak dopadnou za dva m\u011bs\u00edce americk\u00e9 volby.<\/p>\n<p>Biden, veden neocony chce v\u00e1lku, a bu\u010fme up\u0159\u00edmn\u00ed, geopoliticky &#8211; by\u0165 s\u00a0pot\u00ed\u017eemi &#8211; se mu alespo\u0148 \u010d\u00e1ste\u010dn\u011b da\u0159\u00ed a posledn\u00ed \u00fader, tj. strategick\u00e1 sabot\u00e1\u017e na plynovody dovr\u0161ila perspektivn\u00ed oslaben\u00ed N\u011bmecka a odtr\u017een\u00ed od Ruska, se kter\u00fdm bylo spojeno stalet\u00edmi vz\u00e1jemn\u00fdch vztah\u016f, od careven a car\u016f n\u011bmeck\u00e9ho p\u016fvodu, p\u0159es p\u0159ekon\u00e1n\u00ed hr\u016fzn\u00fdch d\u016fsledk\u016f 2. sv\u011btov\u00e9 v\u00e1lky a nav\u00e1z\u00e1n\u00ed skv\u011bl\u00fdch politicko-ekonomick\u00fdch vazeb.<\/p>\n<p>To v\u0161echno skon\u010dilo, ale p\u0159esto m\u016f\u017ee b\u00fdt v\u00e1lka zastavena.<\/p>\n<p>Trump je tak trochu \u010dlov\u011bk syrov\u00fd, nepochybn\u011b nacionalista v\u00a0tom proamerick\u00e9m slova smyslu, ale v\u00e1lku na Ukrajin\u011b nechce.<\/p>\n<p>Jestli\u017ee pos\u00edl\u00ed trumpist\u00e9 alespo\u0148 v\u00a0jedn\u00e9 komo\u0159e americk\u00e9ho Kongresu, m\u00e1 m\u00edr daleko v\u011bt\u0161\u00ed nad\u011bji, jestli\u017ee by vyhr\u00e1li ve volb\u00e1ch do obou komor, cesta k\u00a0jednozna\u010dn\u00e9mu jedn\u00e1n\u00ed o m\u00edru bude otev\u0159ena a Biden se bude muset, jak je v\u00a0USA radostnou kratochv\u00edl\u00ed p\u0159ipravit na impeachement.<\/p>\n<p>Vyhraje-li naopak Biden volby do obou komor, v\u00e1lka bude \u00fasp\u011b\u0161n\u011b pokra\u010dovat a\u017e k\u00a0mo\u017en\u00e9 jadern\u00e9 konfrontaci.<\/p>\n<p>Je proto dobr\u00e9 se zbyte\u010dn\u011b se alespo\u0148 na dva m\u011bs\u00edce netraumatizovat nijak nekon\u010d\u00edc\u00edmi \u00favahami o \u0159e\u0161en\u00ed v\u00e1lky, kter\u00e9 je mimo na\u0161e s\u00edly, ale bohud\u00edk i \u010desk\u00e9 vl\u00e1dy, \u010di dokonce EU, kter\u00e1 se o jej\u00ed prohlouben\u00ed siln\u011b zaslou\u017eila a vy\u010dkejme si na to, jak budou volit Ameri\u010dani. Je to potupn\u00e9, ale dobr\u00e9 si to p\u0159iznat.<\/p>\n<p>Nebudu se v\u011bnovat jinak ov\u0161em d\u016fle\u017eit\u00fdm ot\u00e1zk\u00e1m, jak \u0159e\u0161it ekonomickou impotenci t\u00e9to vl\u00e1dy, proto\u017ee tomu b\u00fdval\u00fd \u00fasp\u011b\u0161n\u00fd premi\u00e9r t\u00e9to zem\u011b, na jeho\u017e konce premi\u00e9rstv\u00ed doznala 6% r\u016fstu HDP a 20% r\u016fstu re\u00e1ln\u00fdch mezd, co\u017e uvedl v\u00a0jedn\u00e9 ze sv\u00fdch knih i b\u00fdval\u00fd premi\u00e9r a prezident V\u00e1clav Klaus \u010di a b\u00fdval\u00fd skv\u011bl\u00fd \u0161\u00e9fredaktor Ekonomu. Tomu zcela jist\u011b nerozum\u00edm.<\/p>\n<p>J\u00e1 si vezmu t\u00e9ma, kter\u00e9 v\u00a0souvislosti s\u00a0trestn\u00edm ozn\u00e1men\u00edm na ministryni \u010cernochovou nadhodila sama tato \u201ehrdinka\u201c, tj. t\u00e9ma, kdo je a kdo nen\u00ed vlastizr\u00e1dce. Nebojte, nebude to nudn\u00e9.<\/p>\n<p>P\u0159eji kr\u00e1sn\u00fd den.<\/p>\n<p><a href=\"http:\/\/vasevec.parlamentnilisty.cz\/komentare\/jestli-bude-valka-ci-mir-rozhoduje-jediny-clovek-americky-prezident\">Ji\u0159\u00ed Vyvadil<\/a><\/p>\n<p><img decoding=\"async\" loading=\"lazy\" class=\"alignnone size-medium wp-image-672\" src=\"http:\/\/www.infokuryr.cz\/n\/wp-content\/uploads\/2021\/04\/vyvadil-300x208.jpg\" alt=\"\" width=\"300\" height=\"208\" srcset=\"https:\/\/www.infokuryr.cz\/n\/wp-content\/uploads\/2021\/04\/vyvadil-300x208.jpg 300w, https:\/\/www.infokuryr.cz\/n\/wp-content\/uploads\/2021\/04\/vyvadil.jpg 318w\" sizes=\"(max-width: 300px) 100vw, 300px\" \/><\/p>\n<p>&nbsp;<\/p>\n","protected":false},"excerpt":{"rendered":"<p>Ve\u0161ker\u00e9 ty na\u0161e debaty o v\u00e1lce, m\u00edru na Ukrajin\u011b \u010di o existenci energetick\u00e9 krize a&#8230;<\/p>\n","protected":false},"author":2,"featured_media":9867,"comment_status":"closed","ping_status":"closed","sticky":false,"template":"","format":"standard","meta":[],"categories":[6],"tags":[72,29,2494,40],"_links":{"self":[{"href":"https:\/\/www.infokuryr.cz\/n\/wp-json\/wp\/v2\/posts\/16255"}],"collection":[{"href":"https:\/\/www.infokuryr.cz\/n\/wp-json\/wp\/v2\/posts"}],"about":[{"href":"https:\/\/www.infokuryr.cz\/n\/wp-json\/wp\/v2\/types\/post"}],"author":[{"embeddable":true,"href":"https:\/\/www.infokuryr.cz\/n\/wp-json\/wp\/v2\/users\/2"}],"replies":[{"embeddable":true,"href":"https:\/\/www.infokuryr.cz\/n\/wp-json\/wp\/v2\/comments?post=16255"}],"version-history":[{"count":0,"href":"https:\/\/www.infokuryr.cz\/n\/wp-json\/wp\/v2\/posts\/16255\/revisions"}],"wp:featuredmedia":[{"embeddable":true,"href":"https:\/\/www.infokuryr.cz\/n\/wp-json\/wp\/v2\/media\/9867"}],"wp:attachment":[{"href":"https:\/\/www.infokuryr.cz\/n\/wp-json\/wp\/v2\/media?parent=16255"}],"wp:term":[{"taxonomy":"category","embeddable":true,"href":"https:\/\/www.infokuryr.cz\/n\/wp-json\/wp\/v2\/categories?post=16255"},{"taxonomy":"post_tag","embeddable":true,"href":"https:\/\/www.infokuryr.cz\/n\/wp-json\/wp\/v2\/tags?post=16255"}],"curies":[{"name":"wp","href":"https:\/\/api.w.org\/{rel}","templated":true}]}}