{"id":16249,"date":"2022-10-05T08:34:22","date_gmt":"2022-10-05T06:34:22","guid":{"rendered":"http:\/\/www.infokuryr.cz\/n\/?p=16249"},"modified":"2022-10-05T08:34:22","modified_gmt":"2022-10-05T06:34:22","slug":"rusky-politik-prirovnava-nato-k-nacistickemu-nemecku-mame-co-do-cineni-se-ctvrtou-evropskou-risi","status":"publish","type":"post","link":"https:\/\/www.infokuryr.cz\/n\/2022\/10\/05\/rusky-politik-prirovnava-nato-k-nacistickemu-nemecku-mame-co-do-cineni-se-ctvrtou-evropskou-risi\/","title":{"rendered":"Rusk\u00fd politik p\u0159irovn\u00e1v\u00e1 NATO k nacistick\u00e9mu N\u011bmecku: \u201eM\u00e1me co do \u010din\u011bn\u00ed se \u010ctvrtou evropskou \u0159\u00ed\u0161\u00ed\u201c"},"content":{"rendered":"<div id=\"fb-root\"><\/div>\n<div class=\"elementor-element elementor-element-1fb4c2c elementor-widget elementor-widget-theme-post-content\" data-id=\"1fb4c2c\" data-element_type=\"widget\" data-widget_type=\"theme-post-content.default\">\n<div class=\"elementor-widget-container\">\n<p><span>Rusko je v sou\u010dasnosti konfrontov\u00e1no se \u201e\u010ctvrt\u00fdm evropsk\u00fdm imp\u00e9riem NATO\u201c.\u00a0\u0158ekl to Gennadij Zjuganov, p\u0159edseda rusk\u00e9 komunistick\u00e9 strany.<\/span><\/p>\n<p><span>&#8222;M\u011bli bychom si b\u00fdt v\u011bdomi toho, \u017ee se k n\u00e1m bl\u00ed\u017e\u00ed nov\u00e1 arm\u00e1da.&#8220;\u00a0\u010ctvrt\u00e9 evropsk\u00e9 imp\u00e9rium NATO, ve kter\u00e9m 30 zem\u00ed sjednotilo v\u0161echny sv\u00e9 pluky a arm\u00e1dy,\u201c \u0159ekl Zjuganov v pond\u011bl\u00ed ve St\u00e1tn\u00ed dum\u011b, doln\u00ed komo\u0159e rusk\u00e9ho parlamentu.<\/span><\/p>\n<p><span>Politik jej pou\u017eil k p\u0159irovn\u00e1n\u00ed aliance NATO pod veden\u00edm USA k nacistick\u00e9mu N\u011bmecku, zn\u00e1m\u00e9mu tak\u00e9 jako T\u0159et\u00ed \u0159\u00ed\u0161e.<\/span><\/p>\n<p><span>St\u00e1tn\u00ed duma v pond\u011bl\u00ed hlasovala o rusk\u00e9 anexi Don\u011bck\u00e9, Luhansk\u00e9, Chersonsk\u00e9 a Z\u00e1poro\u017esk\u00e9 oblasti.\u00a0Poslaneck\u00e1 sn\u011bmovna hlasovala jednomysln\u011b pro anexi.<\/span><\/p>\n<p><span>Don\u011bck a Luhansk se odd\u011blily od Ukrajiny kr\u00e1tce po p\u0159evratu v Kyjev\u011b v roce 2014.\u00a0Letos v \u00fanoru Rusko uznalo regiony jako nez\u00e1visl\u00e9 st\u00e1ty.<\/span><\/p>\n<p><span>Chersonsk\u00e1 a Z\u00e1poro\u017esk\u00e1 oblast jsou od b\u0159ezna pln\u011b sou\u010d\u00e1st\u00ed Ruska.\u00a0Minul\u00fd t\u00fdden vyhl\u00e1sili nez\u00e1vislost.\u00a0Z\u00e1pad naz\u00fdv\u00e1 referenda o rusk\u00e9 anexi \u201ep\u0159edst\u00edran\u00e1 referenda\u201c, p\u0159esto\u017ee byli p\u0159\u00edtomni mezin\u00e1rodn\u00ed pozorovatel\u00e9.<\/span><\/p>\n<div class=\"twitter-tweet twitter-tweet-rendered\"><iframe id=\"twitter-widget-0\" class=\"\" title=\"Twitter tweet\" src=\"https:\/\/platform.twitter.com\/embed\/Tweet.html?creatorScreenName=uncutnewsCH&amp;dnt=false&amp;embedId=twitter-widget-0&amp;features=eyJ0ZndfdGltZWxpbmVfbGlzdCI6eyJidWNrZXQiOlsibGlua3RyLmVlIiwidHIuZWUiLCJ0ZXJyYS5jb20uYnIiLCJ3d3cubGlua3RyLmVlIiwid3d3LnRyLmVlIiwid3d3LnRlcnJhLmNvbS5iciJdLCJ2ZXJzaW9uIjpudWxsfSwidGZ3X2hvcml6b25fdGltZWxpbmVfMTIwMzQiOnsiYnVja2V0IjoidHJlYXRtZW50IiwidmVyc2lvbiI6bnVsbH0sInRmd190d2VldF9lZGl0X2JhY2tlbmQiOnsiYnVja2V0Ijoib24iLCJ2ZXJzaW9uIjpudWxsfSwidGZ3X3JlZnNyY19zZXNzaW9uIjp7ImJ1Y2tldCI6Im9uIiwidmVyc2lvbiI6bnVsbH0sInRmd19jaGluX3BpbGxzXzE0NzQxIjp7ImJ1Y2tldCI6ImNvbG9yX2ljb25zIiwidmVyc2lvbiI6bnVsbH0sInRmd190d2VldF9yZXN1bHRfbWlncmF0aW9uXzEzOTc5Ijp7ImJ1Y2tldCI6InR3ZWV0X3Jlc3VsdCIsInZlcnNpb24iOm51bGx9LCJ0Zndfc2Vuc2l0aXZlX21lZGlhX2ludGVyc3RpdGlhbF8xMzk2MyI6eyJidWNrZXQiOiJpbnRlcnN0aXRpYWwiLCJ2ZXJzaW9uIjpudWxsfSwidGZ3X2V4cGVyaW1lbnRzX2Nvb2tpZV9leHBpcmF0aW9uIjp7ImJ1Y2tldCI6MTIwOTYwMCwidmVyc2lvbiI6bnVsbH0sInRmd19kdXBsaWNhdGVfc2NyaWJlc190b19zZXR0aW5ncyI6eyJidWNrZXQiOiJvbiIsInZlcnNpb24iOm51bGx9LCJ0ZndfdmlkZW9faGxzX2R5bmFtaWNfbWFuaWZlc3RzXzE1MDgyIjp7ImJ1Y2tldCI6InRydWVfYml0cmF0ZSIsInZlcnNpb24iOm51bGx9LCJ0ZndfdHdlZXRfZWRpdF9mcm9udGVuZCI6eyJidWNrZXQiOiJvbiIsInZlcnNpb24iOm51bGx9fQ%3D%3D&amp;frame=false&amp;hideCard=false&amp;hideThread=false&amp;id=1576937282250366976&amp;lang=de&amp;origin=https%3A%2F%2Funcutnews.ch%2Frussischer-politiker-vergleicht-nato-mit-nazi-deutschland-wir-haben-es-mit-dem-vierten-europaeischen-reich-zu-tun%2F&amp;sessionId=4ba93996cef4de2192291dd50e6e0947a6ed9938&amp;theme=light&amp;widgetsVersion=1c23387b1f70c%3A1664388199485&amp;width=550px\" frameborder=\"0\" scrolling=\"no\" allowfullscreen=\"allowfullscreen\" data-tweet-id=\"1576937282250366976\" data-mce-fragment=\"1\"><\/iframe><\/div>\n<\/div>\n<\/div>\n<div class=\"elementor-element elementor-element-46a8472 elementor-grid-3 elementor-grid-tablet-2 elementor-grid-mobile-1 elementor-posts--thumbnail-top elementor-widget elementor-widget-posts\" data-id=\"46a8472\" data-element_type=\"widget\" data-settings=\"{&quot;classic_row_gap&quot;:{&quot;unit&quot;:&quot;px&quot;,&quot;size&quot;:25,&quot;sizes&quot;:[]},&quot;classic_columns&quot;:&quot;3&quot;,&quot;classic_columns_tablet&quot;:&quot;2&quot;,&quot;classic_columns_mobile&quot;:&quot;1&quot;,&quot;classic_row_gap_tablet&quot;:{&quot;unit&quot;:&quot;px&quot;,&quot;size&quot;:&quot;&quot;,&quot;sizes&quot;:[]},&quot;classic_row_gap_mobile&quot;:{&quot;unit&quot;:&quot;px&quot;,&quot;size&quot;:&quot;&quot;,&quot;sizes&quot;:[]}}\" data-widget_type=\"posts.classic\">\n<div class=\"elementor-widget-container\">\n<div class=\"elementor-posts-container elementor-posts elementor-posts--skin-classic elementor-grid elementor-has-item-ratio\">\n<img decoding=\"async\" loading=\"lazy\" class=\"alignnone size-full wp-image-1185\" src=\"http:\/\/www.infokuryr.cz\/n\/wp-content\/uploads\/2021\/04\/kuryr-podpis.png\" alt=\"\" width=\"84\" height=\"24\" \/><\/div>\n<div><\/div>\n<\/div>\n<\/div>\n","protected":false},"excerpt":{"rendered":"<p>Rusko je v sou\u010dasnosti konfrontov\u00e1no se \u201e\u010ctvrt\u00fdm evropsk\u00fdm imp\u00e9riem NATO\u201c.\u00a0\u0158ekl to Gennadij Zjuganov, p\u0159edseda rusk\u00e9&#8230;<\/p>\n","protected":false},"author":2,"featured_media":16250,"comment_status":"closed","ping_status":"closed","sticky":false,"template":"","format":"standard","meta":[],"categories":[7],"tags":[39,428,3502,22],"_links":{"self":[{"href":"https:\/\/www.infokuryr.cz\/n\/wp-json\/wp\/v2\/posts\/16249"}],"collection":[{"href":"https:\/\/www.infokuryr.cz\/n\/wp-json\/wp\/v2\/posts"}],"about":[{"href":"https:\/\/www.infokuryr.cz\/n\/wp-json\/wp\/v2\/types\/post"}],"author":[{"embeddable":true,"href":"https:\/\/www.infokuryr.cz\/n\/wp-json\/wp\/v2\/users\/2"}],"replies":[{"embeddable":true,"href":"https:\/\/www.infokuryr.cz\/n\/wp-json\/wp\/v2\/comments?post=16249"}],"version-history":[{"count":0,"href":"https:\/\/www.infokuryr.cz\/n\/wp-json\/wp\/v2\/posts\/16249\/revisions"}],"wp:featuredmedia":[{"embeddable":true,"href":"https:\/\/www.infokuryr.cz\/n\/wp-json\/wp\/v2\/media\/16250"}],"wp:attachment":[{"href":"https:\/\/www.infokuryr.cz\/n\/wp-json\/wp\/v2\/media?parent=16249"}],"wp:term":[{"taxonomy":"category","embeddable":true,"href":"https:\/\/www.infokuryr.cz\/n\/wp-json\/wp\/v2\/categories?post=16249"},{"taxonomy":"post_tag","embeddable":true,"href":"https:\/\/www.infokuryr.cz\/n\/wp-json\/wp\/v2\/tags?post=16249"}],"curies":[{"name":"wp","href":"https:\/\/api.w.org\/{rel}","templated":true}]}}