{"id":16237,"date":"2022-10-05T05:04:01","date_gmt":"2022-10-05T03:04:01","guid":{"rendered":"http:\/\/www.infokuryr.cz\/n\/?p=16237"},"modified":"2022-10-05T05:04:01","modified_gmt":"2022-10-05T03:04:01","slug":"putin-prozradil-co-bude-s-rekordni-sklizni-obili-v-rusku-a-expert-votapek-se-zhroutil","status":"publish","type":"post","link":"https:\/\/www.infokuryr.cz\/n\/2022\/10\/05\/putin-prozradil-co-bude-s-rekordni-sklizni-obili-v-rusku-a-expert-votapek-se-zhroutil\/","title":{"rendered":"Putin prozradil, co bude s rekordn\u00ed sklizn\u00ed obil\u00ed v Rusku a expert Vot\u00e1pek se zhroutil"},"content":{"rendered":"<div id=\"fb-root\"><\/div>\n<div class=\"introtext\">\n<p><strong>J\u00e1, Vot\u00e1pek prvn\u00ed, nejsem dezol\u00e1t a populista a mluv\u00edm pravdu a nic ne\u017e pravdu! Jak jsem \u0159ekl, tak to je: my, z\u00e1stupci Bruselu v \u010cesk\u00e9 republice\u00a0 mluv\u00edme pravdu i v okam\u017eiku, kdy pravdu nemluv\u00edme!<\/strong><\/p>\n<\/div>\n<div class=\"fulltext\">\n<p>je to samoz\u0159ejm\u00e9: v na\u0161\u00ed televizi ve\u0159ejnopr\u00e1vn\u00ed Bruselsk\u00e9 24 defiluj\u00ed pouze fialov\u00ed probrusel\u0161t\u00ed experti. My &#8211; lid &#8211; jsme dezol\u00e1ti a ru\u0161t\u00ed \u0161v\u00e1bi, tak my tam nesm\u00edme, proto\u017ee bychom jen vypou\u0161t\u011bli dezinformace. Jedn\u00edm z nich je Vot\u00e1pek, expert expert\u016f, b\u00fdval\u00fd velvyslanec v Rusku a ikona expert\u00fdz o Rusku. A tento hrdina,\u00a0<strong>kter\u00e9ho cituj\u00ed probruselsk\u00e9 \u0161pi\u010dky v masm\u00e9di\u00edch, v Respektu p\u0159ed n\u011bkolika l\u00e9ty napsal.<\/strong><\/p>\n<div class=\"info_box prava_polovina jpalert\">\n<div class=\"explanationContent\">\n<h1 class=\"post-title\"><span style=\"color: #ff0000;\"><em>Putin\u016fv vlast\u0148\u00e1k<\/em><\/span><\/h1>\n<p><span style=\"color: #ff0000;\"><em>napsal expert Vladim\u00edr Vot\u00e1pek<\/em><\/span><\/p>\n<p><span style=\"color: #ff0000;\"><em><strong>Doporu\u010duji zachovat chladnou hlavu a po\u010dkat, komu vlastn\u011b rusk\u00e9 embargo ubl\u00ed\u017e\u00ed: zda na\u0161im zem\u011bd\u011blc\u016fm, nebo samotn\u00e9mu Putinovi<\/strong>. Rusko je toti\u017e na dovozu potravin u\u017e dlouh\u00e1 desetilet\u00ed z\u00e1visl\u00e9.<\/em><\/span><\/p>\n<p><span style=\"color: #ff0000;\"><em><strong>My\u0161lenku, \u017ee by si Rusko odpov\u00eddaj\u00edc\u00ed potraviny samo vyp\u011bstovalo, pak m\u016f\u017eeme rovnou opustit.<\/strong>\u00a0Takov\u00fd z\u00e1zrak nedok\u00e1zali ani kouzeln\u00edci z Politbyra \u00daV KSSS a zcela\u00a0<strong>ur\u010dit\u011b to nedok\u00e1\u017ee ani jejich u\u010de\u0148 Vladim\u00edr Putin.<\/strong>\u00a0A to i p\u0159esto, \u017ee v r. 2010 vyhl\u00e1sil p\u011btilet\u00fd program zam\u011b\u0159en\u00fd na dosa\u017een\u00ed potravinov\u00e9 sob\u011bsta\u010dnosti.\u00a0Nahl\u00ed\u017eeno z\u00a0tohoto \u00fahlu by z\u00e1kaz dovozu potravin mohl b\u00fdt docela hezk\u00fd Putin\u016fv vlastn\u00ed g\u00f3l.\u00a0<strong>Program samoz\u0159ejm\u011b zkrachoval, ale mo\u017en\u00e1 \u017ee te\u010f, a\u017e dojdou evropsk\u00e9 potraviny, bude se pan prezident tv\u00e1\u0159it, \u017ee u\u017e je Rusko sob\u011bsta\u010dn\u00e9<\/strong>\u2026<\/em><\/span><\/p>\n<\/div>\n<\/div>\n<p>Je rok 2022 a Vot\u00e1pek t\u00e9ma rusk\u00e9ho zem\u011bd\u011blstv\u00ed opustil. Zase m\u00e1 prognozy o Rusku v jin\u00e9m obdob\u00ed!<\/p>\n<h3><span style=\"font-size: 18pt;\">A fakta, pane Vot\u00e1pku u\u017e nekomentujete?<\/span><\/h3>\n<p>Leto\u0161n\u00ed \u00faroda obil\u00ed bude rekordn\u00ed, zah\u00e1jil prezident Putin jedn\u00e1n\u00ed o situaci v agrokomplexu. \u201eBylo vyml\u00e1ceno 138,7 milion\u016f tun obil\u00ed. To je zhruba o t\u0159etinu v\u00edce ne\u017e ve stejn\u00e9m obdob\u00ed lo\u0148sk\u00e9ho roku. Celkov\u00e1 sklize\u0148 obil\u00ed m\u016f\u017ee podle odborn\u00edk\u016f dos\u00e1hnout 150 milion\u016f tun. P\u0161enice &#8211; asi 100 milion\u016f tun. To bude rekordn\u00ed hodnota v cel\u00e9 historii Ruska,\u201c \u0159ekl Putin a zd\u016fraznil, \u017ee to umo\u017en\u00ed Rusk\u00e9 federaci \u201ezaru\u010den\u011b pokr\u00fdt sv\u00e9 vlastn\u00ed pot\u0159eby\u201c.<\/p>\n<div class=\"it-img it-incut zoom zoom-in item-img-lg-share\">\n<h1>Rusko do 3. \u0159\u00edjna zv\u00fd\u0161ilo produkci cukru o 23 %. A sklize\u0148 obil\u00ed bude rekordn\u00ed v cel\u00e9 historii Ruska.<\/h1>\n<p>Moskva. 3. \u0159\u00edjna. &#8211; Rusk\u00e9 cukrovary vyrobily do 3. \u0159\u00edjna 1,66 milionu tun \u0159epn\u00e9ho cukru, co\u017e je o 23 % v\u00edce ne\u017e o rok d\u0159\u00edve, uv\u00e1d\u00ed Euroasijsk\u00e9 cukrovarnick\u00e9 sdru\u017een\u00ed. K tomuto datu bylo vykop\u00e1no 15,2 milionu tun cukrov\u00e9 \u0159epy, co\u017e je o 200 tis\u00edc tun v\u00edce ne\u017e v roce 2021<\/p>\n<p>Cukrovku nov\u00e9 sklizn\u011b zpracov\u00e1v\u00e1 63 cukrovar\u016f. V \u0159\u00edjnu se jejich po\u010det zv\u00fd\u0161\u00ed na 68.<\/p>\n<div class=\"explanation leftHalf\">\n<div class=\"explanationTitle\"><span style=\"font-size: 18pt;\"><strong>Hladomor byl \u0161patn\u011b, p\u0159ebytky tak\u00e9?<\/strong><\/span><\/p>\n<\/div>\n<div class=\"explanationContent\">Tak\u017ee to zaostal\u00e9 Rusko m\u00e1 nejen plyn, ropu, um\u011bl\u00e1 hnojiva, ale u\u017e m\u00e1 obrovsk\u00e9 p\u0159ebytky potravin, p\u0159edev\u0161\u00edm nejd\u016fle\u017eit\u011bj\u0161\u00ed potravinovou p\u0161enici a z\u00e1pad za\u010d\u00edn\u00e1 ps\u00e1t o z\u00e1padn\u00edm hladomoru. Jakoby naruby vysm\u00edvan\u00e1 revoluce a hladomor v Sov\u011btsk\u00e9m svazu. Dnes m\u00e1 Rusko v\u0161e a op\u011bt je to \u0161patn\u011b?<\/div>\n<\/div>\n<\/div>\n<p>A Putin pokra\u010doval: v\u011bt\u0161ina obil\u00ed z ukrajinsk\u00fdch p\u0159\u00edstav\u016f se nikdy nedostane do Afriky, ale jde p\u0159\u00edmo do Evropsk\u00e9 unie: z 203 lod\u00ed v r\u00e1mci programu OSN jen \u010dty\u0159i sm\u011b\u0159ovaly do chud\u00fdch zem\u00ed. &#8222;Je to nep\u0159\u00edjemn\u00e9 \u0159\u00edkat, ale je to naprost\u00fd podvod a nic v\u00edc,&#8220; \u0159ekl na\u0161tvan\u011b.\u00a0 Existuje v\u0161ak jednoduch\u00fd a z\u00e1kladn\u00ed z\u00e1kon, kter\u00fd zapad\u00e1 do velmi jednoduch\u00e9 a zn\u00e1m\u00e9 v\u011bty \u201eChl\u00e9b je hlavou v\u0161eho\u201c, a tento z\u00e1kon nikdo nezru\u0161il. V podm\u00ednk\u00e1ch, ve kter\u00fdch \u017eijeme, je tento z\u00e1kon jedn\u00edm z nejd\u016fle\u017eit\u011bj\u0161\u00edch,\u201c zd\u016fraznil prezident.<\/p>\n<div class=\"inpage_block-adv-c\"><\/div>\n<div class=\"it-img it-incut zoom zoom-in item-img-lg-share\"><img decoding=\"async\" loading=\"lazy\" class=\"aligncenter\" src=\"https:\/\/s.ura.news\/images\/news\/upload\/articles\/285\/475\/1036285475\/713424_Yarmarka_mestnih_proizvoditeley_DNR_Mariupoly_hleb_yarmarka_karavay_mariupoly_bulki_hlebobulochnie_izdeliya_250x0_6192.4128.0.0.jpg\" alt=\"Veletrh m\u00edstn\u00edch v\u00fdrobc\u016f DLR.  Mariupol\" width=\"561\" height=\"375\" \/><\/div>\n<p class=\"\">P\u0159edb\u011b\u017en\u00e1 data p\u0159ed\u010dila v\u0161echna o\u010dek\u00e1v\u00e1n\u00ed \u2013 zem\u011bd\u011blci m\u00edsto 130-140 milion\u016f sklid\u00ed asi 150 milion\u016f tun obil\u00ed.<\/p>\n<p>Putin dal v\u0161em odborn\u00edk\u016fm jasn\u011b najevo, \u017ee tato sklize\u0148 by m\u011bla b\u00fdt \u201eekonomicky, pe\u010dliv\u011b a efektivn\u011b uchov\u00e1na,\u201c komentoval politologick\u00fd analytik Dmitrij N\u011b\u010dajev. \u201e<strong>Pro dom\u00e1c\u00ed spot\u0159ebu n\u00e1m sta\u010d\u00ed 70-80 milion\u016f tun<\/strong>, tak\u017ee se Rusov\u00e9 nemus\u00ed b\u00e1t \u2013 nebudeme m\u00edt hlad, nejd\u016fle\u017eit\u011bj\u0161\u00ed je chl\u00e9b \u2013 ten m\u00e1me. P\u0159ebytek m\u016f\u017eeme prodat.<\/p>\n<p><em>Prezident\u016fv vzkaz Z\u00e1padu zn\u00ed, \u017ee Rusko m\u00e1 obil\u00ed. Pokud to chcete z\u00edskat, pokud chcete, aby na sv\u011bt\u011b nebyl hlad, domluvme se. V tomto p\u0159\u00edpad\u011b ale budeme hovo\u0159it o zru\u0161en\u00ed ur\u010dit\u00fdch sankc\u00ed. Putin uk\u00e1zal, \u017ee m\u00e1me ve sv\u00fdch rukou trumfy,\u201c vysv\u011btlil Nechaev.<\/em>Na glob\u00e1ln\u00ed \u00farovni je t\u00e9ma potravinov\u00e9 krize druh\u00e9 po energetick\u00e9 krizi, \u0159\u00edk\u00e1 Vja\u010deslav Danilov, v\u00fdkonn\u00fd \u0159editel Centra pro politick\u00e9 anal\u00fdzy. \u201e\u0158ada africk\u00fdch zem\u00ed z\u00e1vis\u00ed na dod\u00e1vk\u00e1ch rusk\u00e9 p\u0161enice. Nen\u00ed divu, \u017ee v\u016fdci n\u011bkter\u00fdch z nich p\u0159i\u0161li na jedn\u00e1n\u00ed s Putinem. Putin dnes d\u00e1v\u00e1 jasn\u011b najevo, \u017ee Rusko ud\u011bl\u00e1 v\u0161e pro to,<strong>\u00a0aby v zem\u00edch, kter\u00e9 udr\u017euj\u00ed p\u0159\u00e1telsk\u00e9 vztahy s Ruskem, nenastala \u017e\u00e1dn\u00e1 potravinov\u00e1 krize. Rusko dodr\u017e\u00ed sv\u00e9 z\u00e1vazky<\/strong>,\u201c poznamenal politolog.<\/p>\n<p class=\"\">Postoj Putina, kter\u00fd p\u0159ipomn\u011bl, \u017ee v ka\u017ed\u00e9 situaci je hlavn\u00edm \u00fakolem \u00fa\u0159ad\u016f zaru\u010dit potravinovou bezpe\u010dnost, byl a je jasn\u00fd. Porovnejte to pros\u00edm s na\u0161\u00ed vl\u00e1dou a na\u0161\u00edm parlamentem. Odevzd\u00e1me v\u0161e do Bruselu a zatlesk\u00e1me, kdy\u017e n\u00e1m n\u011bco vr\u00e1t\u00ed.<\/p>\n<h3><span style=\"font-size: 18pt;\"><strong>Odporn\u00e1, zlo\u010dinn\u00e1 \u010desk\u00e1 vl\u00e1da!<\/strong><\/span><\/h3>\n<\/div>\n<p><a href=\"https:\/\/www.skrytapravda.cz\/ze-zahranici\/807-putin-prozradil-co-bude-s-rekordni-sklizni-obili-v-rusku-a-expert-votapek-se-zhroutil\">Petr Pokorn\u00fd<\/a><\/p>\n<p>&nbsp;<\/p>\n","protected":false},"excerpt":{"rendered":"<p>J\u00e1, Vot\u00e1pek prvn\u00ed, nejsem dezol\u00e1t a populista a mluv\u00edm pravdu a nic ne\u017e pravdu! Jak&#8230;<\/p>\n","protected":false},"author":2,"featured_media":16238,"comment_status":"closed","ping_status":"closed","sticky":false,"template":"","format":"standard","meta":[],"categories":[6],"tags":[29,371,2023,750,22],"_links":{"self":[{"href":"https:\/\/www.infokuryr.cz\/n\/wp-json\/wp\/v2\/posts\/16237"}],"collection":[{"href":"https:\/\/www.infokuryr.cz\/n\/wp-json\/wp\/v2\/posts"}],"about":[{"href":"https:\/\/www.infokuryr.cz\/n\/wp-json\/wp\/v2\/types\/post"}],"author":[{"embeddable":true,"href":"https:\/\/www.infokuryr.cz\/n\/wp-json\/wp\/v2\/users\/2"}],"replies":[{"embeddable":true,"href":"https:\/\/www.infokuryr.cz\/n\/wp-json\/wp\/v2\/comments?post=16237"}],"version-history":[{"count":0,"href":"https:\/\/www.infokuryr.cz\/n\/wp-json\/wp\/v2\/posts\/16237\/revisions"}],"wp:featuredmedia":[{"embeddable":true,"href":"https:\/\/www.infokuryr.cz\/n\/wp-json\/wp\/v2\/media\/16238"}],"wp:attachment":[{"href":"https:\/\/www.infokuryr.cz\/n\/wp-json\/wp\/v2\/media?parent=16237"}],"wp:term":[{"taxonomy":"category","embeddable":true,"href":"https:\/\/www.infokuryr.cz\/n\/wp-json\/wp\/v2\/categories?post=16237"},{"taxonomy":"post_tag","embeddable":true,"href":"https:\/\/www.infokuryr.cz\/n\/wp-json\/wp\/v2\/tags?post=16237"}],"curies":[{"name":"wp","href":"https:\/\/api.w.org\/{rel}","templated":true}]}}