{"id":16236,"date":"2022-10-05T04:59:25","date_gmt":"2022-10-05T02:59:25","guid":{"rendered":"http:\/\/www.infokuryr.cz\/n\/?p=16236"},"modified":"2022-10-05T04:59:25","modified_gmt":"2022-10-05T02:59:25","slug":"zapoji-se-ukrajinska-vlada-p-fialy-otevrene-do-valky-proti-rusku","status":"publish","type":"post","link":"https:\/\/www.infokuryr.cz\/n\/2022\/10\/05\/zapoji-se-ukrajinska-vlada-p-fialy-otevrene-do-valky-proti-rusku\/","title":{"rendered":"Zapoj\u00ed se \u201eukrajinsk\u00e1\u201c vl\u00e1da P. Fialy otev\u0159en\u011b do v\u00e1lky proti Rusku?"},"content":{"rendered":"<div id=\"fb-root\"><\/div>\n<h2 class=\"entry-title\">Vyhl\u00e1s\u00ed mobilizaci a stann\u00e9 pr\u00e1vo k potla\u010den\u00ed proti re\u017eimn\u00edho odporu? Boj za \u017eidovsk\u00e9 z\u00e1jmy jako \u201e\u010desk\u00e1 n\u00e1rodn\u00ed\u201c politick\u00e1 doktr\u00edna?<\/h2>\n<p><strong>Situace na Ukrajin\u011b se vyost\u0159uje. Na stran\u011b ukrajinsk\u00e9ho re\u017eimu ji\u017e zcela otev\u0159en\u011b bojuj\u00ed zahrani\u010dn\u00ed jednotky, do zem\u011b proud\u00ed st\u00e1le v\u011bt\u0161\u00ed dod\u00e1vky zbran\u00ed p\u0159edev\u0161\u00edm z USA a jejich evropsk\u00fdch koloni\u00ed. Zat\u00edm se jedn\u00e1 p\u0159edev\u0161\u00edm o jednotky polsk\u00e9 arm\u00e1dy a z dal\u0161\u00edch zem\u00ed b\u00fdval\u00e9ho SSSR (Gruzie, Pobalt\u00ed) a speci\u00e1ln\u00ed jednotky a vel\u00edc\u00ed k\u00e1dry USA a Velk\u00e9 Brit\u00e1nie, ale to pomalu p\u0159est\u00e1v\u00e1 sta\u010dit.\u00a0<\/strong>Ofenz\u00edva v Don\u011bcku se zadrhla, proto\u017ee do\u0161li lid\u00e9<strong>.<\/strong>\u00a0<strong>Z\u00e1pad se rozhodl k otev\u0159en\u00e9 konfrontaci a k tomu bude pot\u0159ebovat \u010derstv\u00e9 jednotky do prvn\u00ed linie.<\/strong><\/p>\n<p>Jeliko\u017e kolektivn\u00ed z\u00e1pad a jeho vl\u00e1dci nejrad\u011bji v\u00e1l\u010d\u00ed ciz\u00edma rukama, Ukrajinci do\u0161li (\u010d\u00e1ste\u010dn\u011b ve v\u00e1lce, \u010d\u00e1ste\u010dn\u011b kv\u016fli imigraci \u2013 jen v \u010cR je ofici\u00e1ln\u011b asi 80 tis\u00edc ukrajinsk\u00fdch mu\u017e\u016f vojensk\u00e9ho v\u011bku)<strong>. Kde tedy vz\u00edt vhodnou potravu pro rusk\u00e1 d\u011bla? Ve st\u0159edn\u00ed Evrop\u011b! Pol\u00e1ci, \u010ce\u0161i, Slov\u00e1ci, Rumuni se p\u0159\u00edmo nab\u00edzej\u00ed<\/strong>. Ve v\u0161ech t\u011bchto zem\u00edch prob\u00edh\u00e1 od za\u010d\u00e1tku formov\u00e1n\u00ed pot\u0159ebn\u00e9ho informa\u010dn\u00edho pole.\u00a0<strong>Rusk\u00e1 arm\u00e1da je l\u00ed\u010dena jako sbor \u201eneschopn\u00fdch blb\u016f\u201c, kter\u00e9 uml\u00e1t\u00ed ka\u017ed\u00fd \u010depic\u00ed. Tak pro\u010d si neu\u017e\u00edt n\u011bjak\u00e9 dobrodru\u017estv\u00ed, je podsouv\u00e1no mlad\u00fdm mu\u017e\u016fm nud\u00edc\u00edm se v zat\u00edm vyh\u0159\u00e1t\u00e9m byt\u011b<\/strong>! \u017de se to zat\u00edm nepoda\u0159ilo a Rusov\u00e9 si pr\u00e1v\u011b p\u0159ipojuj\u00ed po referendech 1\/5 \u00fazem\u00ed b\u00fdval\u00e9 Ukrajiny?\u00a0<strong>To b\u011b\u017en\u00fd poj\u00edda\u010d p\u00e1rk\u016f nepochop\u00ed.\u00a0<\/strong>Tady v USA sice prob\u00edh\u00e1 antirusk\u00e1 hysterie, ale b\u011b\u017en\u00fd Ameri\u010dan na n\u00ed nem\u00e1 \u010das a politici se otev\u0159en\u00e9 v\u00e1lky a um\u00edr\u00e1n\u00ed US boys boj\u00ed. Proto v\u0161e m\u00e1 podobu \u201edobrovoln\u00fdch kontrakt\u016f\u201c.\u00a0<strong>Inzer\u00e1ty na pr\u00e1ci \u201ebezpe\u010dnostn\u00ed slu\u017eby\u201c na Ukrajin\u011b se tu ale objevuj\u00ed st\u00e1le \u010dast\u011bji.\u00a0<\/strong>V americk\u00fdch koloni\u00edch ve st\u0159edn\u00ed Evrop\u011b to ale bude jinak. Smrt polsk\u00fdch, \u010desk\u00fdch, slovensk\u00fdch, nebo rumunsk\u00fdch mu\u017e\u016f nikoho za velkou lou\u017e\u00ed doj\u00edmat nebude.<\/p>\n<p><strong>Vyhl\u00e1\u0161en\u00ed mobilizace \u201e\u010deskou\u201c vl\u00e1dou je tedy zcela re\u00e1ln\u00e1 varianta<\/strong>. Pokusn\u00e9 balonky jsou u\u017e vypou\u0161t\u011bny. Ona\u00a0<strong>ji\u017e \u010desk\u00e1 arm\u00e1da na Ukrajin\u011b bojuje, jako obsluha t\u011b\u017ek\u00fdch zbran\u00ed dodan\u00fdch vl\u00e1dou P. Fialy, ale zat\u00edm jako \u201edobrovoln\u00edci\u201c. Skute\u010dnost, \u017ee jim prezident Zeman p\u0159edem a priori sl\u00edbil amnestii, je toho d\u016fkazem.\u00a0<\/strong>Jen\u017ee z \u010desk\u00e9 arm\u00e1dy zbylo jen expedi\u010dn\u00ed torzo a t\u011bch p\u00e1r tis\u00edc voj\u00e1k\u016f a z\u00e1lo\u017e\u00e1k\u016f z\u00e1padu na v\u00e1lku s Ruskem sta\u010dit nebude.\u00a0<strong>Probl\u00e9m je sice v tom, \u017ee v\u011bt\u0161ina mu\u017e\u016f v \u010cR mlad\u0161\u00edch 50 let nikdy nedr\u017eela zbra\u0148 v ruce a nem\u00e1 \u017e\u00e1dn\u00fd vojensk\u00fd v\u00fdcvik, ale v tom si nijak nezad\u00e1 se zbytky ukrajinsk\u00e9 arm\u00e1dy.\u00a0<\/strong>Sou\u010dasnou ofenz\u00edvu proto vedu ji\u017e skoro v\u00fdlu\u010dn\u011b zahrani\u010dn\u00ed jednotky a Ukrajinci jsou vyu\u017e\u00edv\u00e1ni sp\u00ed\u0161 na PR propagandu. I nevycvi\u010den\u00fd branec se bude hodit.<\/p>\n<p>Z<strong>\u00e1minkou k mobilizaci se paradoxn\u011b m\u016f\u017ee st\u00e1t propuknut\u00ed \u201ene\u0159\u00edzen\u00e9\u201c ekonomick\u00e9 krize. Nedostatek energi\u00ed a tedy tepla a sv\u011btla a v\u00fdpadek z\u00e1kladn\u00edch potravin se svede na Putina a re\u017eim vyzve k \u201c povinnosti v\u016f\u010di spojenc\u016fm\u201c j\u00edt bojovat na Ukrajin\u011b<\/strong>.<\/p>\n<p><strong>Mobilizace a s n\u00ed vyhl\u00e1\u0161en\u00fd v\u00fdjime\u010dn\u00fd stav bude m\u00edt pro re\u017eim dal\u0161\u00ed \u201ev\u00fdhodu\u201c. Bude mo\u017en\u00e9 brut\u00e1ln\u011b potla\u010dit masov\u00e9 nepokoje zb\u00edda\u010den\u00fdch \u010cech\u016f. K tomu si ostatn\u011b \u201e\u010desk\u00e1\u201c vl\u00e1da dr\u017e\u00ed v \u010cR \u201earm\u00e1du\u201c mlad\u00fdch Ukrajinc\u016f a barevn\u00fdch imigrant\u016f.\u00a0<\/strong>Na policie toti\u017e nebude spoleh. B\u00edda se dot\u00fdk\u00e1 i jich a jejich rodin. Jen\u017ee povede se re\u017eimu vyvolat skute\u010dnou protiruskou hysterii?<\/p>\n<p>Probl\u00e9m pro re\u017eim m\u016f\u017ee nastat p\u0159edev\u0161\u00edm v n\u00e1sleduj\u00edc\u00edch oblastech.<\/p>\n<ol>\n<li><strong>Norm\u00e1ln\u00ed \u010ce\u0161i odm\u00edtnou narukovat do v\u00e1lky<\/strong>, proto\u017ee proti Rus\u016fm nic nemaj\u00ed a mnoh\u00fdm z nich je bli\u017e\u0161\u00ed norm\u00e1ln\u00ed rusk\u00fd sv\u011bt, kde \u017eena je \u017eena a mu\u017e je mu\u017e a rodina mu\u017e, \u017eena a d\u011bti, ne\u017e sou\u010dasn\u00e1 z\u00e1padn\u00ed perverze. T\u011bch p\u00e1r re\u017eimn\u00edch rusobic\u016f jako Prib\u00e1\u0148, Janda a spol. v\u00e1l\u010d\u00ed pouze od po\u010d\u00edta\u010de a do skute\u010dn\u00e9 v\u00e1lky nep\u016fjdou. S<strong>tejn\u011b tak se do v\u00e1lky nepohrnou d\u011bti P. Fialy. Raku\u0161ana, M. Kalouska a dal\u0161\u00edch protagonist\u016f sou\u010dasn\u00e9ho re\u017eimu.<\/strong><\/li>\n<li><strong>V \u010cR se etabluje siln\u00e9 protire\u017eimn\u00ed hnut\u00ed de facto ve v\u0161ech spole\u010densk\u00fdch vrstv\u00e1ch s v\u00fdjimkou<\/strong>\u00a0\u201em\u011bstsk\u00fdch intelektu\u00e1l\u016f a p\u0159isluhova\u010d\u016f re\u017eimu\u201c.\u00a0<strong>Lid\u00e9 zkr\u00e1tka odm\u00edtnou v\u00e1lku a vyjdou do ulic a re\u017eim se pokus\u00ed svrhnout.\u00a0<\/strong>To vyvol\u00e1 velkou spole\u010denskou konfrontaci a destabilizaci, kter\u00e1 ale zabr\u00e1n\u00ed odvodu branc\u016f na Ukrajinu.<\/li>\n<li><strong>Otev\u0159en\u00fd ozbrojen\u00fd odpor. V zemi je 350 tis\u00edc dr\u017eitel\u016f zbrojn\u00ed licence. \u0158ada z nich je \u010dleny domobran,<\/strong>\u00a0kter\u00e9 po re\u017eimn\u00edm \u00fatok pouze ofici\u00e1ln\u011b ukon\u010dily \u010dinnost a de facto p\u0159e\u0161li do ilegality. Jedn\u00e1 se o paraleln\u00ed vojensk\u00e9 skupiny, kter\u00e9 mohou p\u0159evz\u00edt kontrolu nad ur\u010dit\u00fdm \u00fazem\u00edm, nebo p\u0159\u00edmo vojensky br\u00e1nit brance p\u0159ed re\u017eimn\u00edmi verb\u00ed\u0159i.<\/li>\n<\/ol>\n<p>Za p\u0159ipomenut\u00ed stoj\u00ed i c\u00edle a z\u00e1jmy, za kter\u00e9 budou \u010de\u0161t\u00ed chlapci a mu\u017ei bojovat a um\u00edrat.\u00a0<strong>O Ukrajince nejde a nikdy ne\u0161lo. Zemi vede \u017eidovsk\u00fd prezident a ve\u0161ker\u00fd majetek a p\u016fda je po \u201eprivatizaci\u201c (rozkraden\u00ed st\u00e1tn\u00edho majetku) v ruk\u00e1ch \u017eidovsk\u00fdch oligarch\u016f.\u00a0<\/strong>V \u017eidovsk\u00fdch kruz\u00edch se tak\u00e9 ji\u017e st\u00e1le v\u00edc mluv\u00ed o vytvo\u0159en\u00ed st\u00e1tu Izrael 2.0 na \u00fazem\u00ed, kde kdysi byla chazarsk\u00e1 \u0159\u00ed\u0161e jej\u00ed\u017e potomci jsou tzv. a\u0161ken\u00e1z\u0161t\u00ed \u017eid\u00e9. P\u0159itom v\u0161ichni \u017did\u00e9 na za\u010d\u00e1tku v\u00e1lky z Ukrajiny organizovan\u011b odjeli, a\u010dkoliv jim ofici\u00e1ln\u011b vycestov\u00e1n\u00ed zak\u00e1zala \u201eukrajinsk\u00e1\u201c vl\u00e1da.<\/p>\n<p><strong>\u010cesk\u00e9 \u017eeny a matky, nech\u00e1te va\u0161e mu\u017ee, syny a bratry um\u00edrat za \u017eidovsk\u00e9 z\u00e1jmy na Ukrajin\u011b?<\/strong><\/p>\n<figure class=\"wp-block-image size-full\"><img decoding=\"async\" loading=\"lazy\" class=\"wp-image-1996 aligncenter\" src=\"https:\/\/ceskavec.com\/wp-content\/uploads\/2019\/05\/Ukrajina.jpg\" sizes=\"(max-width: 640px) 100vw, 640px\" srcset=\"https:\/\/ceskavec.com\/wp-content\/uploads\/2019\/05\/Ukrajina.jpg 640w, https:\/\/ceskavec.com\/wp-content\/uploads\/2019\/05\/Ukrajina-300x188.jpg 300w\" alt=\"\" width=\"640\" height=\"400\" \/><figcaption>\nP\u016fjdou \u010ce\u0161i um\u00edrat za \u017eidovsk\u00e9 z\u00e1jmy na Ukrajinu?<\/figcaption><\/figure>\n<p><a href=\"https:\/\/ceskavec.com\/2022\/10\/zapoji-se-ukrajinska-vlada-p-fialy-otevrene-do-valky-proti-rusku-vyhlasi-mobilizaci-a-stanne-pravo-k-potlaceni-proti-rezimniho-odporu-boj-za-zidovske-zajmy-jako-narodni-politicka-doktrina\">Joe Nowak, Chicago, USA<\/a><\/p>\n<p>&nbsp;<\/p>\n","protected":false},"excerpt":{"rendered":"<p>Vyhl\u00e1s\u00ed mobilizaci a stann\u00e9 pr\u00e1vo k potla\u010den\u00ed proti re\u017eimn\u00edho odporu? Boj za \u017eidovsk\u00e9 z\u00e1jmy jako&#8230;<\/p>\n","protected":false},"author":2,"featured_media":13481,"comment_status":"closed","ping_status":"closed","sticky":false,"template":"","format":"standard","meta":[],"categories":[6],"tags":[670,1497,26,40,99],"_links":{"self":[{"href":"https:\/\/www.infokuryr.cz\/n\/wp-json\/wp\/v2\/posts\/16236"}],"collection":[{"href":"https:\/\/www.infokuryr.cz\/n\/wp-json\/wp\/v2\/posts"}],"about":[{"href":"https:\/\/www.infokuryr.cz\/n\/wp-json\/wp\/v2\/types\/post"}],"author":[{"embeddable":true,"href":"https:\/\/www.infokuryr.cz\/n\/wp-json\/wp\/v2\/users\/2"}],"replies":[{"embeddable":true,"href":"https:\/\/www.infokuryr.cz\/n\/wp-json\/wp\/v2\/comments?post=16236"}],"version-history":[{"count":0,"href":"https:\/\/www.infokuryr.cz\/n\/wp-json\/wp\/v2\/posts\/16236\/revisions"}],"wp:featuredmedia":[{"embeddable":true,"href":"https:\/\/www.infokuryr.cz\/n\/wp-json\/wp\/v2\/media\/13481"}],"wp:attachment":[{"href":"https:\/\/www.infokuryr.cz\/n\/wp-json\/wp\/v2\/media?parent=16236"}],"wp:term":[{"taxonomy":"category","embeddable":true,"href":"https:\/\/www.infokuryr.cz\/n\/wp-json\/wp\/v2\/categories?post=16236"},{"taxonomy":"post_tag","embeddable":true,"href":"https:\/\/www.infokuryr.cz\/n\/wp-json\/wp\/v2\/tags?post=16236"}],"curies":[{"name":"wp","href":"https:\/\/api.w.org\/{rel}","templated":true}]}}