{"id":16234,"date":"2022-10-05T04:56:07","date_gmt":"2022-10-05T02:56:07","guid":{"rendered":"http:\/\/www.infokuryr.cz\/n\/?p=16234"},"modified":"2022-10-05T04:56:07","modified_gmt":"2022-10-05T02:56:07","slug":"americky-senator-richard-black-prohlasil-ze-kancler-olaf-scholz-musel-dat-souhlas-americke-cia-a-ministerstvu-obrany-usa","status":"publish","type":"post","link":"https:\/\/www.infokuryr.cz\/n\/2022\/10\/05\/americky-senator-richard-black-prohlasil-ze-kancler-olaf-scholz-musel-dat-souhlas-americke-cia-a-ministerstvu-obrany-usa\/","title":{"rendered":"Americk\u00fd sen\u00e1tor Richard Black prohl\u00e1sil, \u017ee kancl\u00e9\u0159 Olaf Scholz musel d\u00e1t souhlas americk\u00e9 CIA a ministerstvu obrany USA&#8230;"},"content":{"rendered":"<div id=\"fb-root\"><\/div>\n<h4>Americk\u00fd sen\u00e1tor Richard Black prohl\u00e1sil, \u017ee kancl\u00e9\u0159 Olaf Scholz musel d\u00e1t souhlas americk\u00e9 CIA a ministerstvu obrany USA ke zni\u010den\u00ed obou v\u011btv\u00ed plynovodu Nord Stream! Jeho n\u00e1zor podpo\u0159il americk\u00fd profesor a autor rusk\u00e9 \u0161okov\u00e9 ekonomick\u00e9 transformace z 90. let Jeffrey Sachs, kter\u00fd na americk\u00e9 televizi Bloomberg zboural moder\u00e1torskou dvojici, kdy\u017e prohl\u00e1sil, \u017ee existuj\u00ed d\u016fkazy o tom, \u017ee americk\u00e9 vrtuln\u00edky z Gda\u0148sku krou\u017eily nad m\u00edsty, kde pozd\u011bji do\u0161lo k exploz\u00edm plynovodu! A v \u010desk\u00fdch \u0161kol\u00e1ch se energetick\u00e1 krize rozjela naplno, rusk\u00e1 m\u00e9dia p\u0159inesla video z \u010desk\u00e9 \u0161koly, kde studenti nafasovali deky!<\/h4>\n<p>Energetick\u00e1 situace v Evrop\u011b za\u010d\u00edn\u00e1 napl\u0148ovat tzv. Murphyho z\u00e1kon schv\u00e1lnosti. Evropsk\u00e9 centrum pro st\u0159edn\u011bdob\u00e9 p\u0159edpov\u011bdi po\u010das\u00ed (ECMWF) toti\u017e ozn\u00e1milo\u00a0<strong>[<a href=\"https:\/\/href.li\/?https:\/\/www.theguardian.com\/uk-news\/2022\/oct\/03\/winter-europe-cost-of-living-crisis-la-nina-eu-meteorological-agency\" target=\"_blank\" rel=\"nofollow noopener\">1<\/a>]<\/strong>, \u017ee\u00a0<strong>leto\u0161n\u00ed zima by jako naschv\u00e1l m\u011bla b\u00fdt chladn\u011bj\u0161\u00ed ne\u017e p\u0159edchoz\u00ed zimy, m\u011blo by padat m\u00e9n\u011b sn\u011bhu, m\u00e1 b\u00fdt v\u00edce holomraz\u016f a spolu s t\u00edm m\u00e1 i m\u00e9n\u011b foukat v\u00edtr, tak\u017ee n\u011bmeck\u00e9 v\u011btrn\u00edky na v\u00fdrobu elekt\u0159iny budou k ni\u010demu.<\/strong><\/p>\n<p>Nedostatek levn\u00e9ho rusk\u00e9ho plynu, kter\u00fd se v Evrop\u011b krom\u011b topen\u00ed pou\u017e\u00edv\u00e1 i na v\u00fdrobu elekt\u0159iny v plynov\u00fdch elektr\u00e1rn\u00e1ch, tak povede k nejhor\u0161\u00ed zim\u011b od II. sv. v\u00e1lky, resp. od zimy 1944\/45 v N\u011bmecku, kdy V\u016fdce na\u0159\u00eddil z\u00e1kaz vyt\u00e1p\u011bn\u00ed v domech mimo \u010dasov\u00e1 okna od 18:00 hodin do 23. hodiny. Hl\u00eddky\u00a0<em>Volkssturm<\/em>\u00a0to potom kontrolovaly b\u011bhem poch\u016fzek po ulic\u00edch, jestli z n\u011bkter\u00fdch kom\u00edn\u016f nestoup\u00e1 d\u00fdm mimo povolen\u00e9 hodiny.<\/p>\n<figure id=\"attachment_53442\" class=\"wp-caption aligncenter\" style=\"width: 695px;\"><a href=\"https:\/\/aeronet.news\/wp-content\/uploads\/JeffSachsNordStreamFeat.jpg\"><img decoding=\"async\" loading=\"lazy\" class=\"wp-image-53442 \" src=\"https:\/\/aeronet.news\/wp-content\/uploads\/JeffSachsNordStreamFeat-1024x576.jpg\" sizes=\"(max-width: 700px) 100vw, 700px\" srcset=\"https:\/\/aeronet.news\/wp-content\/uploads\/JeffSachsNordStreamFeat-1024x576.jpg 1024w, https:\/\/aeronet.news\/wp-content\/uploads\/JeffSachsNordStreamFeat-300x169.jpg 300w, https:\/\/aeronet.news\/wp-content\/uploads\/JeffSachsNordStreamFeat-768x432.jpg 768w, https:\/\/aeronet.news\/wp-content\/uploads\/JeffSachsNordStreamFeat-700x394.jpg 700w, https:\/\/aeronet.news\/wp-content\/uploads\/JeffSachsNordStreamFeat-635x357.jpg 635w, https:\/\/aeronet.news\/wp-content\/uploads\/JeffSachsNordStreamFeat-859x483.jpg 859w, https:\/\/aeronet.news\/wp-content\/uploads\/JeffSachsNordStreamFeat.jpg 1280w\" alt=\"\" width=\"695\" height=\"391\" \/><\/a><figcaption class=\"wp-caption-text\">Profesor Jeffrey Sachs<\/figcaption><\/figure>\n<p>Tento teror se znovu letos vr\u00e1t\u00ed do N\u011bmecka a ministerstvo vnitra p\u0159ipravuje\u00a0<strong>[<a href=\"https:\/\/href.li\/?https:\/\/www.dw.com\/en\/germany-braces-for-social-unrest-over-energy-prices\/a-62726300\" target=\"_blank\" rel=\"nofollow noopener\">2<\/a>]<\/strong>\u00a0des\u00edtky tis\u00edc policist\u016f a prob\u00edh\u00e1 jejich v\u00fdcvik na potla\u010dov\u00e1n\u00ed nepokoj\u016f mrznouc\u00edho obyvatelstva. Architektem mrznut\u00ed v Evrop\u011b je podle posledn\u00edch informac\u00ed pr\u00e1v\u011b n\u011bmeck\u00fd kancl\u00e9\u0159 Olaf Scholz, kter\u00fd \u010del\u00ed podez\u0159en\u00ed z vlastizrady a na n\u011bmeck\u00fdch soci\u00e1ln\u00edch s\u00edt\u00edch se vedou diskuse, jestli se najde n\u011bkdo, kdo by ho zatkl.<\/p>\n<p><strong>Unikly toti\u017e informace, \u017ee Scholz m\u00e1 n\u011bco spole\u010dn\u00e9ho s explozemi plynovod\u016f Nord Stream a vydal souhlas americk\u00e9 CIA s Pentagonu s likvidac\u00ed plynovodu v majetku n\u011bmeck\u00e9 firmy.<\/strong>\u00a0Informace se \u0161\u00ed\u0159\u00ed na n\u011bmeck\u00fdch s\u00edt\u00edch u\u017e n\u011bkolik dn\u00ed a n\u011bmeck\u00e1 policie m\u00e1 nejvy\u0161\u0161\u00ed pohotovost, proto\u017ee informace je nejen d\u016fv\u011bryhodn\u00e1, ale d\u00e1v\u00e1 smysl od za\u010d\u00e1tku a\u017e do konce. A u\u017e to nen\u00ed jenom spekulace, za\u010d\u00ednaj\u00ed o tom hovo\u0159it i ameri\u010dt\u00ed analytici.<\/p>\n<h6><span style=\"font-size: 18pt;\">VIDEO: Za explozemi Nord Stream plynovod\u016f stoj\u00ed CIA<\/span><\/h6>\n<p>B\u00fdval\u00fd americk\u00fd sen\u00e1tor Richard Black toti\u017e v posledn\u00edm vystoupen\u00ed prohl\u00e1sil, \u017ee v bezpe\u010dnostn\u00edch kruz\u00edch v USA se \u0161\u00ed\u0159\u00ed informace, \u017ee za explozemi Nord Stream 1 a 2 stoj\u00ed americk\u00e1 CIA, kter\u00e1 z\u0159ejm\u011b spolupracovala s Pentagonem a s ministerstvem zahrani\u010d\u00ed.\u00a0<strong>Z\u00e1rove\u0148 sen\u00e1tor uv\u00e1d\u00ed n\u00e1zor, \u017ee kancl\u00e9\u0159 Olaf Scholz musel o exploz\u00edch v\u011bd\u011bt dop\u0159edu a musel s nimi vyslovit souhlas<\/strong>, musel d\u00e1t CIA povolen\u00ed k likvidaci plynovod\u016f, proto\u017ee podle Blacka by CIA neriskovala mezin\u00e1rodn\u00ed diplomatickou krizi, pokud by n\u011bkter\u00fd n\u011bmeck\u00fd org\u00e1n zjistil, kdo za zni\u010den\u00edm plynovod\u016f stoj\u00ed a za\u010dal by konat mimo vymezen\u00fd a dop\u0159edu domluven\u00fd r\u00e1mec.<\/p>\n<p>&nbsp;<\/p>\n<div id=\"rumble_v1k11ew\">\n<div id=\"vid_v1k11ew\" class=\"rumble_v1k11ew-Rumble-cls\" tabindex=\"-1\">\n<div class=\"bigPlayUI ctp\">\n<div class=\"bigPlayUIInner ctp\"><div class='videoWrapper'>\r\n\t            <iframe src='https:\/\/rumble.com\/embed\/pj.v1k11ew\/' frameborder='0' allowfullscreen><\/iframe>\r\n\t        <\/div><\/div>\n<\/div>\n<\/div>\n<\/div>\n<p>&nbsp;<\/p>\n<p>Oba plynovody jsou v majetku n\u011bmeck\u00e9 firmy\u00a0<em>Wintershall Group AG<\/em>, co\u017e je men\u0161inov\u00fd akcion\u00e1\u0159 ve spole\u010dnosti\u00a0<em>Nord Stream AG<\/em>. P\u0159esto\u017ee plynovody vznikly ve spolupr\u00e1ci s rusk\u00fdm Gazpromem, kv\u016fli evropsk\u00e9 sm\u011brnici o energetick\u00e9 bezpe\u010dnosti EU nesm\u00ed producenti plynu vlastnit sou\u010dasn\u011b plynovody, tak\u017ee vlastnictv\u00ed plynovod\u016f p\u0159e\u0161lo na n\u011bmeck\u00e9ho men\u0161inov\u00e9ho akcion\u00e1\u0159e. \u010cili \u00fatok na plynovody je \u00fatokem proti n\u011bmeck\u00e9 firm\u011b a n\u011bmeck\u00e9mu majetku.\u00a0<strong>A kdy\u017e se pod\u00edv\u00e1te, \u017ee kancl\u00e9\u0159 Scholz ml\u010d\u00ed jako za\u0159ezan\u00fd, nezast\u00e1v\u00e1 se n\u011bmeck\u00e9 firmy, kter\u00e1 p\u0159i\u0161la o majetek, tak je ka\u017ed\u00e9mu jasn\u00e9, co to znamen\u00e1.<\/strong>\u00a0Scholz s t\u00edm souhlas\u00ed, v\u0161echno bylo dop\u0159edu dohodnut\u00e9 a dost mo\u017en\u00e1 i Wintershall byl o tom informov\u00e1n, proto\u017ee se nezd\u00e1, \u017ee by d\u011blal velk\u00e9 vlny.<\/p>\n<h6><span style=\"font-size: 18pt;\">Hlavn\u00edm c\u00edlem EU po covidov\u00e9 krizi je v\u00e1lka proti Rusku, nikoliv o\u017eiven\u00ed zb\u00edda\u010den\u00e9 evropsk\u00e9 ekonomiky po 2 letech lockdown\u016f<\/span><\/h6>\n<p>Jedinou ob\u011bt\u00ed tak jsou oby\u010dejn\u00ed N\u011bmci, kte\u0159\u00ed budou mrznout p\u0159es zimu. A s nimi bude mrznout i zbytek Evropy, proto\u017ee hlavn\u00edm c\u00edlem EU je nyn\u00ed v\u00e1lka proti Rusku. Zat\u00edmco je\u0161t\u011b koncem minul\u00e9ho roku byl hlavn\u00edm c\u00edlem Bruselu boj proti covidu a pandemii, nic nebylo d\u016fle\u017eit\u011bj\u0161\u00edho, tak te\u010f je to boj proti Rusku a znovu nic nen\u00ed d\u016fle\u017eit\u011bj\u0161\u00ed ne\u017e tento boj. A to i za cenu toho, \u017ee lid\u00e9 p\u0159ijdou vlivem obrovsk\u00e9 mamut\u00ed inflace o ve\u0161ker\u00e9 \u017eivotn\u00ed \u00faspory.\u00a0<strong>Pr\u00e1v\u011b o tom hovo\u0159il sen\u00e1tor Richard Black ve sv\u00e9m po\u0159adu, jak N\u011bmecko tiskne obrovsk\u00e1 kvanta nekryt\u00fdch pen\u011bz, nekryt\u00fdch EUR.<\/strong>\u00a0Lid\u00e9 v zim\u011b vyraz\u00ed do ulic a budou nen\u00e1vid\u011bt sv\u00e9 vl\u00e1dy. Budou volat o pomoc Vladimira Putina.<\/p>\n<figure id=\"attachment_53121\" class=\"wp-caption aligncenter\" style=\"width: 685px;\"><a href=\"https:\/\/aeronet.news\/wp-content\/uploads\/StoveHeatingHands.jpg\"><img decoding=\"async\" loading=\"lazy\" class=\"wp-image-53121 \" src=\"https:\/\/aeronet.news\/wp-content\/uploads\/StoveHeatingHands-1024x682.jpg\" sizes=\"(max-width: 700px) 100vw, 700px\" srcset=\"https:\/\/aeronet.news\/wp-content\/uploads\/StoveHeatingHands-1024x682.jpg 1024w, https:\/\/aeronet.news\/wp-content\/uploads\/StoveHeatingHands-300x200.jpg 300w, https:\/\/aeronet.news\/wp-content\/uploads\/StoveHeatingHands-768x512.jpg 768w, https:\/\/aeronet.news\/wp-content\/uploads\/StoveHeatingHands-700x466.jpg 700w, https:\/\/aeronet.news\/wp-content\/uploads\/StoveHeatingHands-536x357.jpg 536w, https:\/\/aeronet.news\/wp-content\/uploads\/StoveHeatingHands-725x483.jpg 725w, https:\/\/aeronet.news\/wp-content\/uploads\/StoveHeatingHands.jpg 1280w\" alt=\"\" width=\"685\" height=\"456\" \/><\/a><figcaption class=\"wp-caption-text\">Teplo = Rusko! Zima = EU &amp; NATO!<\/figcaption><\/figure>\n<p>Nen\u00e1vist k Evropsk\u00e9 unii a k vl\u00e1d\u00e1m evropsk\u00fdch zem\u00ed den ode dne ut\u011b\u0161en\u011b roste, to je dobr\u00e1 zpr\u00e1va, proto\u017ee to znamen\u00e1, \u017ee obyvatelstvo je je\u0161t\u011b p\u0159i smyslech a nen\u00ed p\u0159eprogramov\u00e1no, dok\u00e1\u017ee se je\u0161t\u011b p\u0159i pohledu do pr\u00e1zdn\u00e9ho n\u00e1kupn\u00edho voz\u00edku mobilizovat. A kdy\u017e lidem n\u011bkdo vezme teplo domova, opravdu se t\u00edm n\u011bco zm\u011bn\u00ed. Lid\u00e9 ztrat\u00ed iluze o sv\u00e9 vl\u00e1d\u011b a za\u010dnou ji up\u0159\u00edmn\u011b a ze srdce nen\u00e1vid\u011bt. Jako v zim\u011b 1944\/45 obrovsky klesla Hitlerovi podpora mezi N\u011bmci.<\/p>\n<p><strong>Pr\u00e1v\u011b proto n\u011bmeck\u00e9 vnitro p\u0159ipravuje des\u00edtky tis\u00edc policist\u016f do n\u011bmeck\u00fdch m\u011bst, proto\u017ee demonstrace se p\u0159eklop\u00ed do gener\u00e1ln\u00edch st\u00e1vek, protest\u016f a do mrznouc\u00edch pochod\u016f proti vl\u00e1d\u011b.<\/strong>\u00a0Dod\u00e1vky zbran\u00ed na Ukrajinu budou potom v ostr\u00e9m kontrastu mrznouc\u00edho obyvatelstva, kter\u00e9 si uv\u011bdom\u00ed, \u017ee zr\u00e1dcovsk\u00e1 vl\u00e1da rad\u011bji pos\u00edl\u00e1 za miliardy EUR \u010di korun dal\u0161\u00ed zbran\u011b na Ukrajinu, ale lid\u00e9 doma mus\u00ed mrznout. Tato reflexe se stane rozbu\u0161kou lidov\u00fdch nepokoj\u016f a v n\u011bkter\u00fdch temperamentn\u011bj\u0161\u00edch zem\u00edch za\u010dnou pogromy na politiky. Zima bude\u00a0<em>bal\u0161aja<\/em>!<\/p>\n<h6><span style=\"font-size: 18pt;\">VIDEO: B\u00fdval\u00fd Jelcin\u016fv poradce a americk\u00fd profesor \u0161okoval moder\u00e1tory Bloomberg TV, kdy\u017e odhalil americk\u00e9 helikopt\u00e9ry z Gda\u0148sku nad plynovody kr\u00e1tce p\u0159ed explozemi<\/span><\/h6>\n<p>Americk\u00fd ekonom a profesor Jeffrey Sachs, kter\u00fd je v Rusku jinak nechvaln\u011b zn\u00e1m\u00fdm autorem \u0161okov\u00e9 ekonomick\u00e9 transformace Ruska z 90. let, kdy byl poradcem Borise Jelcina,\u00a0<strong>podpo\u0159il v\u00fdrok sen\u00e1tora Richarda Blacka a na americk\u00e9 televizi Bloomberg prohl\u00e1sil [<a href=\"https:\/\/href.li\/?https:\/\/www.rt.com\/russia\/563998-sachs-nord-stream-bloomberg\/\" target=\"_blank\" rel=\"nofollow noopener\">3<\/a>], \u017ee za \u00fatokem na plynovody Nord Stream stoj\u00ed opravdu USA, proto\u017ee radarov\u00e1 data ukazuj\u00ed, \u017ee nad m\u00edstem exploz\u00ed kr\u00e1tce p\u0159edt\u00edm krou\u017eily americk\u00e9 vojensk\u00e9 helikopt\u00e9ry<\/strong>, kter\u00e9 vystartovaly ze z\u00e1kladny v Gda\u0148sku.<\/p>\n<p>A rovn\u011b\u017e i americk\u00fd prezident Joe Biden kr\u00e1tce p\u0159ed ruskou invaz\u00ed na Ukrajinu prohl\u00e1sil, \u017ee USA nedovol\u00ed zprovozn\u011bn\u00ed Nord Stream 2, \u017ee prost\u011b ten projekt zni\u010d\u00ed tak \u010di onak\u00a0<strong>[<a href=\"https:\/\/href.li\/?https:\/\/www.youtube.com\/watch?v=xWUuhNd37WI\" target=\"_blank\" rel=\"nofollow noopener\">4<\/a>]<\/strong>. A dokonce americk\u00fd ministr zahrani\u010d\u00ed Antony Blinken minul\u00fd t\u00fdden prohl\u00e1sil\u00a0<strong>[<a href=\"https:\/\/href.li\/?https:\/\/www.state.gov\/secretary-antony-j-blinken-and-canadian-foreign-minister-melanie-joly-at-a-joint-press-availability\/\" target=\"_blank\" rel=\"nofollow noopener\">5<\/a>]<\/strong>, \u017ee zni\u010den\u00ed obou plynovod\u016f je p\u0159\u00edle\u017eitost\u00ed pro americk\u00e9 producenty LNG plynu, aby tuto situaci vyu\u017eili a vyvezli do Evropy co nejv\u00edce sv\u00e9ho plynu za sou\u010dasn\u00fdch vysok\u00fdch cen. Ch\u00e1pete?<\/p>\n<p>&nbsp;<\/p>\n<div id=\"rumble_v1k117w\">\n<div id=\"vid_v1k117w\" class=\"rumble_v1k117w-Rumble-cls\" tabindex=\"-1\">\n<div class=\"bigPlayUI ctp\">\n<div class=\"bigPlayUIInner ctp\"><div class='videoWrapper'>\r\n\t            <iframe src='https:\/\/rumble.com\/embed\/pj.v1k117w\/' frameborder='0' allowfullscreen><\/iframe>\r\n\t        <\/div><\/div>\n<\/div>\n<\/div>\n<\/div>\n<p>&nbsp;<\/p>\n<p>Evrop\u0161t\u00ed politici p\u0159ivedou Evropu do nejv\u011bt\u0161\u00ed inflace za n\u011bkolik posledn\u00edch dek\u00e1d, p\u0159inesou lidem hroziv\u00e9 faktury za energie, p\u0159inesou jim zimu, p\u0159ivedou Evropu do vymy\u0161len\u00e9 v\u00e1lky s Ruskem, proti kter\u00e9mu ob\u010dan\u00e9 EU nic nemaj\u00ed, Rusko evropsk\u00fdm ob\u010dan\u016fm nic neprovedlo \u0161patn\u00e9ho (<em>Ukrajina si sama m\u016f\u017ee za sou\u010dasnou situaci<\/em>), ale ve jm\u00e9nu ukronacistick\u00e9 junty v Kyjev\u011b \u017eenou celou Evropu do ekonomick\u00e9ho a energetick\u00e9ho kolapsu. Fabriky v zem\u00edch EU jsou na pokraji krach\u016f, \u0161\u00ed\u0159\u00ed se informace z centr\u00e1ly VW, \u017ee Volkswagen chce ukon\u010dit v\u00fdrobu ve St\u0159edn\u00ed Evrop\u011b, a to kv\u016fli vysok\u00fdm cen\u00e1m plynu a elekt\u0159iny a p\u0159esunout v\u00fdrobu na jihoz\u00e1pad a sever Evropy, kde maj\u00ed LNG termin\u00e1ly. A v t\u00e9to situaci politici nab\u00edz\u00ed lidem svetry! A nejen svetry, ty jsou toti\u017e drah\u00e9, nov\u011b jsou v kurzu lacin\u00e9 deky!<\/p>\n<h6><span style=\"font-size: 18pt;\">VIDEO: Studenti v \u010desk\u00e9 \u0161kole nabalen\u00ed v dek\u00e1ch se stali hitem rusk\u00fdch m\u00e9di\u00ed<\/span><\/h6>\n<p>Rusk\u00e1 m\u00e9dia a dokonce i rusk\u00e1 televize p\u0159inesla kr\u00e1tk\u00e9 video z jedn\u00e9 bl\u00ed\u017ee neur\u010den\u00e9 \u010desk\u00e9 \u0161koly nebo gymn\u00e1zia, kde jsou studenti nabaleni do dek b\u011bhem vyu\u010dov\u00e1n\u00ed.\u00a0<strong>Provozovatel\u00e9 \u0161koly toti\u017e nemaj\u00ed v rozpo\u010dtech pen\u00edze na placen\u00ed enormn\u00edch faktur za plyn a elekt\u0159inu, tak\u017ee \u0161kola nakoupila deky a rozdala je student\u016fm.<\/strong>\u00a0Deky toti\u017e vyjdou levn\u011bji ne\u017e faktury od \u010desk\u00e9ho polost\u00e1tn\u00edho \u010cEZu nebo od dodavatel\u016f plynu. Deky jsou pou\u017eiteln\u00e9 do ur\u010dit\u00e9 teploty, ale pokud se \u0161kola rozhodne netopit d\u00e9le, st\u011bny budovy prochladnou a z\u00edskaj\u00ed akumula\u010dn\u00ed z\u00e1porn\u00fd koeficient, co\u017e je vysoce nebezpe\u010dn\u00e9 a zn\u00e1 to ka\u017ed\u00fd zku\u0161en\u00fd spr\u00e1vce velk\u00fdch budov.<\/p>\n<p>&nbsp;<\/p>\n<div id=\"rumble_v1k11k4\">\n<div id=\"vid_v1k11k4\" class=\"rumble_v1k11k4-Rumble-cls\" tabindex=\"-1\">\n<div class=\"bigPlayUI ctp\">\n<div class=\"bigPlayUIInner ctp\"><div class='videoWrapper'>\r\n\t            <iframe src='https:\/\/rumble.com\/embed\/pj.v1k11k4\/' frameborder='0' allowfullscreen><\/iframe>\r\n\t        <\/div><\/div>\n<\/div>\n<\/div>\n<\/div>\n<p>&nbsp;<\/p>\n<p>Prochladl\u00e9 st\u011bny, kdy\u017e se n\u011bkolik dn\u00ed netop\u00ed, z\u00edskaj\u00ed akumula\u010dn\u00ed efekt a p\u0159i n\u00e1sledn\u00e9m zatopen\u00ed za\u010dnou pohlcovat ve\u0161ker\u00e9 teplo jako houba, tak\u017ee o to v\u00edce paliva se spot\u0159ebuje na odstran\u011bn\u00ed negativn\u00edho teplotn\u00edho potenci\u00e1lu st\u011bn v budov\u011b. Spr\u00e1vci \u010desk\u00fdch \u0161kol se s t\u00edmto fenom\u00e9nem je\u0161t\u011b nesetkali, proto\u017ee nem\u011bli od konce II. sv. v\u00e1lky p\u0159\u00edle\u017eitost. Letos ale p\u0159\u00edle\u017eitost m\u00edt budou. Pokud \u010desk\u00e1 vl\u00e1da nezn\u00e1rodn\u00ed \u010cEZ a elektr\u00e1rny v \u010cR, a pokud nepodep\u00ed\u0161e p\u0159\u00edm\u00fd kontrakt s Gazpromem, bude m\u00edt vl\u00e1da v polovin\u011b ledna na krku povst\u00e1n\u00ed v ulic\u00edch. A je potom jedno, jestli bude na teplom\u011bru m\u00ednus 5 nebo m\u00ednus 15, proto\u017ee lid\u00e9 budou vztekem na t\u011bch ulic\u00edch rozp\u00e1leni dob\u011bla. Deky a ani svetry u\u017e potom vl\u00e1d\u011b nepomohou.<\/p>\n<p>-VK- \u0160\u00e9fredaktor AE News<\/p>\n<p><a href=\"https:\/\/aeronet.news\/video-americky-senator-richard-black-prohlasil-ze-kancler-olaf-scholz-musel-dat-souhlas-americke-cia-a-ministerstvu-obrany-usa-ke-zniceni-obou-vetvi-plynovodu-nord-stream\/\">ZDROJ<\/a><\/p>\n<p>&nbsp;<\/p>\n","protected":false},"excerpt":{"rendered":"<p>Americk\u00fd sen\u00e1tor Richard Black prohl\u00e1sil, \u017ee kancl\u00e9\u0159 Olaf Scholz musel d\u00e1t souhlas americk\u00e9 CIA a&#8230;<\/p>\n","protected":false},"author":2,"featured_media":16235,"comment_status":"closed","ping_status":"closed","sticky":false,"template":"","format":"standard","meta":[],"categories":[6],"tags":[2805,29,371,415,1554,451],"_links":{"self":[{"href":"https:\/\/www.infokuryr.cz\/n\/wp-json\/wp\/v2\/posts\/16234"}],"collection":[{"href":"https:\/\/www.infokuryr.cz\/n\/wp-json\/wp\/v2\/posts"}],"about":[{"href":"https:\/\/www.infokuryr.cz\/n\/wp-json\/wp\/v2\/types\/post"}],"author":[{"embeddable":true,"href":"https:\/\/www.infokuryr.cz\/n\/wp-json\/wp\/v2\/users\/2"}],"replies":[{"embeddable":true,"href":"https:\/\/www.infokuryr.cz\/n\/wp-json\/wp\/v2\/comments?post=16234"}],"version-history":[{"count":0,"href":"https:\/\/www.infokuryr.cz\/n\/wp-json\/wp\/v2\/posts\/16234\/revisions"}],"wp:featuredmedia":[{"embeddable":true,"href":"https:\/\/www.infokuryr.cz\/n\/wp-json\/wp\/v2\/media\/16235"}],"wp:attachment":[{"href":"https:\/\/www.infokuryr.cz\/n\/wp-json\/wp\/v2\/media?parent=16234"}],"wp:term":[{"taxonomy":"category","embeddable":true,"href":"https:\/\/www.infokuryr.cz\/n\/wp-json\/wp\/v2\/categories?post=16234"},{"taxonomy":"post_tag","embeddable":true,"href":"https:\/\/www.infokuryr.cz\/n\/wp-json\/wp\/v2\/tags?post=16234"}],"curies":[{"name":"wp","href":"https:\/\/api.w.org\/{rel}","templated":true}]}}